{"id":260434,"date":"2025-07-20T05:49:12","date_gmt":"2025-07-20T05:49:12","guid":{"rendered":"https:\/\/www.europesays.com\/fr\/260434\/"},"modified":"2025-07-20T05:49:12","modified_gmt":"2025-07-20T05:49:12","slug":"de-nouvelles-regles-sur-la-tva-pour-les-ventes-a-distance-de-biens-importes","status":"publish","type":"post","link":"https:\/\/www.europesays.com\/fr\/260434\/","title":{"rendered":"de nouvelles r\u00e8gles sur la TVA pour les ventes \u00e0 distance de biens import\u00e9s"},"content":{"rendered":"<p>&#13;<br \/>\n                        UE : de nouvelles r\u00e8gles sur la TVA pour les ventes \u00e0 distance de biens import\u00e9s&#13;\n                    <\/p>\n<p style=\"text-align:\">Le Conseil de l&rsquo;Union europ\u00e9enne (UE) a adopt\u00e9 vendredi 18 juillet de nouvelles r\u00e8gles relatives \u00e0 la taxe sur la valeur ajout\u00e9e (TVA) pour les ventes \u00e0 distance de biens import\u00e9s.<\/p>\n<p><a href=\"https:\/\/lecourrier.vn\/choose-france-amazon-investira-12-milliard-deuros-dans-lia-et-ses-entrepots\/1231683.html\" title=\"Choose France : Amazon investira 1,2 milliard d&#039;euros dans l&#039;IA et ses entrep\u00f4ts\" rel=\"nofollow noopener\" target=\"_blank\">&gt;&gt; Choose France : Amazon investira 1,2 milliard d&rsquo;euros dans l&rsquo;IA et ses entrep\u00f4ts<\/a><\/p>\n<p><a href=\"https:\/\/lecourrier.vn\/le-chinois-alibaba-enregistre-en-repli-de-29-de-son-benefice-trimestriel\/1267349.html\" title=\"Le chinois Alibaba enregistre en repli de 29% de son b\u00e9n\u00e9fice trimestriel\" rel=\"nofollow noopener\" target=\"_blank\">&gt;&gt; Le chinois Alibaba enregistre en repli de 29% de son b\u00e9n\u00e9fice trimestriel<\/a><\/p>\n<p><a href=\"https:\/\/lecourrier.vn\/les-ventes-en-ligne-grimpent-en-2024\/1277553.html\" title=\"Les ventes en ligne grimpent en 2024\" rel=\"nofollow noopener\" target=\"_blank\">&gt;&gt; Les ventes en ligne grimpent en 2024<\/a><\/p>\n<tr>\n<td class=\"pic\"><img decoding=\"async\" class=\"lazyload\" src=\"https:\/\/www.europesays.com\/fr\/wp-content\/uploads\/2025\/07\/145220-2025071934ba6f96f957441fad55b01d1dc5588b_xxjifrf007003_20250719_cbmfn0a001.jpg\" alt=\"\"\/><\/td>\n<\/tr>\n<tr>\n<td class=\"caption\">Les drapeaux de l&rsquo;Union europ\u00e9enne flottent devant le Berlaymont, le si\u00e8ge de la Commission europ\u00e9enne, \u00e0 Bruxelles, en Belgique, le 29 janvier 2025.\u00a0<\/td>\n<\/tr>\n<tr align=\"right\">\n<td class=\"author\">Photo : Xinhua\/VNA\/CVN<\/td>\n<\/tr>\n<p style=\"text-align:left\">Ces nouvelles r\u00e8gles, qui s&rsquo;appliqueront \u00e0 compter du 1er juillet 2028, visent \u00e0 am\u00e9liorer la perception de la TVA sur les importations en faisant en sorte que les fournisseurs soient responsables du paiement de la TVA sur les importations, et non plus les consommateurs europ\u00e9ens, comme c&rsquo;est actuellement le cas, pr\u00e9cise le Conseil dans un communiqu\u00e9.<\/p>\n<p style=\"text-align:left\">Concr\u00e8tement, les commer\u00e7ants et plateformes non europ\u00e9ens seront d\u00e9sormais redevables de la TVA sur les biens import\u00e9s, pay\u00e9e dans l&rsquo;\u00c9tat membre de destination finale des biens. Gr\u00e2ce au guichet unique \u00e0 l&rsquo;importation (Import one-stop-shop, IOSS), d\u00e9j\u00e0 en place, il suffit pour eux de s&rsquo;enregistrer dans un seul Etat membre, m\u00eame lorsque les ventes sont effectu\u00e9es dans l&rsquo;ensemble de l&rsquo;UE.<\/p>\n<p style=\"text-align:left\">Selon le communiqu\u00e9, puisque l&rsquo;IOSS permet de payer la TVA d&rsquo;avance, au moment o\u00f9 le consommateur ach\u00e8te le bien, plut\u00f4t qu&rsquo;\u00e0 la fronti\u00e8re, il prot\u00e8ge les recettes fiscales des \u00c9tats membres et renforce le respect des r\u00e8gles en mati\u00e8re de TVA en ce qui concerne les importations. Il transf\u00e8re \u00e9galement la charge de la perception de la TVA des acqu\u00e9reurs vers les plateformes.<\/p>\n<p style=\"text-align:right\"><b>Xinhua\/VNA\/CVN<\/b><\/p>\n","protected":false},"excerpt":{"rendered":"&#13; UE : de nouvelles r\u00e8gles sur la TVA pour les ventes \u00e0 distance de biens import\u00e9s&#13; Le&hellip;\n","protected":false},"author":2,"featured_media":260435,"comment_status":"","ping_status":"","sticky":false,"template":"","format":"standard","meta":{"footnotes":""},"categories":[1586],"tags":[11,7027,1777,674,1779,1011,27,12,25,7121,1778,364],"class_list":{"0":"post-260434","1":"post","2":"type-post","3":"status-publish","4":"format-standard","5":"has-post-thumbnail","7":"category-europe","8":"tag-actualites","9":"tag-e-commerce","10":"tag-eu","11":"tag-europe","12":"tag-european-union","13":"tag-fr","14":"tag-france","15":"tag-news","16":"tag-republique-francaise","17":"tag-tva","18":"tag-ue","19":"tag-union-europeenne"},"share_on_mastodon":{"url":"https:\/\/pubeurope.com\/@fr\/114883996143076347","error":""},"_links":{"self":[{"href":"https:\/\/www.europesays.com\/fr\/wp-json\/wp\/v2\/posts\/260434","targetHints":{"allow":["GET"]}}],"collection":[{"href":"https:\/\/www.europesays.com\/fr\/wp-json\/wp\/v2\/posts"}],"about":[{"href":"https:\/\/www.europesays.com\/fr\/wp-json\/wp\/v2\/types\/post"}],"author":[{"embeddable":true,"href":"https:\/\/www.europesays.com\/fr\/wp-json\/wp\/v2\/users\/2"}],"replies":[{"embeddable":true,"href":"https:\/\/www.europesays.com\/fr\/wp-json\/wp\/v2\/comments?post=260434"}],"version-history":[{"count":0,"href":"https:\/\/www.europesays.com\/fr\/wp-json\/wp\/v2\/posts\/260434\/revisions"}],"wp:featuredmedia":[{"embeddable":true,"href":"https:\/\/www.europesays.com\/fr\/wp-json\/wp\/v2\/media\/260435"}],"wp:attachment":[{"href":"https:\/\/www.europesays.com\/fr\/wp-json\/wp\/v2\/media?parent=260434"}],"wp:term":[{"taxonomy":"category","embeddable":true,"href":"https:\/\/www.europesays.com\/fr\/wp-json\/wp\/v2\/categories?post=260434"},{"taxonomy":"post_tag","embeddable":true,"href":"https:\/\/www.europesays.com\/fr\/wp-json\/wp\/v2\/tags?post=260434"}],"curies":[{"name":"wp","href":"https:\/\/api.w.org\/{rel}","templated":true}]}}