{"id":260436,"date":"2025-07-20T05:50:09","date_gmt":"2025-07-20T05:50:09","guid":{"rendered":"https:\/\/www.europesays.com\/fr\/260436\/"},"modified":"2025-07-20T05:50:09","modified_gmt":"2025-07-20T05:50:09","slug":"fin-provisoire-des-combats-apres-une-semaine-sanglante","status":"publish","type":"post","link":"https:\/\/www.europesays.com\/fr\/260436\/","title":{"rendered":"fin provisoire des combats, apr\u00e8s une semaine sanglante"},"content":{"rendered":"<p>Les violences entre groupes druzes et b\u00e9douins sunnites qui ont \u00e9clat\u00e9 le 13 juillet dans la r\u00e9gion de Soueida, dans le sud de la Syrie, auraient fait 940 morts.<\/p>\n<p class=\"fig-paragraph\">Marco Rubio demande d\u2019emp\u00eacher l\u2019arriv\u00e9e de \u00abdjihadistes violents\u00bb, le gouvernement annonce un cessez-le-feu et les tribus ont \u00e9vacu\u00e9s la ville de Soue\u00efda&#8230; Le Figaro fait le point sur la situation au sud de la Syrie.<\/p>\n<p>Les b\u00e9douins \u00e9vacuent Soue\u00efda<\/p>\n<p class=\"fig-paragraph\">\u00abSoue\u00efda a \u00e9t\u00e9 \u00e9vacu\u00e9e de tous les combattants tribaux, et les combats dans les quartiers de la ville ont cess\u00e9\u00bb, a \u00e9crit sur Telegram le porte-parole du minist\u00e8re syrien de l\u2019Int\u00e9rieur Noureddine Al-Baba. Samedi, le pouvoir syrien avait annonc\u00e9 un cessez-le-feu dans la province de Soue\u00efda et commenc\u00e9 \u00e0 y red\u00e9ployer des forces dans l\u2019objectif d\u2019y r\u00e9tablir l\u2019ordre.<\/p>\n<p>                                    <a class=\"fig-a11y-skip a11y-hidden\" href=\"#fig-a11y-skip-main-inarticle\"><br \/>\n        Passer la publicit\u00e9<br \/>\n    <\/a><\/p>\n<p class=\"fig-paragraph\">Les violences entre groupes druzes et b\u00e9douins sunnites qui ont \u00e9clat\u00e9 le 13 juillet dans la r\u00e9gion de Soue\u00efda, dans le sud de la Syrie, ont fait 940 morts, selon l\u2019Observatoire syrien des droits de l\u2019homme (OSDH), une organisation bas\u00e9e \u00e0 Londres qui s\u2019appuie sur un vaste r\u00e9seau de sources \u00e0 travers le pays.<\/p>\n<p>Marco Rubio demande d\u2019emp\u00eacher l\u2019arriv\u00e9e de \u00abdjihadistes violents\u00bb<\/p>\n<p class=\"fig-paragraph\">Le secr\u00e9taire d&rsquo;\u00c9tat am\u00e9ricain Marco Rubio a exig\u00e9 samedi du gouvernement syrien qu&rsquo;il emp\u00eache l&rsquo;arriv\u00e9e de \u00abdjihadistes violents\u00bb dans le sud du pays,\u00a0<a href=\"http:\/\/www.lefigaro.fr\/international\/fiasco-des-troupes-syriennes-face-aux-druzes-soutenus-par-israel-tout-comprendre-au-conflit-qui-a-enflamme-soueida-20250717\" data-fig-type=\"Article\" data-gtm-custom-categorie=\"navigation\" data-gtm-custom-action=\"crossclick\" data-gtm-custom-label=\"Contextuel\" data-gtm-event=\"customEventSPE\" data-fig-domain=\"LEFIGARO\" rel=\"nofollow noopener\" target=\"_blank\">th\u00e9\u00e2tre d&rsquo;affrontements communautaires meurtriers<\/a>\u00a0depuis une semaine. Les autorit\u00e9s syriennes doivent utiliser \u00ableurs forces de s\u00e9curit\u00e9 pour emp\u00eacher l&rsquo;\u00c9tat islamique et autres jihadistes violents d&rsquo;entrer dans la r\u00e9gion et d&rsquo;y perp\u00e9trer des massacres\u00bb, a \u00e9crit Marco Rubio sur le r\u00e9seau social X.<\/p>\n<p class=\"fig-paragraph\">Le groupe \u00c9tat islamique avait pris le contr\u00f4le de vastes pans des territoires syrien et irakien au d\u00e9but de la guerre civile, qui a \u00e9clat\u00e9 en 2011, proclamant la cr\u00e9ation d&rsquo;un \u00abcalifat\u00bb transfrontalier en 2014. Les forces kurdes syriennes soutenues par les \u00c9tats-Unis l&rsquo;ont vaincu en 2019, mais les jihadistes ont maintenu une pr\u00e9sence, en particulier dans le vaste d\u00e9sert syrien.<\/p>\n<p>Un cessez-le-feu dans la province de Soue\u00efda<\/p>\n<p class=\"fig-paragraph\">Les forces gouvernementales \u00abdoivent \u00e9galement demander des comptes et traduire en justice toute personne coupable d&rsquo;atrocit\u00e9s, y compris dans leurs propres rangs\u00bb, a par ailleurs \u00e9crit le chef de la diplomatie am\u00e9ricaine. \u00abLes combats entre groupes druzes et b\u00e9douins dans la r\u00e9gion doivent aussi cesser imm\u00e9diatement\u00bb, a-t-il exig\u00e9.<\/p>\n<p class=\"fig-paragraph\">Le pouvoir syrien a annonc\u00e9 samedi un cessez-le-feu dans la province de Soue\u00efda et a commenc\u00e9 \u00e0 y red\u00e9ployer des forces dans l&rsquo;objectif d&rsquo;y r\u00e9tablir la paix, mais des journalistes de l&rsquo;AFP y ont encore observ\u00e9 des tirs, des incendies et des pillages dans la journ\u00e9e. Selon l&rsquo;OSDH, les combattants druzes ont repris le contr\u00f4le de la ville de Soue\u00efda, mais des combats continuent dans le reste de la province.<\/p>\n","protected":false},"excerpt":{"rendered":"Les violences entre groupes druzes et b\u00e9douins sunnites qui ont \u00e9clat\u00e9 le 13 juillet dans la r\u00e9gion de&hellip;\n","protected":false},"author":2,"featured_media":260437,"comment_status":"","ping_status":"","sticky":false,"template":"","format":"standard","meta":{"footnotes":""},"categories":[2],"tags":[11,25588,23398,73,1011,27,12,25,32],"class_list":{"0":"post-260436","1":"post","2":"type-post","3":"status-publish","4":"format-standard","5":"has-post-thumbnail","7":"category-actualites","8":"tag-actualites","9":"tag-djihadistes","10":"tag-etat-islamique","11":"tag-etats-unis","12":"tag-fr","13":"tag-france","14":"tag-news","15":"tag-republique-francaise","16":"tag-syrie"},"share_on_mastodon":{"url":"https:\/\/pubeurope.com\/@fr\/114884000121916677","error":""},"_links":{"self":[{"href":"https:\/\/www.europesays.com\/fr\/wp-json\/wp\/v2\/posts\/260436","targetHints":{"allow":["GET"]}}],"collection":[{"href":"https:\/\/www.europesays.com\/fr\/wp-json\/wp\/v2\/posts"}],"about":[{"href":"https:\/\/www.europesays.com\/fr\/wp-json\/wp\/v2\/types\/post"}],"author":[{"embeddable":true,"href":"https:\/\/www.europesays.com\/fr\/wp-json\/wp\/v2\/users\/2"}],"replies":[{"embeddable":true,"href":"https:\/\/www.europesays.com\/fr\/wp-json\/wp\/v2\/comments?post=260436"}],"version-history":[{"count":0,"href":"https:\/\/www.europesays.com\/fr\/wp-json\/wp\/v2\/posts\/260436\/revisions"}],"wp:featuredmedia":[{"embeddable":true,"href":"https:\/\/www.europesays.com\/fr\/wp-json\/wp\/v2\/media\/260437"}],"wp:attachment":[{"href":"https:\/\/www.europesays.com\/fr\/wp-json\/wp\/v2\/media?parent=260436"}],"wp:term":[{"taxonomy":"category","embeddable":true,"href":"https:\/\/www.europesays.com\/fr\/wp-json\/wp\/v2\/categories?post=260436"},{"taxonomy":"post_tag","embeddable":true,"href":"https:\/\/www.europesays.com\/fr\/wp-json\/wp\/v2\/tags?post=260436"}],"curies":[{"name":"wp","href":"https:\/\/api.w.org\/{rel}","templated":true}]}}