{"id":260442,"date":"2025-07-20T05:53:23","date_gmt":"2025-07-20T05:53:23","guid":{"rendered":"https:\/\/www.europesays.com\/fr\/260442\/"},"modified":"2025-07-20T05:53:23","modified_gmt":"2025-07-20T05:53:23","slug":"genesis-scottish-open-un-deuxieme-top-25-pour-rozner-2","status":"publish","type":"post","link":"https:\/\/www.europesays.com\/fr\/260442\/","title":{"rendered":"Genesis Scottish Open : Un deuxi\u00e8me top 25 pour Rozner"},"content":{"rendered":"<p>C\u00f4t\u00e9 fran\u00e7ais, les espoirs d&rsquo;une belle performance apr\u00e8s 72 trous \u00e9taient r\u00e9els au d\u00e9part ce matin en raison du 7e rang occup\u00e9 par <strong>Antoine Rozner<\/strong>. Si le Racingman a conc\u00e9d\u00e9 deux bogeys d&rsquo;entr\u00e9e de jeu, trois birdies en milieu de partie lui ont permis de r\u00eaver \u00e0 un top 10, mais la fin de parcours a eu raison de ses espoirs. Un double au 15, suivi d&rsquo;un encha\u00eenement bogey, birdie, bogey l&rsquo;ont condamn\u00e9 \u00e0 une carte de 72 (+2) qui lui a fait perdre quinze places, pour finir au 22e rang \u00e0 -5. Rozner a toutefois de quoi \u00eatre satisfait de sa semaine de pr\u00e9paration de British Open puisqu&rsquo;il a r\u00e9alis\u00e9 en terre \u00e9cossaise sa deuxi\u00e8me meilleure performance de la saison sur le circuit am\u00e9ricain, apr\u00e8s la 13e place obtenue d\u00e9but mai \u00e0 la <strong>CJ Cup Byron Nelson<\/strong>.<\/p>\n<p>Derri\u00e8re, <strong>Ugo Coussaud<\/strong> (71) et <strong>Victor Perez<\/strong> (72) ont fini 43es \u00e0 -3 ; <strong>Romain Langasqu<\/strong>e (75) 55e dans le par ; et <strong>Martin Couvra <\/strong>(72) 73e \u00e0 +4.<\/p>\n","protected":false},"excerpt":{"rendered":"C\u00f4t\u00e9 fran\u00e7ais, les espoirs d&rsquo;une belle performance apr\u00e8s 72 trous \u00e9taient r\u00e9els au d\u00e9part ce matin en raison&hellip;\n","protected":false},"author":2,"featured_media":256841,"comment_status":"","ping_status":"","sticky":false,"template":"","format":"standard","meta":{"footnotes":""},"categories":[1418],"tags":[1011,27,1472,60],"class_list":{"0":"post-260442","1":"post","2":"type-post","3":"status-publish","4":"format-standard","5":"has-post-thumbnail","7":"category-golf","8":"tag-fr","9":"tag-france","10":"tag-golf","11":"tag-sports"},"share_on_mastodon":{"url":"https:\/\/pubeurope.com\/@fr\/114884011778710024","error":""},"_links":{"self":[{"href":"https:\/\/www.europesays.com\/fr\/wp-json\/wp\/v2\/posts\/260442","targetHints":{"allow":["GET"]}}],"collection":[{"href":"https:\/\/www.europesays.com\/fr\/wp-json\/wp\/v2\/posts"}],"about":[{"href":"https:\/\/www.europesays.com\/fr\/wp-json\/wp\/v2\/types\/post"}],"author":[{"embeddable":true,"href":"https:\/\/www.europesays.com\/fr\/wp-json\/wp\/v2\/users\/2"}],"replies":[{"embeddable":true,"href":"https:\/\/www.europesays.com\/fr\/wp-json\/wp\/v2\/comments?post=260442"}],"version-history":[{"count":0,"href":"https:\/\/www.europesays.com\/fr\/wp-json\/wp\/v2\/posts\/260442\/revisions"}],"wp:featuredmedia":[{"embeddable":true,"href":"https:\/\/www.europesays.com\/fr\/wp-json\/wp\/v2\/media\/256841"}],"wp:attachment":[{"href":"https:\/\/www.europesays.com\/fr\/wp-json\/wp\/v2\/media?parent=260442"}],"wp:term":[{"taxonomy":"category","embeddable":true,"href":"https:\/\/www.europesays.com\/fr\/wp-json\/wp\/v2\/categories?post=260442"},{"taxonomy":"post_tag","embeddable":true,"href":"https:\/\/www.europesays.com\/fr\/wp-json\/wp\/v2\/tags?post=260442"}],"curies":[{"name":"wp","href":"https:\/\/api.w.org\/{rel}","templated":true}]}}