{"id":260443,"date":"2025-07-20T05:55:14","date_gmt":"2025-07-20T05:55:14","guid":{"rendered":"https:\/\/www.europesays.com\/fr\/260443\/"},"modified":"2025-07-20T05:55:14","modified_gmt":"2025-07-20T05:55:14","slug":"xv-de-france-le-defi-face-aux-champions-du-monde-le-prochain-match-des-bleus-contre-lafrique-du-sud","status":"publish","type":"post","link":"https:\/\/www.europesays.com\/fr\/260443\/","title":{"rendered":"XV de France. Le d\u00e9fi face aux champions du monde\u00a0: le prochain match des Bleus contre l\u2019Afrique du Sud"},"content":{"rendered":"<p>\n                Apr\u00e8s cette tourn\u00e9e en Nouvelle-Z\u00e9lande, le XV de France retrouvera l\u2019Afrique du Sud en novembre au Stade de France. Un immense d\u00e9fi pour les hommes de Fabien Galthi\u00e9.\n            <\/p>\n<p>En Nouvelle-Z\u00e9lande les Bleus n\u2019ont pas r\u00e9ussi l\u2019exploit de remporter la tourn\u00e9e face aux Blacks. Malgr\u00e9 tout, Fabien Galthi\u00e9 aura encore du pain sur la planche avant la tourn\u00e9e\u00a0automnale. Au pays au long nuage blanc des joueurs se sont encore r\u00e9v\u00e9l\u00e9s, d\u2019autres ont confirm\u00e9 leurs aptitudes au haut niveau. Cela tombe bien car les Bleus auront fort \u00e0 faire pour la tourn\u00e9e de cet automne avec un premier match contre les doubles champions du monde.<\/p>\n<p>L\u2019Afrique du Sud au menu<\/p>\n<p>En effet, les Tricolores retrouveront leur bourreau du dernier Mondial. Ce sont les Springboks qui se pr\u00e9senteront face au XV de France le 8 novembre au Stade de France. \u00c9videmment, les Bleus auront \u00e0 c\u0153ur de laver l\u2019affront de la Coupe du Monde. Apr\u00e8s cette rencontre, les Fran\u00e7ais affronteront les Fidji \u00e0 Bordeaux, puis les Australiens \u00e0 nouveau \u00e0 Saint-Denis.<\/p>\n","protected":false},"excerpt":{"rendered":"Apr\u00e8s cette tourn\u00e9e en Nouvelle-Z\u00e9lande, le XV de France retrouvera l\u2019Afrique du Sud en novembre au Stade de&hellip;\n","protected":false},"author":2,"featured_media":260444,"comment_status":"","ping_status":"","sticky":false,"template":"","format":"standard","meta":{"footnotes":""},"categories":[1416],"tags":[1011,27,479,1468,60],"class_list":{"0":"post-260443","1":"post","2":"type-post","3":"status-publish","4":"format-standard","5":"has-post-thumbnail","7":"category-rugby","8":"tag-fr","9":"tag-france","10":"tag-rugby","11":"tag-rugby-football","12":"tag-sports"},"share_on_mastodon":{"url":"https:\/\/pubeurope.com\/@fr\/114884019668178699","error":""},"_links":{"self":[{"href":"https:\/\/www.europesays.com\/fr\/wp-json\/wp\/v2\/posts\/260443","targetHints":{"allow":["GET"]}}],"collection":[{"href":"https:\/\/www.europesays.com\/fr\/wp-json\/wp\/v2\/posts"}],"about":[{"href":"https:\/\/www.europesays.com\/fr\/wp-json\/wp\/v2\/types\/post"}],"author":[{"embeddable":true,"href":"https:\/\/www.europesays.com\/fr\/wp-json\/wp\/v2\/users\/2"}],"replies":[{"embeddable":true,"href":"https:\/\/www.europesays.com\/fr\/wp-json\/wp\/v2\/comments?post=260443"}],"version-history":[{"count":0,"href":"https:\/\/www.europesays.com\/fr\/wp-json\/wp\/v2\/posts\/260443\/revisions"}],"wp:featuredmedia":[{"embeddable":true,"href":"https:\/\/www.europesays.com\/fr\/wp-json\/wp\/v2\/media\/260444"}],"wp:attachment":[{"href":"https:\/\/www.europesays.com\/fr\/wp-json\/wp\/v2\/media?parent=260443"}],"wp:term":[{"taxonomy":"category","embeddable":true,"href":"https:\/\/www.europesays.com\/fr\/wp-json\/wp\/v2\/categories?post=260443"},{"taxonomy":"post_tag","embeddable":true,"href":"https:\/\/www.europesays.com\/fr\/wp-json\/wp\/v2\/tags?post=260443"}],"curies":[{"name":"wp","href":"https:\/\/api.w.org\/{rel}","templated":true}]}}