{"id":260447,"date":"2025-07-20T05:58:12","date_gmt":"2025-07-20T05:58:12","guid":{"rendered":"https:\/\/www.europesays.com\/fr\/260447\/"},"modified":"2025-07-20T05:58:12","modified_gmt":"2025-07-20T05:58:12","slug":"confiance-et-perspectives-pour-la-reconduction-chez-honda-hrc-en-2026","status":"publish","type":"post","link":"https:\/\/www.europesays.com\/fr\/260447\/","title":{"rendered":"Confiance et perspectives pour la reconduction chez Honda HRC en 2026"},"content":{"rendered":"<p>Bien que son contrat actuel expire \u00e0 la fin de la saison 2025, il reste optimiste quant \u00e0 son avenir avec l&rsquo;\u00e9quipe japonaise. Marini a indiqu\u00e9 que les discussions pour une prolongation de contrat \u00e9taient d\u00e9j\u00e0 en cours, soulignant une relation positive avec la direction de Honda.<\/p>\n<blockquote>\n<p>\u201cen r\u00e9alit\u00e9, nous avons toujours \u00e9t\u00e9 proches. Nous ne parlions que de d\u00e9tails \u00e0 cette \u00e9poque, mais \u00e0 chaque fois, avec Alberto Puig et toute la direction japonaise, j\u2019ai une tr\u00e8s bonne relation. Nous savons depuis le d\u00e9but quel sera l\u2019avenir de la saison prochaine, donc ce n\u2019est qu\u2019une question de temps, mais nous sommes heureux.\u201d Explique Marini, source : <a href=\"http:\/\/paddock-gp.com\" rel=\"nofollow noopener\" target=\"_blank\">paddock-gp.com<\/a>\u00a0<\/p>\n<\/blockquote>\n<p>\u00a0<\/p>\n<p><b>Performances et d\u00e9veloppement de la RC213V<\/b><\/p>\n<p>Depuis son arriv\u00e9e chez Honda en 2024, Marini a jou\u00e9 un r\u00f4le cl\u00e9 dans le d\u00e9veloppement de la moto. Ses performances en 2025, notamment un huiti\u00e8me place au Grand Prix des Am\u00e9riques, t\u00e9moignent de ses progr\u00e8s et de son adaptation \u00e0 la moto. Il a \u00e9galement soulign\u00e9 les efforts de l&rsquo;\u00e9quipe pour am\u00e9liorer la machine, avec des mises \u00e0 jour pr\u00e9vues \u00e0 partir de la seconde moiti\u00e9 de la saison.<\/p>\n<p>Malgr\u00e9 la confiance de Marini, la situation reste fluide. Des rumeurs sugg\u00e8rent que Johann Zarco pourrait remplacer Marini dans l&rsquo;\u00e9quipe officielle Honda en 2026, bien que ces discussions soient encore en cours. Marini, quant \u00e0 lui, reste concentr\u00e9 sur ses performances actuelles et sur le d\u00e9veloppement de la moto, esp\u00e9rant que ses efforts contribueront \u00e0 sa reconduction pour la saison suivante.<\/p>\n<p>Luca Marini affiche une attitude positive et d\u00e9termin\u00e9e concernant son avenir chez Honda HRC. Bien que des discussions soient en cours et que la concurrence soit pr\u00e9sente, il demeure confiant dans sa reconduction pour la saison 2026, misant sur ses performances et son r\u00f4le dans le d\u00e9veloppement de la RC213V.<\/p>\n<p>    Partagez cette info avec vos amis et vos proches en cliquant ici  <\/p>\n<p> Podcasts \u00e0 la une MEN LIFE <\/p>\n<p>    MotoGP : Luca Marini optimiste pour sa reconduction chez Honda HRC en 2026\u2028<\/p>\n<p>Luca Marini, actuellement pilote chez Honda HRC, reste confiant quant \u00e0 une prolongation de contrat pour la saison 2026. Bien que des rumeurs sur son avenir circulent, il est convaincu que sa bonne relation avec la direction de Honda et ses performances r\u00e9centes garantiront sa place pour l&rsquo;ann\u00e9e suivante.<\/p>\n<p>R\u00e9dacteur<\/p>\n<p><img decoding=\"async\" width=\"76\" height=\"76\" loading=\"lazy\" src=\"https:\/\/www.europesays.com\/fr\/wp-content\/uploads\/2025\/04\/avatar-sport-am.png\" alt=\"Victor Teyssier\"\/><\/p>\n","protected":false},"excerpt":{"rendered":"Bien que son contrat actuel expire \u00e0 la fin de la saison 2025, il reste optimiste quant \u00e0&hellip;\n","protected":false},"author":2,"featured_media":260448,"comment_status":"","ping_status":"","sticky":false,"template":"","format":"standard","meta":{"footnotes":""},"categories":[1413],"tags":[1011,27,1457,1456,60],"class_list":{"0":"post-260447","1":"post","2":"type-post","3":"status-publish","4":"format-standard","5":"has-post-thumbnail","7":"category-moto","8":"tag-fr","9":"tag-france","10":"tag-moto","11":"tag-motocycle","12":"tag-sports"},"share_on_mastodon":{"url":"https:\/\/pubeurope.com\/@fr\/114884031594524261","error":""},"_links":{"self":[{"href":"https:\/\/www.europesays.com\/fr\/wp-json\/wp\/v2\/posts\/260447","targetHints":{"allow":["GET"]}}],"collection":[{"href":"https:\/\/www.europesays.com\/fr\/wp-json\/wp\/v2\/posts"}],"about":[{"href":"https:\/\/www.europesays.com\/fr\/wp-json\/wp\/v2\/types\/post"}],"author":[{"embeddable":true,"href":"https:\/\/www.europesays.com\/fr\/wp-json\/wp\/v2\/users\/2"}],"replies":[{"embeddable":true,"href":"https:\/\/www.europesays.com\/fr\/wp-json\/wp\/v2\/comments?post=260447"}],"version-history":[{"count":0,"href":"https:\/\/www.europesays.com\/fr\/wp-json\/wp\/v2\/posts\/260447\/revisions"}],"wp:featuredmedia":[{"embeddable":true,"href":"https:\/\/www.europesays.com\/fr\/wp-json\/wp\/v2\/media\/260448"}],"wp:attachment":[{"href":"https:\/\/www.europesays.com\/fr\/wp-json\/wp\/v2\/media?parent=260447"}],"wp:term":[{"taxonomy":"category","embeddable":true,"href":"https:\/\/www.europesays.com\/fr\/wp-json\/wp\/v2\/categories?post=260447"},{"taxonomy":"post_tag","embeddable":true,"href":"https:\/\/www.europesays.com\/fr\/wp-json\/wp\/v2\/tags?post=260447"}],"curies":[{"name":"wp","href":"https:\/\/api.w.org\/{rel}","templated":true}]}}