{"id":260456,"date":"2025-07-20T06:03:11","date_gmt":"2025-07-20T06:03:11","guid":{"rendered":"https:\/\/www.europesays.com\/fr\/260456\/"},"modified":"2025-07-20T06:03:11","modified_gmt":"2025-07-20T06:03:11","slug":"des-tableaux-de-bernard-buffet-voles-dans-le-gers-comment-ses-toiles-de-clowns-ont-rendu-le-peintre-si-celebre","status":"publish","type":"post","link":"https:\/\/www.europesays.com\/fr\/260456\/","title":{"rendered":"Des tableaux de Bernard Buffet vol\u00e9s dans le Gers\u00a0: comment ses toiles de clowns ont rendu le peintre si c\u00e9l\u00e8bre"},"content":{"rendered":"<p>\n                                                                    l&rsquo;essentiel<br \/>\n                                                                En d\u00e9cembre dernier, six hommes se sont introduits au domicile d\u2019un collectionneur pour y d\u00e9rober des \u0153uvres de Bernard Buffet. La police a finalement mis la main dessus. Parmi ces toiles, les fameux clowns qui font la renomm\u00e9e du peintre.\n                            <\/p>\n<p data-end=\"558\" data-start=\"263\">La D\u00e9p\u00eache avait r\u00e9v\u00e9l\u00e9 l\u2019affaire\u00a0: onze toiles disparues en d\u00e9cembre dernier dans le Gers, <a href=\"https:\/\/www.ladepeche.fr\/2025\/07\/04\/info-la-depeche-onze-tableaux-dont-le-clown-de-bernard-buffet-voles-chez-un-collectionneur-du-gers-6-personnes-arretees-a-marseille-12805772.php\" target=\"_self\" rel=\"nofollow noopener\">retrouv\u00e9es six mois plus tard<\/a> \u00e0 Marseille. Et pas n\u2019importe quelles toiles, elles \u00e9taient toutes sign\u00e9es du c\u00e9l\u00e8bre peintre Bernard Buffet. Deux de ces \u0153uvres, estim\u00e9es \u00e0 plusieurs centaines de milliers d\u2019euro, faisaient m\u00eame partie de sa fameuse s\u00e9rie de\u00a0clowns\u00a0: Le Clown au pot de chambre et Le Clown militaire, tout deux deux datatant de 1968.<\/p>\n<p class=\"std-elt__inline\">\n        <strong>\u00c0 lire aussi :<\/strong><br \/>\n        <a href=\"https:\/\/www.ladepeche.fr\/2025\/07\/20\/recit-tableaux-de-bernard-buffet-voles-une-nuit-deffroi-pour-le-collectionneur-gersois-qui-est-reste-cache-pendant-le-cambriolage-12818002.php\" rel=\"nofollow noopener\" target=\"_blank\">R\u00c9CIT. Tableaux de Bernard Buffet vol\u00e9s\u00a0: une nuit d\u2019effroi pour le collectionneur gersois qui est rest\u00e9 cach\u00e9 pendant le cambriolage<\/a>\n    <\/p>\n<p data-end=\"558\" data-start=\"263\">Au cours de sa vie, l\u2019artiste a encha\u00een\u00e9\u00a0les portraits de ces personnages maquill\u00e9s, qui ont particip\u00e9 \u00e0 sa renomm\u00e9e.\u00a0Un clown, chez Buffet, n\u2019a rien de comique. C\u2019est un masque tragique, une grimace d\u2019\u00e9poque. Traits noirs anguleux, regards vides ou noy\u00e9s, couleurs \u00e9teintes\u00a0: ces figures font pleurer la peinture elle-m\u00eame.<\/p>\n<p>Affiches et calendriers<\/p>\n<p data-end=\"793\" data-start=\"122\">Les clowns de Buffet prennent naissance dans l\u2019apr\u00e8s-guerre. Leur d\u00e9solation trouve un \u00e9cho particulier dans ce contexte.\u00a0Ainsi, le peintre fran\u00e7ais\u00a0transgresse les fronti\u00e8res de\u00a0l\u2019art moderne et l\u2019art classique et s\u2019installe comme un pionnier de l\u2019art contemporain. Il est m\u00eame compar\u00e9 \u00e0 Picasso.<\/p>\n<p data-end=\"793\" data-start=\"122\">Les \u0153uvres de Buffet s\u00e9duisent par leur intensit\u00e9. Elles ont ainsi \u00e9t\u00e9 reproduites en affiches, en calendriers\u2026 ce qui a contribu\u00e9 \u00e0 accro\u00eetre leur notori\u00e9t\u00e9. Comme les Tournesols pour Van Gogh ou les Nymph\u00e9as pour Monet, les clowns deviennent sa signature. Les collectionneurs veulent alors mettre la main sur du \u00ab\u00a0Buffet par excellence\u00a0\u00bb. Les prix s\u2019envolent et atteignent plusieurs centaines de milliers d\u2019euros par tableau.<\/p>\n<p>M\u00e9pris\u00e9s par la critique<\/p>\n<p data-end=\"793\" data-start=\"122\">Parfois jug\u00e9 trop commercial ou\u00a0trop triste (et parfois incompris), le clown ne fait pas toujours l\u2019unanimit\u00e9 du vivant de l\u2019artiste, mort en 1999 dans le Var. Les critiques d\u2019art pointaient notamment du doigt le manque d\u2019innovation d\u2019un tableau sur l\u2019autre. Or, son caract\u00e8re immuable est l\u2019essence m\u00eame <a href=\"https:\/\/www.ladepeche.fr\/2025\/07\/02\/la-solitude-un-fleau-a-lorigine-de-plus-de-871-000-deces-par-an-dans-le-monde-12800660.php\" target=\"_self\" rel=\"nofollow noopener\">de la solitude<\/a> telle que d\u00e9peinte par\u00a0Buffet.<\/p>\n","protected":false},"excerpt":{"rendered":"l&rsquo;essentiel En d\u00e9cembre dernier, six hommes se sont introduits au domicile d\u2019un collectionneur pour y d\u00e9rober des \u0153uvres&hellip;\n","protected":false},"author":2,"featured_media":260457,"comment_status":"","ping_status":"","sticky":false,"template":"","format":"standard","meta":{"footnotes":""},"categories":[1358],"tags":[1348,1384,1385,1386,58,59,1011,27],"class_list":{"0":"post-260456","1":"post","2":"type-post","3":"status-publish","4":"format-standard","5":"has-post-thumbnail","7":"category-arts-et-design","8":"tag-arts","9":"tag-arts-and-design","10":"tag-arts-et-design","11":"tag-design","12":"tag-divertissement","13":"tag-entertainment","14":"tag-fr","15":"tag-france"},"share_on_mastodon":{"url":"https:\/\/pubeurope.com\/@fr\/114884051123586917","error":""},"_links":{"self":[{"href":"https:\/\/www.europesays.com\/fr\/wp-json\/wp\/v2\/posts\/260456","targetHints":{"allow":["GET"]}}],"collection":[{"href":"https:\/\/www.europesays.com\/fr\/wp-json\/wp\/v2\/posts"}],"about":[{"href":"https:\/\/www.europesays.com\/fr\/wp-json\/wp\/v2\/types\/post"}],"author":[{"embeddable":true,"href":"https:\/\/www.europesays.com\/fr\/wp-json\/wp\/v2\/users\/2"}],"replies":[{"embeddable":true,"href":"https:\/\/www.europesays.com\/fr\/wp-json\/wp\/v2\/comments?post=260456"}],"version-history":[{"count":0,"href":"https:\/\/www.europesays.com\/fr\/wp-json\/wp\/v2\/posts\/260456\/revisions"}],"wp:featuredmedia":[{"embeddable":true,"href":"https:\/\/www.europesays.com\/fr\/wp-json\/wp\/v2\/media\/260457"}],"wp:attachment":[{"href":"https:\/\/www.europesays.com\/fr\/wp-json\/wp\/v2\/media?parent=260456"}],"wp:term":[{"taxonomy":"category","embeddable":true,"href":"https:\/\/www.europesays.com\/fr\/wp-json\/wp\/v2\/categories?post=260456"},{"taxonomy":"post_tag","embeddable":true,"href":"https:\/\/www.europesays.com\/fr\/wp-json\/wp\/v2\/tags?post=260456"}],"curies":[{"name":"wp","href":"https:\/\/api.w.org\/{rel}","templated":true}]}}