{"id":26046,"date":"2025-04-15T06:37:08","date_gmt":"2025-04-15T06:37:08","guid":{"rendered":"https:\/\/www.europesays.com\/fr\/26046\/"},"modified":"2025-04-15T06:37:08","modified_gmt":"2025-04-15T06:37:08","slug":"entre-europe-et-etats-unis-le-grand-ecart-de-lesg-15-04-2025-a-0800","status":"publish","type":"post","link":"https:\/\/www.europesays.com\/fr\/26046\/","title":{"rendered":"Entre Europe et Etats-Unis, le grand \u00e9cart de l\u2019ESG &#8211; 15\/04\/2025 \u00e0 08:00"},"content":{"rendered":"<p>\n En 2025, \u00ab<\/p>\n<p>  il devient encore plus \u00e9vident que les \u00c9tats-Unis et l\u2019Europe suivent des chemins diff\u00e9rents en mati\u00e8re d\u2019investissement responsable<\/p>\n<p> \u00bb, observent les auteurs de l\u2019\u00e9tude Responsible Investment Brand Index (RIBI) 2025, qui sort ce mercredi 9 avril. Le RIBI a pour vocation d\u2019identifier les soci\u00e9t\u00e9s de gestion d\u2019actifs qui agissent en tant qu\u2019investisseurs responsables et s\u2019engagent en faveur du d\u00e9veloppement durable au point de le place au c\u0153ur de leur marque. Il agr\u00e8ge l\u2019analyse de 623 gestionnaires d\u2019actifs mondiaux.\n<\/p>\n<p>\n Cette divergence entre Europe et Etats-Unis repr\u00e9sente \u00ab<\/p>\n<p>  un d\u00e9fi de taille<\/p>\n<p> \u00bb pour les soci\u00e9t\u00e9s de gestion qui commercialisent leurs produits dans le monde entier. D\u2019ailleurs, certains gestionnaires d\u2019actifs vont jusqu\u2019\u00e0 se pr\u00e9senter d\u2019une certaine mani\u00e8re aux \u00c9tats-Unis et d\u2019une autre en Europe, selon le RIBI. \u00ab<\/p>\n<p>  Cette incoh\u00e9rence nuit non seulement \u00e0 la cr\u00e9dibilit\u00e9, mais cr\u00e9e aussi la confusion. De telles approches de la communication en mati\u00e8re d\u2019investissement responsable augmentent \u00e9galement le risque d\u2019incoh\u00e9rences qui peuvent se transformer en probl\u00e8mes de conformit\u00e9<\/p>\n<p> \u00bb, pr\u00e9viennent les auteurs de l\u2019\u00e9tude.\n<\/p>\n<p>\n Ce foss\u00e9 transatlantique se refl\u00e8te dans les r\u00e9sultats 2025 du RIBI. Ainsi, l\u2019Europe continue de dominer, avec des notes d\u2019engagement et de marque nettement sup\u00e9rieures \u00e0 la moyenne. Dans cet ensemble, \u00e0 noter que la France devient le pays le plus performant du continent, d\u00e9passant le Benelux. Les Etats-Unis, bien que comptant le plus grand nombre de gestionnaires d\u2019actifs, enregistrent le taux le plus \u00e9lev\u00e9 de retardataires.\n<\/p>\n<p> Un top 10 presque exclusivement europ\u00e9en<\/p>\n<p>\n Dans ce contexte polaris\u00e9 et tourment\u00e9, \u00ab<\/p>\n<p>  il est essentiel que les soci\u00e9t\u00e9s de gestion affichent une identit\u00e9 forte et sinc\u00e8re. Celles qui y parviennent instaurent la confiance et s\u2019imposent comme des leaders<\/p>\n<p> \u00bb, explique Jean-Fran\u00e7ois Hirschel, cofondateur de RIBI et CEO de H-Ideas.\n<\/p>\n<p>\n A cet \u00e9gard, les meilleurs \u00e9l\u00e8ves en mati\u00e8re d\u2019investissement responsable, sur les 623 entreprises, sont DPAM, Candriam, Pictet, UBS Asset Management, Nordea Asset Management, Nuveen, Mirova, Robeco, Triodos Investment Management et Wheb Asset Management. Ces soci\u00e9t\u00e9s sont \u00e9valu\u00e9es en fonction de deux dimensions : leur engagement et leur marque. Sans surprise, on note que les soci\u00e9t\u00e9s du top 10 sont toutes europ\u00e9ennes, hormis Nuveen, qui est am\u00e9ricaine.\n<\/p>\n<p>\n L\u2019\u00e9tude souligne que DPAM, Candriam, Pictet AM, Nordea AM, Wheb AM et Robeco ont r\u00e9ussi \u00e0 maintenir leur place dans le top 10 par rapport \u00e0 l\u2019an dernier. DPAM et Candriam sont m\u00eames pr\u00e9sents dans le top 10 chaque ann\u00e9e depuis le lancement de l\u2019\u00e9tude il y a sept ans.\n<\/p>\n<p>\n Plus globalement, l\u2019\u00e9tude montre que la cat\u00e9gorie des \u00ab avant-gardistes \u00bb, qui regroupe les soci\u00e9t\u00e9s qui obtiennent des r\u00e9sultats sup\u00e9rieurs \u00e0 la moyenne sur l\u2019engagement et la marque, est rest\u00e9e stable sur un an. Elle repr\u00e9sente 20?% du secteur. La part des \u00ab retardataires \u00bb tombe quant \u00e0 elle \u00e0 son plus bas niveau depuis trois ans, soit 46?%.\n<\/p>\n<p>\n Laurence Marchal<\/p>\n","protected":false},"excerpt":{"rendered":"En 2025, \u00ab il devient encore plus \u00e9vident que les \u00c9tats-Unis et l\u2019Europe suivent des chemins diff\u00e9rents en&hellip;\n","protected":false},"author":2,"featured_media":8061,"comment_status":"","ping_status":"","sticky":false,"template":"","format":"standard","meta":{"footnotes":""},"categories":[1589],"tags":[400,11,398,408,405,73,1866,403,402,399,404,12,401,406,1864,1865,1863,308,407],"class_list":{"0":"post-26046","1":"post","2":"type-post","3":"status-publish","4":"format-standard","5":"has-post-thumbnail","7":"category-etats-unis","8":"tag-action-cac-40","9":"tag-actualites","10":"tag-bourse-de-paris","11":"tag-boursorama","12":"tag-cotations","13":"tag-etats-unis","14":"tag-etats-unis-damerique","15":"tag-indices-devises","16":"tag-investir","17":"tag-investissement","18":"tag-marche-boursier","19":"tag-news","20":"tag-sicav","21":"tag-trackers","22":"tag-united-states","23":"tag-united-states-of-america","24":"tag-us","25":"tag-usa","26":"tag-warrants"},"share_on_mastodon":{"url":"https:\/\/pubeurope.com\/@fr\/114340603063765628","error":""},"_links":{"self":[{"href":"https:\/\/www.europesays.com\/fr\/wp-json\/wp\/v2\/posts\/26046","targetHints":{"allow":["GET"]}}],"collection":[{"href":"https:\/\/www.europesays.com\/fr\/wp-json\/wp\/v2\/posts"}],"about":[{"href":"https:\/\/www.europesays.com\/fr\/wp-json\/wp\/v2\/types\/post"}],"author":[{"embeddable":true,"href":"https:\/\/www.europesays.com\/fr\/wp-json\/wp\/v2\/users\/2"}],"replies":[{"embeddable":true,"href":"https:\/\/www.europesays.com\/fr\/wp-json\/wp\/v2\/comments?post=26046"}],"version-history":[{"count":0,"href":"https:\/\/www.europesays.com\/fr\/wp-json\/wp\/v2\/posts\/26046\/revisions"}],"wp:featuredmedia":[{"embeddable":true,"href":"https:\/\/www.europesays.com\/fr\/wp-json\/wp\/v2\/media\/8061"}],"wp:attachment":[{"href":"https:\/\/www.europesays.com\/fr\/wp-json\/wp\/v2\/media?parent=26046"}],"wp:term":[{"taxonomy":"category","embeddable":true,"href":"https:\/\/www.europesays.com\/fr\/wp-json\/wp\/v2\/categories?post=26046"},{"taxonomy":"post_tag","embeddable":true,"href":"https:\/\/www.europesays.com\/fr\/wp-json\/wp\/v2\/tags?post=26046"}],"curies":[{"name":"wp","href":"https:\/\/api.w.org\/{rel}","templated":true}]}}