{"id":260462,"date":"2025-07-20T06:06:11","date_gmt":"2025-07-20T06:06:11","guid":{"rendered":"https:\/\/www.europesays.com\/fr\/260462\/"},"modified":"2025-07-20T06:06:11","modified_gmt":"2025-07-20T06:06:11","slug":"julien-clerc-jaime-tendrement-benjamin-biolay","status":"publish","type":"post","link":"https:\/\/www.europesays.com\/fr\/260462\/","title":{"rendered":"Julien Clerc: \u00abJ\u2019aime tendrement Benjamin Biolay\u00bb"},"content":{"rendered":"<p>    R\u00e9sum\u00e9 en 20 secondes<\/p>\n<p>        En savoir plus sur ce type de contenu<\/p>\n<p>Ce r\u00e9sum\u00e9 peut avoir \u00e9t\u00e9 \u00e9crit avec l&rsquo;assistance d\u2019une IA g\u00e9n\u00e9rative. <a href=\"https:\/\/www.letemps.ch\/cyber\/l-usage-de-l-ia-generative-par-les-journalistes-du-temps\" target=\"_blank\" rel=\"noopener\">En savoir plus<\/a><\/p>\n<p class=\"article__abstract-call-to-action\" data-ariato=\"TrackableElement\" data-trackable-element-type=\"article_abstract_cta\" data-trackable-element-location=\"article_header\" data-trackable-element-id=\"500817\">\n        <a data-event=\"click-&gt;clicked\" href=\"https:\/\/www.letemps.ch\/abonnements\" target=\"_blank\" rel=\"noopener\">Abonnez-vous<\/a> pour acc\u00e9der au r\u00e9sum\u00e9 en 20 secondes.\n      <\/p>\n<p>Un cercueil et un homme qui danse. Le 3\u00a0mars 2023, l\u2019image \u00e9meut la France aux larmes: lors des obs\u00e8ques d\u2019Agn\u00e8s Lassalle, cette professeure d\u2019espagnol poignard\u00e9e par un \u00e9l\u00e8ve, son compagnon St\u00e9phane Voirin se met \u00e0 danser, seul, sur le parvis de l\u2019\u00e9glise \u2013 costume noir, \u00e9treinte ouverte comme pour faire valser une ombre. \u00abIl tourne, il tourne et il danse\/Sur les pav\u00e9s du parvis\/Dans ses bras il tient l\u2019absence\/Son bel amour qu\u2019on a ravi.\u00bb<\/p>\n<p>Ces mots de l\u2019auteur Paul Ecole, c\u2019est Julien Clerc qui les chante deux ans plus tard dans Les Parvis. Un hommage \u00e0 cet instant absurde et magnifique, qui compte parmi les morceaux les plus marquants d\u2019Une vie, son 28e album sorti \u00e0 l\u2019aube de l\u2019\u00e9t\u00e9. Un disque qui encapsule parfaitement l\u2019univers du chanteur: lettres d\u2019amour (passionnel ou fraternel), chroniques espi\u00e8gles, voyages intimes et d\u00e9licats \u00e0 l\u2019image de Saint-Nazaire, chanson d\u00e9di\u00e9e \u00e0 G\u00e9rard Leclerc, son demi-fr\u00e8re d\u00e9c\u00e9d\u00e9 dans un accident d\u2019avion en ao\u00fbt 2023. Et puis ce timbre, l\u00e9g\u00e8rement nasal et vibrant, qui \u00e9tait d\u00e9j\u00e0 le sien en 1968 lorsqu\u2019il chantait La Cavalerie pour la premi\u00e8re fois \u00e0 la t\u00e9l\u00e9vision, air soucieux et polo de gar\u00e7on sage.<\/p>\n","protected":false},"excerpt":{"rendered":"R\u00e9sum\u00e9 en 20 secondes En savoir plus sur ce type de contenu Ce r\u00e9sum\u00e9 peut avoir \u00e9t\u00e9 \u00e9crit&hellip;\n","protected":false},"author":2,"featured_media":260463,"comment_status":"","ping_status":"","sticky":false,"template":"","format":"standard","meta":{"footnotes":""},"categories":[1355],"tags":[58,59,3297,1011,27,1361,873,301],"class_list":{"0":"post-260462","1":"post","2":"type-post","3":"status-publish","4":"format-standard","5":"has-post-thumbnail","7":"category-musique","8":"tag-divertissement","9":"tag-entertainment","10":"tag-entre-temps","11":"tag-fr","12":"tag-france","13":"tag-music","14":"tag-musique","15":"tag-premium"},"share_on_mastodon":{"url":"https:\/\/pubeurope.com\/@fr\/114884062996273359","error":""},"_links":{"self":[{"href":"https:\/\/www.europesays.com\/fr\/wp-json\/wp\/v2\/posts\/260462","targetHints":{"allow":["GET"]}}],"collection":[{"href":"https:\/\/www.europesays.com\/fr\/wp-json\/wp\/v2\/posts"}],"about":[{"href":"https:\/\/www.europesays.com\/fr\/wp-json\/wp\/v2\/types\/post"}],"author":[{"embeddable":true,"href":"https:\/\/www.europesays.com\/fr\/wp-json\/wp\/v2\/users\/2"}],"replies":[{"embeddable":true,"href":"https:\/\/www.europesays.com\/fr\/wp-json\/wp\/v2\/comments?post=260462"}],"version-history":[{"count":0,"href":"https:\/\/www.europesays.com\/fr\/wp-json\/wp\/v2\/posts\/260462\/revisions"}],"wp:featuredmedia":[{"embeddable":true,"href":"https:\/\/www.europesays.com\/fr\/wp-json\/wp\/v2\/media\/260463"}],"wp:attachment":[{"href":"https:\/\/www.europesays.com\/fr\/wp-json\/wp\/v2\/media?parent=260462"}],"wp:term":[{"taxonomy":"category","embeddable":true,"href":"https:\/\/www.europesays.com\/fr\/wp-json\/wp\/v2\/categories?post=260462"},{"taxonomy":"post_tag","embeddable":true,"href":"https:\/\/www.europesays.com\/fr\/wp-json\/wp\/v2\/tags?post=260462"}],"curies":[{"name":"wp","href":"https:\/\/api.w.org\/{rel}","templated":true}]}}