{"id":260466,"date":"2025-07-20T06:09:11","date_gmt":"2025-07-20T06:09:11","guid":{"rendered":"https:\/\/www.europesays.com\/fr\/260466\/"},"modified":"2025-07-20T06:09:11","modified_gmt":"2025-07-20T06:09:11","slug":"le-parcours-et-profil-de-la-15e-etape-ce-20-juillet","status":"publish","type":"post","link":"https:\/\/www.europesays.com\/fr\/260466\/","title":{"rendered":"Le parcours et profil de la 15e \u00e9tape ce 20\u00a0juillet"},"content":{"rendered":"<p>La semaine se termine par une 15e \u00e9tape de Tour de France au profil vallonn\u00e9, entre Muret (Haute-Garonne) et Carcassonne (<a href=\"https:\/\/www.20minutes.fr\/societe\/aude\/\" class=\"color-ultramarine c-link\" target=\"_blank\" rel=\"noopener\">Aude<\/a>). Avant une <a href=\"https:\/\/www.20minutes.fr\/dossier\/journee\" class=\"color-ultramarine c-link\" target=\"_blank\" rel=\"noopener\">journ\u00e9e<\/a> de repos, lundi \u00e0 montpellier, les coureurs devront encha\u00eener une nouvelle course, juste apr\u00e8s avoir achev\u00e9 le triptyque pyr\u00e9n\u00e9en, samedi. Tadej Poga\u010dar, qui compte 4&rsquo;13\u00a0\u00bb d\u2019avance sur son dauphin, Jonas Vingegaard, devrait g\u00e9rer confortablement son avance sur cette \u00e9tape.<\/p>\n<p>\u00c0 quelle heure et sur quelle cha\u00eene voir la 15e \u00e9tape du Tour de France<\/p>\n<p>D\u00e8s 13h20, suivez la course en direct sur France TV et <a href=\"https:\/\/www.20minutes.fr\/dossier\/eurosport\" class=\"color-ultramarine c-link\" target=\"_blank\" rel=\"noopener\">Eurosport<\/a>. Ne manquez rien de cette \u00e9tape gr\u00e2ce au live comment\u00e9 de <a href=\"https:\/\/www.20minutes.fr\/dossier\/20_minutes\" class=\"color-ultramarine c-link\" target=\"_blank\" rel=\"noopener\">20 minutes<\/a>.<\/p>\n<p>Le profil de la 15e \u00e9tape du Tour de France 2025<\/p>\n<p>Avec 2 300 m\u00e8tres de d\u00e9nivel\u00e9, on pourrait penser que les sprinteurs auront une chance dimanche. Mais c\u2019est mal conna\u00eetre Carcassonne, avec son parcours accident\u00e9. L\u2019\u00e9tape offre tout de m\u00eame autant de points qu\u2019un sprint massif. Tout reste ouvert dans une forteresse qui attend avec impatience cette arriv\u00e9e de la Grande Boucle.<\/p>\n<p><img decoding=\"async\" alt=\"Le profil de la 15e \u00e9tape du Tour de France 2025\" class=\"c-img\" loading=\"lazy\" fetchpriority=\"auto\" width=\"718\"  src=\"https:\/\/img.20mn.fr\/fCoRuVO7RICYAlzqqFdF1Sk\/718x0\" \/>Le profil de la 15e \u00e9tape du Tour de France 2025\u2002-\u00a0SOURCE ASOLe parcours de la 15e \u00e9tape du Tour de France 2025<img decoding=\"async\" alt=\"Le parcours de la 15e \u00e9tape du Tour de France 2025\" class=\"c-img\" loading=\"lazy\" fetchpriority=\"auto\" width=\"718\"  src=\"https:\/\/img.20mn.fr\/sefPWYgnRcW2MNbH56zlgik\/718x0\" \/>Le parcours de la 15e \u00e9tape du Tour de France 2025\u2002-\u00a0SOURCE ASO<\/p>\n<p class=\"mb-xxl@xs color-ultramarine font-weight-semi-bold@xs font-source-serif-pro heading-s@xs\">L\u2019acc\u00e8s \u00e0 ce contenu a \u00e9t\u00e9 bloqu\u00e9 afin de respecter votre choix de consentement<\/p>\n<p class=\"mb-m@xs text-l@xs\">En cliquant sur\u00ab J\u2019accepte \u00bb, vous acceptez le d\u00e9p\u00f4t de cookies par des services externes et aurez ainsi acc\u00e8s aux contenus de nos partenaires.<\/p>\n<p class=\"mb-xl@xs text-s@xs\">Plus d\u2019informations sur la page<a href=\"https:\/\/www.20minutes.fr\/gestion-cookies\" class=\"mx-xxs@xs color-ultramarine\" target=\"_blank\" rel=\"noopener\">Politique de gestion des cookies<\/a><\/p>\n<p>J\u2019accepteLes favoris de la 15e \u00e9tape du Tour de France 2025<\/p>\n<p>Avant d\u2019attaque la troisi\u00e8me semaine, 50 points sont en jeu pour le Maillot Vert. Mathieu van der Poel devrait \u00eatre le favori du jour, alors que Jonathan Milan voudra \u00e9galement engranger un maximum. Quinn Simmons, en grande forme, pourrait bien \u00eatre l\u2019outsider de cette \u00e9tape. Le champion des \u00c9tats_unis, d\u00e9j\u00e0 vainqueur \u00e0 Heiden sur le Tour de Suisse, r\u00eave de refaire le coup. Si <a href=\"https:\/\/www.20minutes.fr\/sport\/mathieu-van-der-poel\/\" class=\"color-ultramarine c-link\" target=\"_blank\" rel=\"noopener\">Mathieu van der Poel<\/a> et <a href=\"https:\/\/www.20minutes.fr\/sport\/wout-van-aert\/\" class=\"color-ultramarine c-link\" target=\"_blank\" rel=\"noopener\">Wout van Aert<\/a> se regardent, il n\u2019h\u00e9sitera pas \u00e0 y aller.<\/p>\n<p>Du c\u00f4t\u00e9 de la Team UAE Emirates XRG, le champion de Belgique Tim Wellens devrait b\u00e9n\u00e9ficier d\u2019un bon de sortie de son \u00e9quipe lors de cette \u00e9tape de transition. Il en sera peut-\u00eatre de m\u00eame pour Jhonatan Narvaez, dont la vitesse n\u2019est plus \u00e0 d\u00e9montrer. Axel Laurance (Ineos Grenadiers), qui a la chance d\u2019avoir le vainqueur d\u2019\u00e9tape de samedi Thymen Arensman dans son \u00e9quipe, pourrait surfer sur l\u2019euphorie collective pour aller chercher quelque chose.<\/p>\n<p>Enfin, Luke Plapp et Mauro Schmid (Jayco-AlUlA) n\u2019ont pas dit leur dernier mot. Et le peloton sait qu\u2019ils sont en jambes\u2026. Du c\u00f4t\u00e9 des <a href=\"https:\/\/www.20minutes.fr\/dossier\/francais\" class=\"color-ultramarine c-link\" target=\"_blank\" rel=\"noopener\">Fran\u00e7ais<\/a>, une petite pi\u00e8ce peut \u00eatre mise sur Valentin Madouas (Groupama-FDJ) au vu de ses derni\u00e8res courses. Il arrive en tant que vice-champion olympique sur cette Grande Boucle. S\u2019il prend la bonne \u00e9chapp\u00e9e, il aura de quoi faire.<\/p>\n<p>Le Top 10 avec la 15e \u00e9tape du Tour de France 2025<\/p>\n<ol>\n<li>Tadej Pogacar &#8211; UAE Team Emirates 50h40&rsquo;28\u00a0\u00bb<\/li>\n<li>Jonas Vingegaard &#8211; Visma Lease a Bike \u00e0 04&rsquo;13\u00a0\u00bb<\/li>\n<li>Florian Lipowitz &#8211; RedBull &#8211; Bora-Hansgrohe \u00e0 07&rsquo;53\u00a0\u00bb<\/li>\n<li>Oscar Onley &#8211; Picnic PostNL \u00e0 09&rsquo;18\u00a0\u00bb<\/li>\n<li>K\u00e9vin Vauquelin &#8211; Ark\u00e9a &#8211; B &amp; B Hotels \u00e0 10&rsquo;21\u00a0\u00bb<\/li>\n<li><a href=\"https:\/\/www.20minutes.fr\/sport\/primoz-roglic\/\" class=\"color-ultramarine c-link\" target=\"_blank\" rel=\"noopener\">Primoz Roglic<\/a> &#8211; RedBull &#8211; Bora-Hansgrohe \u00e0 10&rsquo;34\u00a0\u00bb<\/li>\n<li>Felix Gall &#8211; Decathlon <a href=\"https:\/\/www.20minutes.fr\/dossier\/ag2r\" class=\"color-ultramarine c-link\" target=\"_blank\" rel=\"noopener\">AG2R<\/a> La Mondiale \u00e0 12&rsquo;00\u00a0\u00bb<\/li>\n<li>Tobias Halland Johannessen &#8211; Uno-X Mobility \u00e0 12&rsquo;33\u00a0\u00bb<\/li>\n<li>Ben Healy &#8211; EF Education &#8211; Easy Post \u00e0 18&rsquo;41\u00a0\u00bb<\/li>\n<li>Carlos Rodriguez &#8211; Ineos Grenadiers \u00e0 22&rsquo;57\u00a0\u00bb<\/li>\n<\/ol>\n","protected":false},"excerpt":{"rendered":"La semaine se termine par une 15e \u00e9tape de Tour de France au profil vallonn\u00e9, entre Muret (Haute-Garonne)&hellip;\n","protected":false},"author":2,"featured_media":260467,"comment_status":"","ping_status":"","sticky":false,"template":"","format":"standard","meta":{"footnotes":""},"categories":[9],"tags":[207,1011,27,27884,517,60,1138,210],"class_list":{"0":"post-260466","1":"post","2":"type-post","3":"status-publish","4":"format-standard","5":"has-post-thumbnail","7":"category-sports","8":"tag-cyclisme","9":"tag-fr","10":"tag-france","11":"tag-jonas-vingegaard","12":"tag-sport","13":"tag-sports","14":"tag-tadej-pogacar","15":"tag-tour-de-france"},"share_on_mastodon":{"url":"https:\/\/pubeurope.com\/@fr\/114884074908112586","error":""},"_links":{"self":[{"href":"https:\/\/www.europesays.com\/fr\/wp-json\/wp\/v2\/posts\/260466","targetHints":{"allow":["GET"]}}],"collection":[{"href":"https:\/\/www.europesays.com\/fr\/wp-json\/wp\/v2\/posts"}],"about":[{"href":"https:\/\/www.europesays.com\/fr\/wp-json\/wp\/v2\/types\/post"}],"author":[{"embeddable":true,"href":"https:\/\/www.europesays.com\/fr\/wp-json\/wp\/v2\/users\/2"}],"replies":[{"embeddable":true,"href":"https:\/\/www.europesays.com\/fr\/wp-json\/wp\/v2\/comments?post=260466"}],"version-history":[{"count":0,"href":"https:\/\/www.europesays.com\/fr\/wp-json\/wp\/v2\/posts\/260466\/revisions"}],"wp:featuredmedia":[{"embeddable":true,"href":"https:\/\/www.europesays.com\/fr\/wp-json\/wp\/v2\/media\/260467"}],"wp:attachment":[{"href":"https:\/\/www.europesays.com\/fr\/wp-json\/wp\/v2\/media?parent=260466"}],"wp:term":[{"taxonomy":"category","embeddable":true,"href":"https:\/\/www.europesays.com\/fr\/wp-json\/wp\/v2\/categories?post=260466"},{"taxonomy":"post_tag","embeddable":true,"href":"https:\/\/www.europesays.com\/fr\/wp-json\/wp\/v2\/tags?post=260466"}],"curies":[{"name":"wp","href":"https:\/\/api.w.org\/{rel}","templated":true}]}}