{"id":260468,"date":"2025-07-20T06:10:14","date_gmt":"2025-07-20T06:10:14","guid":{"rendered":"https:\/\/www.europesays.com\/fr\/260468\/"},"modified":"2025-07-20T06:10:14","modified_gmt":"2025-07-20T06:10:14","slug":"coup-de-barre-a-avignon-liberation","status":"publish","type":"post","link":"https:\/\/www.europesays.com\/fr\/260468\/","title":{"rendered":"coup de barre \u00e0 Avignon \u2013 Lib\u00e9ration"},"content":{"rendered":"<p class=\"sc-ksZaOG ehjQrN text-element\">Il pleut quelques gouttes, ce matin, \u00e0 Avignon. C\u2019est un \u00e9v\u00e9nement. En tout cas, davantage que la soir\u00e9e tr\u00e8s attendue, ovationn\u00e9e, et retransmise en direct dans divers caf\u00e9s de la ville et par des m\u00e9dias, intitul\u00e9e le Proc\u00e8s Pelicot et mise en espace par le grand metteur en sc\u00e8ne suisse Milo Rau avec le concours d\u2019une cinquantaine d\u2019actrices, d\u2019acteurs, de personnes notables pr\u00e9sentes dans la ville, ou ayant travaill\u00e9 au tribunal pendant le proc\u00e8s. Y participent des acteurs connus \u2013 Marie-Christine Barrault, Ariane Ascaride, Robin Renucci, Adama Diop, Marie Vialle ; des directeurs de lieux et metteures, metteurs en sc\u00e8ne \u2013 Eva Doumbia, Samuel Achache, Vincent Baudriller ; des personnalit\u00e9s de la soci\u00e9t\u00e9 civile \u2013 Fran\u00e7oise Nyssen au conseil d\u2019administration du festival, la d\u00e9fenseure des droits Claire H\u00e9don ; de jeunes actrices et acteurs \u2013 <a href=\"https:\/\/www.liberation.fr\/culture\/scenes\/festival-davignon-la-distance-la-planete-pere-de-tiago-rodrigues-20250709_AESONOPAE5GGFFTEWPCLQ4MHBE\/\" target=\"_blank\" rel=\"noopener\" title=\"https:\/\/www.liberation.fr\/culture\/scenes\/festival-davignon-la-distance-la-planete-pere-de-tiago-rodrigues-20250709_AESONOPAE5GGFFTEWPCLQ4MHBE\/\">Alison Dechamps, d\u00e9couverte dans la Distance<\/a> et Nad\u00e8ge Cathelineau. Bref, une pluralit\u00e9. Tous, la partition \u00e0 la main, se l\u00e8vent, lisent \u00e0 la barre, tr\u00e8s bien et de mani\u00e8re diff\u00e9renci\u00e9e. Et resteront au plateau coinc\u00e9s sur leurs bancs dans l\u2019\u00e9bauche du tribunal, ne pouvant ni s\u2019endormir, ni bouger, n<\/p>\n","protected":false},"excerpt":{"rendered":"Il pleut quelques gouttes, ce matin, \u00e0 Avignon. C\u2019est un \u00e9v\u00e9nement. En tout cas, davantage que la soir\u00e9e&hellip;\n","protected":false},"author":2,"featured_media":260469,"comment_status":"","ping_status":"","sticky":false,"template":"","format":"standard","meta":{"footnotes":""},"categories":[8],"tags":[58,59,36980,1011,27,1188,11218],"class_list":{"0":"post-260468","1":"post","2":"type-post","3":"status-publish","4":"format-standard","5":"has-post-thumbnail","7":"category-divertissement","8":"tag-divertissement","9":"tag-entertainment","10":"tag-festival-d-avignon","11":"tag-fr","12":"tag-france","13":"tag-gisele-pelicot","14":"tag-proces-des-viols-de-mazan"},"share_on_mastodon":{"url":"https:\/\/pubeurope.com\/@fr\/114884078762384271","error":""},"_links":{"self":[{"href":"https:\/\/www.europesays.com\/fr\/wp-json\/wp\/v2\/posts\/260468","targetHints":{"allow":["GET"]}}],"collection":[{"href":"https:\/\/www.europesays.com\/fr\/wp-json\/wp\/v2\/posts"}],"about":[{"href":"https:\/\/www.europesays.com\/fr\/wp-json\/wp\/v2\/types\/post"}],"author":[{"embeddable":true,"href":"https:\/\/www.europesays.com\/fr\/wp-json\/wp\/v2\/users\/2"}],"replies":[{"embeddable":true,"href":"https:\/\/www.europesays.com\/fr\/wp-json\/wp\/v2\/comments?post=260468"}],"version-history":[{"count":0,"href":"https:\/\/www.europesays.com\/fr\/wp-json\/wp\/v2\/posts\/260468\/revisions"}],"wp:featuredmedia":[{"embeddable":true,"href":"https:\/\/www.europesays.com\/fr\/wp-json\/wp\/v2\/media\/260469"}],"wp:attachment":[{"href":"https:\/\/www.europesays.com\/fr\/wp-json\/wp\/v2\/media?parent=260468"}],"wp:term":[{"taxonomy":"category","embeddable":true,"href":"https:\/\/www.europesays.com\/fr\/wp-json\/wp\/v2\/categories?post=260468"},{"taxonomy":"post_tag","embeddable":true,"href":"https:\/\/www.europesays.com\/fr\/wp-json\/wp\/v2\/tags?post=260468"}],"curies":[{"name":"wp","href":"https:\/\/api.w.org\/{rel}","templated":true}]}}