{"id":26047,"date":"2025-04-15T06:38:08","date_gmt":"2025-04-15T06:38:08","guid":{"rendered":"https:\/\/www.europesays.com\/fr\/26047\/"},"modified":"2025-04-15T06:38:08","modified_gmt":"2025-04-15T06:38:08","slug":"le-royaume-uni-choisit-le-maroc-comme-tremplin-strategique-pour-investir-en-afrique","status":"publish","type":"post","link":"https:\/\/www.europesays.com\/fr\/26047\/","title":{"rendered":"Le Royaume-Uni choisit le Maroc comme tremplin strat\u00e9gique pour investir en Afrique"},"content":{"rendered":"<p>\t\t\tEn visite officielle \u00e0 Casablanca, Tim Reid, directeur g\u00e9n\u00e9ral de l\u2019agence britannique UK Export Finance (UKEF), a livr\u00e9 une vision ambitieuse de la coop\u00e9ration entre le Royaume-Uni et le Maroc. Pour ce haut responsable, le royaume ch\u00e9rifien ne se contente pas d\u2019\u00eatre un partenaire bilat\u00e9ral : il s\u2019impose d\u00e9sormais comme une passerelle incontournable vers le continent africain. \u00ab Le Maroc est la porte d\u2019entr\u00e9e de l\u2019Afrique \u00bb, affirme-t-il sans d\u00e9tour.<\/p>\n<p style=\"text-align: justify;\">Dans un entretien accord\u00e9 au m\u00e9dia Medias24, Reid a \u00e9voqu\u00e9 les contours d\u2019un partenariat qu\u2019il qualifie de \u00ab strat\u00e9gique \u00bb. \u00c0 ses yeux, le potentiel marocain est vaste, allant de l\u2019\u00e9nergie \u00e0 l\u2019eau, en passant par les infrastructures et le commerce. Et pour traduire cette ambition en actes, un fonds de 4 milliards de livres sterling \u2013 soit environ 51 milliards de dirhams \u2013 a \u00e9t\u00e9 mis en place d\u00e8s la fin de l\u2019ann\u00e9e 2022. Ce dispositif vise \u00e0 accompagner des projets structurants r\u00e9alis\u00e9s au Maroc, int\u00e9grant du savoir-faire ou des technologies d\u2019origine britannique.<\/p>\n<p style=\"text-align: justify;\">\u00ab Nous ne cherchons pas des propositions parfaites, mais des projets solides et surtout une volont\u00e9 claire de collaborer \u00bb, pr\u00e9cise Reid. Une ouverture qui t\u00e9moigne d\u2019un pragmatisme assum\u00e9, centr\u00e9 sur la concr\u00e9tisation rapide de partenariats durables.<\/p>\n<p style=\"text-align: justify;\">Parmi les domaines jug\u00e9s les plus prometteurs, le responsable britannique cite en priorit\u00e9 les \u00e9nergies renouvelables, la gestion durable des ressources hydriques et les grandes infrastructures. Si aucun accord n\u2019a encore \u00e9t\u00e9 officialis\u00e9, Reid confirme l\u2019existence de n\u00e9gociations avanc\u00e9es autour de projets li\u00e9s au dessalement de l\u2019eau, \u00e0 l\u2019hydrog\u00e8ne vert ou encore \u00e0 la modernisation des r\u00e9seaux ferroviaires et portuaires du pays.<\/p>\n<p style=\"text-align: justify;\">L\u2019int\u00e9r\u00eat accru pour le Maroc s\u2019inscrit \u00e9galement dans une dynamique conjoncturelle favorable. Avec l\u2019organisation conjointe de la Coupe du monde 2030 \u2013 aux c\u00f4t\u00e9s de l\u2019Espagne et du Portugal \u2013, le Royaume pr\u00e9voit des investissements massifs, estim\u00e9s \u00e0 plus de 23 milliards de dollars. Une perspective que l\u2019UKEF consid\u00e8re comme un levier pour stimuler des projets d\u2019envergure impliquant \u00e0 la fois des entreprises marocaines et britanniques. \u00ab Le Maroc \u00e9volue \u00e0 une vitesse impressionnante, et nous souhaitons accompagner ce mouvement \u00bb, souligne Reid.<\/p>\n<p><strong>Lire aussi :\u00a0<a style=\"color: #008000;\" href=\"https:\/\/maroc-diplomatique.net\/royaume-uni-hommage-a-une-association-marocaine-pour-son-action-sociale\/\" rel=\"nofollow noopener\" target=\"_blank\">Royaume-Uni : Hommage \u00e0 une association marocaine pour son action sociale<\/a><\/strong><\/p>\n<p style=\"text-align: justify;\"><strong>Le Maroc, hub continental pour les ambitions britanniques<\/strong><\/p>\n<p style=\"text-align: justify;\">Mais au-del\u00e0 de sa croissance interne, c\u2019est la position g\u00e9ostrat\u00e9gique du Maroc qui retient particuli\u00e8rement l\u2019attention de l\u2019agence britannique. En tant que plateforme r\u00e9gionale vers l\u2019Afrique subsaharienne, le pays repr\u00e9sente un point d\u2019ancrage id\u00e9al pour \u00e9tendre l\u2019action de l\u2019UKEF \u00e0 l\u2019ensemble du continent.<\/p>\n<p style=\"text-align: justify;\">L\u2019agence ambitionne ainsi de financer, par le biais d\u2019entreprises marocaines, des projets critiques dans d\u2019autres pays africains. Ces projets concernent notamment les infrastructures hospitali\u00e8res, les r\u00e9seaux routiers ou encore les syst\u00e8mes d\u2019approvisionnement \u00e9nerg\u00e9tique. Et Reid tient \u00e0 le souligner : \u00ab Il ne s\u2019agit pas uniquement de promouvoir l\u2019export britannique. Nous demandons seulement une contribution britannique de 20 % dans les projets. Le reste peut \u00eatre assur\u00e9 localement. Cela signifie plus d\u2019emplois et de d\u00e9veloppement sur le sol marocain. \u00bb<\/p>\n<p style=\"text-align: justify;\">Les chiffres viennent confirmer cette dynamique positive. Les \u00e9changes commerciaux entre le Maroc et le Royaume-Uni atteignent actuellement un niveau record : 3,8 milliards de livres sterling, soit environ 46 milliards de dirhams. Le Maroc s\u2019affirme comme un fournisseur de plus en plus important de produits alimentaires pour le march\u00e9 britannique, consolidant sa place dans les circuits commerciaux post-Brexit.<\/p>\n<p style=\"text-align: justify;\">Parall\u00e8lement, Reid observe un terrain favorable \u00e0 un approfondissement de la coop\u00e9ration financi\u00e8re. Il vante la solidit\u00e9 du secteur bancaire marocain, l\u2019abondance de liquidit\u00e9s et la vitalit\u00e9 de ses entrepreneurs. Autant d\u2019\u00e9l\u00e9ments qui facilitent, selon lui, l\u2019implication des entreprises britanniques sur le march\u00e9 marocain.<\/p>\n<p style=\"text-align: justify;\">Pour l\u2019heure, aucune annonce formelle n\u2019a \u00e9t\u00e9 faite concernant les projets en n\u00e9gociation. \u00ab Il est encore un peu t\u00f4t \u00bb, conc\u00e8de Reid, tout en se montrant confiant : \u00ab Les discussions avancent bien. Nous esp\u00e9rons pouvoir officialiser les premiers projets tr\u00e8s prochainement. \u00bb<\/p>\n<p style=\"text-align: justify;\">En attendant, il encourage vivement les entreprises int\u00e9ress\u00e9es \u00e0 se manifester. \u00ab Il suffit de contacter notre repr\u00e9sentante \u00e0 Casablanca, Meriem Bennani. Notre \u00e9quipe est pleinement mobilis\u00e9e pour accompagner les porteurs de projets \u00bb.<\/p>\n","protected":false},"excerpt":{"rendered":"En visite officielle \u00e0 Casablanca, Tim Reid, directeur g\u00e9n\u00e9ral de l\u2019agence britannique UK Export Finance (UKEF), a livr\u00e9&hellip;\n","protected":false},"author":2,"featured_media":26048,"comment_status":"","ping_status":"","sticky":false,"template":"","format":"standard","meta":{"footnotes":""},"categories":[1588],"tags":[11,879,4427,1777,674,2223,12,473,1853,9288,1851,9289,1850,1852],"class_list":{"0":"post-26047","1":"post","2":"type-post","3":"status-publish","4":"format-standard","5":"has-post-thumbnail","7":"category-royaume-uni","8":"tag-actualites","9":"tag-afrique","10":"tag-energies","11":"tag-eu","12":"tag-europe","13":"tag-maroc","14":"tag-news","15":"tag-royaume-uni","16":"tag-royaume-uni-de-grande-bretagne-et-dirlande-du-nord","17":"tag-tim-reid","18":"tag-uk","19":"tag-ukef","20":"tag-united-kingdom","21":"tag-united-kingdom-of-great-britain-and-northern-ireland"},"share_on_mastodon":{"url":"https:\/\/pubeurope.com\/@fr\/114340606995788389","error":""},"_links":{"self":[{"href":"https:\/\/www.europesays.com\/fr\/wp-json\/wp\/v2\/posts\/26047","targetHints":{"allow":["GET"]}}],"collection":[{"href":"https:\/\/www.europesays.com\/fr\/wp-json\/wp\/v2\/posts"}],"about":[{"href":"https:\/\/www.europesays.com\/fr\/wp-json\/wp\/v2\/types\/post"}],"author":[{"embeddable":true,"href":"https:\/\/www.europesays.com\/fr\/wp-json\/wp\/v2\/users\/2"}],"replies":[{"embeddable":true,"href":"https:\/\/www.europesays.com\/fr\/wp-json\/wp\/v2\/comments?post=26047"}],"version-history":[{"count":0,"href":"https:\/\/www.europesays.com\/fr\/wp-json\/wp\/v2\/posts\/26047\/revisions"}],"wp:featuredmedia":[{"embeddable":true,"href":"https:\/\/www.europesays.com\/fr\/wp-json\/wp\/v2\/media\/26048"}],"wp:attachment":[{"href":"https:\/\/www.europesays.com\/fr\/wp-json\/wp\/v2\/media?parent=26047"}],"wp:term":[{"taxonomy":"category","embeddable":true,"href":"https:\/\/www.europesays.com\/fr\/wp-json\/wp\/v2\/categories?post=26047"},{"taxonomy":"post_tag","embeddable":true,"href":"https:\/\/www.europesays.com\/fr\/wp-json\/wp\/v2\/tags?post=26047"}],"curies":[{"name":"wp","href":"https:\/\/api.w.org\/{rel}","templated":true}]}}