{"id":260472,"date":"2025-07-20T06:12:14","date_gmt":"2025-07-20T06:12:14","guid":{"rendered":"https:\/\/www.europesays.com\/fr\/260472\/"},"modified":"2025-07-20T06:12:14","modified_gmt":"2025-07-20T06:12:14","slug":"qui-sont-les-ligeriens-les-plus-riches","status":"publish","type":"post","link":"https:\/\/www.europesays.com\/fr\/260472\/","title":{"rendered":"qui sont les Lig\u00e9riens les plus riches\u00a0?"},"content":{"rendered":"<p>La famille de <a href=\"https:\/\/www.leprogres.fr\/p\/bernard-arnault\" target=\"_blank\" rel=\"noopener\">Bernard Arnault<\/a> n\u2019est plus la plus riche de France. Pas de quoi s\u2019inqui\u00e9ter, cependant, pour le patron du groupe LVMH, dont la fortune est estim\u00e9e \u00e0 116,7\u00a0milliards d\u2019euros (une baisse de 73,6\u00a0milliards d\u2019euros par rapport \u00e0 2024).<\/p>\n<p class=\"chiffre\">2 : la Loire ne compte plus que deux repr\u00e9sentants dans le classement des 500 plus grandes fortunes fran\u00e7aises. Elle en avait huit en 2011.<\/p>\n<p>Lui et sa famille sont, d\u00e9sormais, deuxi\u00e8mes du classement des 500 plus grandes fortunes fran\u00e7aises que l\u2019hebdomadaire \u00e9conomique <a href=\"https:\/\/www.challenges.fr\/classements\/fortune\/2025\/\" target=\"_blank\" rel=\"noopener\">Challenges<\/a> publie chaque ann\u00e9e depuis 1996 en se basant sur les donn\u00e9es r\u00e9colt\u00e9es, \u00e0 partir des actifs professionnels cot\u00e9s et non cot\u00e9s (le patrimoine personnel tels que les biens immobiliers priv\u00e9s, les voitures ou les \u0153uvres d\u2019art ne sont pas pris en compte).<\/p>\n<p>Les Arnault sont, donc, devanc\u00e9s par un autre leader mondial du luxe\u00a0: la famille Herm\u00e8s (fortune de 163,4\u00a0milliards d\u2019euros, +\u00a08,4\u00a0milliards entre\u00a02024 et\u00a02025).<\/p>\n<p>Si, en 2011, la Loire comptait huit repr\u00e9sentants dans ce&#8230;<\/p>\n","protected":false},"excerpt":{"rendered":"La famille de Bernard Arnault n\u2019est plus la plus riche de France. Pas de quoi s\u2019inqui\u00e9ter, cependant, pour&hellip;\n","protected":false},"author":2,"featured_media":260473,"comment_status":"","ping_status":"","sticky":false,"template":"","format":"standard","meta":{"footnotes":""},"categories":[6],"tags":[35,33,34,7539,107,1011,27,3367,4001,7538,4604,273],"class_list":{"0":"post-260472","1":"post","2":"type-post","3":"status-publish","4":"format-standard","5":"has-post-thumbnail","7":"category-economie","8":"tag-business","9":"tag-economie","10":"tag-economy","11":"tag-edition-loire-sud","12":"tag-fil-info","13":"tag-fr","14":"tag-france","15":"tag-loire","16":"tag-saint-etienne","17":"tag-saint-etienne-ville","18":"tag-selection-abonne","19":"tag-selection-de-la-redaction"},"share_on_mastodon":{"url":"https:\/\/pubeurope.com\/@fr\/114884086502180137","error":""},"_links":{"self":[{"href":"https:\/\/www.europesays.com\/fr\/wp-json\/wp\/v2\/posts\/260472","targetHints":{"allow":["GET"]}}],"collection":[{"href":"https:\/\/www.europesays.com\/fr\/wp-json\/wp\/v2\/posts"}],"about":[{"href":"https:\/\/www.europesays.com\/fr\/wp-json\/wp\/v2\/types\/post"}],"author":[{"embeddable":true,"href":"https:\/\/www.europesays.com\/fr\/wp-json\/wp\/v2\/users\/2"}],"replies":[{"embeddable":true,"href":"https:\/\/www.europesays.com\/fr\/wp-json\/wp\/v2\/comments?post=260472"}],"version-history":[{"count":0,"href":"https:\/\/www.europesays.com\/fr\/wp-json\/wp\/v2\/posts\/260472\/revisions"}],"wp:featuredmedia":[{"embeddable":true,"href":"https:\/\/www.europesays.com\/fr\/wp-json\/wp\/v2\/media\/260473"}],"wp:attachment":[{"href":"https:\/\/www.europesays.com\/fr\/wp-json\/wp\/v2\/media?parent=260472"}],"wp:term":[{"taxonomy":"category","embeddable":true,"href":"https:\/\/www.europesays.com\/fr\/wp-json\/wp\/v2\/categories?post=260472"},{"taxonomy":"post_tag","embeddable":true,"href":"https:\/\/www.europesays.com\/fr\/wp-json\/wp\/v2\/tags?post=260472"}],"curies":[{"name":"wp","href":"https:\/\/api.w.org\/{rel}","templated":true}]}}