{"id":260478,"date":"2025-07-20T06:17:13","date_gmt":"2025-07-20T06:17:13","guid":{"rendered":"https:\/\/www.europesays.com\/fr\/260478\/"},"modified":"2025-07-20T06:17:13","modified_gmt":"2025-07-20T06:17:13","slug":"le-pere-hamel-bientot-beatifie","status":"publish","type":"post","link":"https:\/\/www.europesays.com\/fr\/260478\/","title":{"rendered":"le p\u00e8re Hamel bient\u00f4t b\u00e9atifi\u00e9\u2009?"},"content":{"rendered":"<p>Pr\u00e8s de 12\u2009.000\u202fpages \u2009: le dossier en b\u00e9atification du p\u00e8re Hamel, assassin\u00e9 \u00e0 l&rsquo;\u00e9glise de Saint-\u00c9tienne-du-Rouvray le 26\u202fjuillet 2016, est un pav\u00e9 \u2009! Postulateur de la cause d\u00e9sign\u00e9 par Mgr\u202fDominique Lebrun, archev\u00eaque de <a href=\"https:\/\/www.latribune.fr\/economie\/france\/la-population-de-rouen-au-plus-haut-depuis-50-ans-1016506.html\" target=\"_blank\" rel=\"noopener\">Rouen<\/a>, Paul Vigouroux, cur\u00e9 de Saint-Jacques-sur-Darn\u00e9tal (Seine-Maritime), a pass\u00e9 vingt-deux mois, aid\u00e9 d&rsquo;une dizaine de personnes, \u00e0 collecter des documents, recenser les hom\u00e9lies du disparu&#8230;<\/p>\n<p>La premi\u00e8re audience du proc\u00e8s en b\u00e9atification pour martyre a eu lieu le 20\u202fmai 2017 \u00e0 l&rsquo;archev\u00each\u00e9 de Rouen, o\u00f9 s&rsquo;est aussi tenue la session de cl\u00f4ture de l&rsquo;enqu\u00eate dioc\u00e9saine le 9\u202fmars 2019. Au printemps 2019, le dossier a \u00e9t\u00e9 remis au <a href=\"https:\/\/www.latribune.fr\/climat\/transitions-ecologiques\/pape-francois-un-heritage-durable-dans-la-pensee-ecologique-1023335.html\" target=\"_blank\" rel=\"noopener\">pape Fran\u00e7ois<\/a> au cours d&rsquo;une audience et au dicast\u00e8re pour la cause des saints qui, par un d\u00e9cret le 6\u202favril 2020, a reconnu la validit\u00e9 de l&rsquo;enqu\u00eate.<\/p>\n","protected":false},"excerpt":{"rendered":"Pr\u00e8s de 12\u2009.000\u202fpages \u2009: le dossier en b\u00e9atification du p\u00e8re Hamel, assassin\u00e9 \u00e0 l&rsquo;\u00e9glise de Saint-\u00c9tienne-du-Rouvray le 26\u202fjuillet&hellip;\n","protected":false},"author":2,"featured_media":260479,"comment_status":"","ping_status":"","sticky":false,"template":"","format":"standard","meta":{"footnotes":""},"categories":[9653],"tags":[17,1111,11,5581,2430,40050,10334,1777,674,1011,27,40049,3102,12,6552,25,22412,4001],"class_list":{"0":"post-260478","1":"post","2":"type-post","3":"status-publish","4":"format-standard","5":"has-post-thumbnail","7":"category-saint-etienne","8":"tag-17","9":"tag-actu","10":"tag-actualites","11":"tag-attentat","12":"tag-auvergne-rhone-alpes","13":"tag-beatifie","14":"tag-bientot","15":"tag-eu","16":"tag-europe","17":"tag-fr","18":"tag-france","19":"tag-hamel","20":"tag-la-tribune-dimanche","21":"tag-news","22":"tag-pere","23":"tag-republique-francaise","24":"tag-saint-etienne-du-rouvray","25":"tag-saint-etienne"},"share_on_mastodon":{"url":"https:\/\/pubeurope.com\/@fr\/114884106428630114","error":""},"_links":{"self":[{"href":"https:\/\/www.europesays.com\/fr\/wp-json\/wp\/v2\/posts\/260478","targetHints":{"allow":["GET"]}}],"collection":[{"href":"https:\/\/www.europesays.com\/fr\/wp-json\/wp\/v2\/posts"}],"about":[{"href":"https:\/\/www.europesays.com\/fr\/wp-json\/wp\/v2\/types\/post"}],"author":[{"embeddable":true,"href":"https:\/\/www.europesays.com\/fr\/wp-json\/wp\/v2\/users\/2"}],"replies":[{"embeddable":true,"href":"https:\/\/www.europesays.com\/fr\/wp-json\/wp\/v2\/comments?post=260478"}],"version-history":[{"count":0,"href":"https:\/\/www.europesays.com\/fr\/wp-json\/wp\/v2\/posts\/260478\/revisions"}],"wp:featuredmedia":[{"embeddable":true,"href":"https:\/\/www.europesays.com\/fr\/wp-json\/wp\/v2\/media\/260479"}],"wp:attachment":[{"href":"https:\/\/www.europesays.com\/fr\/wp-json\/wp\/v2\/media?parent=260478"}],"wp:term":[{"taxonomy":"category","embeddable":true,"href":"https:\/\/www.europesays.com\/fr\/wp-json\/wp\/v2\/categories?post=260478"},{"taxonomy":"post_tag","embeddable":true,"href":"https:\/\/www.europesays.com\/fr\/wp-json\/wp\/v2\/tags?post=260478"}],"curies":[{"name":"wp","href":"https:\/\/api.w.org\/{rel}","templated":true}]}}