{"id":260484,"date":"2025-07-20T06:21:11","date_gmt":"2025-07-20T06:21:11","guid":{"rendered":"https:\/\/www.europesays.com\/fr\/260484\/"},"modified":"2025-07-20T06:21:11","modified_gmt":"2025-07-20T06:21:11","slug":"garages-inondes-pas-dascenseur-depuis-18-mois-de-la-moisissure-face-aux-malfacons-inadmissibles-de-leur-immeuble-ces-varois-craquent-et-saisissent-la-justice","status":"publish","type":"post","link":"https:\/\/www.europesays.com\/fr\/260484\/","title":{"rendered":"Garages inond\u00e9s, pas d&rsquo;ascenseur depuis 18 mois, de la moisissure&#8230; face aux malfa\u00e7ons \u00ab\u00a0inadmissibles\u00a0\u00bb de leur immeuble, ces Varois craquent et saisissent la justice"},"content":{"rendered":"<p>\u00ab\u00a0C\u2019est devenu invivable! C\u2019est juste l\u2019enfer\u00a0\u00bb. Cette habitante des Jardins du Coudon, \u00e0\u00a0La Valette-du-Var, n\u2019en peut plus. Et ce n\u2019est pas la seule. Ses voisins sont eux aussi \u00e0 bout.<\/p>\n<p>Et pour cause. Leur r\u00e9sidence, qui contient 77 logements (priv\u00e9s et sociaux), a \u00e9t\u00e9 livr\u00e9e en 2022. Et les premiers (gros) probl\u00e8mes sont apparus en mars 2024.<\/p>\n<p>\u00c0 la suite de fortes pluies, les garages au deuxi\u00e8me sous-sol sont compl\u00e8tement inond\u00e9s. Certaines voitures sont bonnes pour la casse, des affaires stock\u00e9es d\u00e9truites.\u00a0Mais, surtout, les ascenseurs sont compl\u00e8tement hors-service.\u00a0<\/p>\n<p>\u00ab\u00a0Les fosses ont \u00e9t\u00e9 totalement remplies d\u2019eau, s\u2019insurge Joseph Ledda, un propri\u00e9taire. Des devis ont \u00e9t\u00e9 faits pour r\u00e9parer, mais ils s\u2019\u00e9l\u00e8vent \u00e0 160.000 euros pour les quatre ascenseurs&#8230;\u00a0\u00bb<\/p>\n<p>Depuis 18 mois, les habitants ne peuvent qu\u2019utiliser les escaliers.\u00a0\u00ab\u00a0Mon fils est handicap\u00e9. D\u00e8s qu\u2019on rentre \u00e0 la maison je dois le porter puis redescendre et chercher le fauteuil. Et nous ne sommes pas les seuls \u00e0 souffrir de la situation. Dans la r\u00e9sidence, il y a beaucoup de personnes \u00e2g\u00e9es, de gens qui se d\u00e9placent avec des cannes\u2026\u00a0\u00bb, s\u2019emporte une habitante.<\/p>\n<p>Tous s\u2019accordent \u00e0 dire que la situation est intenable. \u00ab\u00a0Rien n\u2019a \u00e9t\u00e9 fait en dix-huit mois, c\u2019est tout simplement inadmissible. Lors de la derni\u00e8re assembl\u00e9e g\u00e9n\u00e9rale de la copropri\u00e9t\u00e9, nous avons vot\u00e9 pour envoyer le promoteur devant la justice.\u00a0\u00bb<\/p>\n<p>                                Probl\u00e8mes de construction<\/p>\n<p>Parce que les r\u00e9sidents en sont persuad\u00e9s, et leur avocat Ma\u00eetre Callen aussi, tous les soucis viennent de malfa\u00e7ons dont le promoteur Spirit, est responsable.<\/p>\n<p>\u00ab\u00a0Si l\u2019on ne fait pas r\u00e9parer les ascenseurs, explique Joseph Ledda, c\u2019est parce que l\u2019on sait qu\u2019\u00e0 la moindre pluie, il y a un risque d\u2019inondation. Le probl\u00e8me vient des pompes qui ont \u00e9t\u00e9 totalement sous-dimensionn\u00e9es. L\u2019une d\u2019elles a \u00e9t\u00e9 chang\u00e9e mais c\u2019est insuffisant. Il y a un souci de conception.\u00a0\u00bb<\/p>\n<p>Ce souci en entra\u00eene malheureusement bien d\u2019autres. De la moisissure est constat\u00e9e dans les appartements, les coupures de chaudi\u00e8re sont r\u00e9guli\u00e8res\u2026<\/p>\n<p>La justice semble \u00eatre la seule solution. \u00ab\u00a0D\u2019autant que des audiences de conciliation n\u2019ont rien donn\u00e9.\u00a0\u00bb <\/p>\n<p>L\u2019avocat de la r\u00e9sidence va demander un r\u00e9f\u00e9r\u00e9-expertise dans l\u2019espoir de faire bouger les choses rapidement.<\/p>\n<p>                                Soutien de l\u2019opposition&#8230; et de la mairie<\/p>\n<p>Depuis plus d\u2019un an, La Valette en action soutient les habitants. \u00ab\u00a0Depuis de long mois, on ne voit rien bouger. Ce n\u2019est pas normal. La situation de ces personnes n\u2019est tout simplement pas admissible\u00a0\u00bb, souligne Olivier Lutersztejn.<\/p>\n<p>L\u2019adjoint Bernard Roux est aussi pr\u00e9sent \u00e0 leur c\u00f4t\u00e9. \u00ab\u00a0La mairie ne peut pas faire grand-chose, c\u2019est priv\u00e9, assure-t-il. Mais il faut que le promoteur prenne ses responsabilit\u00e9s.\u00a0\u00bb<\/p>\n<p>Spirit a d\u00e9j\u00e0 s\u00e9vi \u00e0 La Valette. Juste au-dessus des Jardins du Coudon, il a construit Les Serres du Coudon.<\/p>\n<p>L\u00e0 aussi, des probl\u00e8mes sont survenus d\u2019apr\u00e8s le t\u00e9moignage d\u2019habitants. Aujourd\u2019hui, d\u2019autres projets sont en cours, comme la construction d\u2019un immeuble du c\u00f4t\u00e9 de La Coupiane.<\/p>\n","protected":false},"excerpt":{"rendered":"\u00ab\u00a0C\u2019est devenu invivable! C\u2019est juste l\u2019enfer\u00a0\u00bb. Cette habitante des Jardins du Coudon, \u00e0\u00a0La Valette-du-Var, n\u2019en peut plus. Et&hellip;\n","protected":false},"author":2,"featured_media":260485,"comment_status":"","ping_status":"","sticky":false,"template":"","format":"standard","meta":{"footnotes":""},"categories":[9619],"tags":[1111,11,1777,674,1011,27,12,882,25,2310,3366],"class_list":{"0":"post-260484","1":"post","2":"type-post","3":"status-publish","4":"format-standard","5":"has-post-thumbnail","7":"category-toulon","8":"tag-actu","9":"tag-actualites","10":"tag-eu","11":"tag-europe","12":"tag-fr","13":"tag-france","14":"tag-news","15":"tag-provence-alpes-cote-dazur","16":"tag-republique-francaise","17":"tag-toulon","18":"tag-vie-locale"},"share_on_mastodon":{"url":"https:\/\/pubeurope.com\/@fr\/114884121895520667","error":""},"_links":{"self":[{"href":"https:\/\/www.europesays.com\/fr\/wp-json\/wp\/v2\/posts\/260484","targetHints":{"allow":["GET"]}}],"collection":[{"href":"https:\/\/www.europesays.com\/fr\/wp-json\/wp\/v2\/posts"}],"about":[{"href":"https:\/\/www.europesays.com\/fr\/wp-json\/wp\/v2\/types\/post"}],"author":[{"embeddable":true,"href":"https:\/\/www.europesays.com\/fr\/wp-json\/wp\/v2\/users\/2"}],"replies":[{"embeddable":true,"href":"https:\/\/www.europesays.com\/fr\/wp-json\/wp\/v2\/comments?post=260484"}],"version-history":[{"count":0,"href":"https:\/\/www.europesays.com\/fr\/wp-json\/wp\/v2\/posts\/260484\/revisions"}],"wp:featuredmedia":[{"embeddable":true,"href":"https:\/\/www.europesays.com\/fr\/wp-json\/wp\/v2\/media\/260485"}],"wp:attachment":[{"href":"https:\/\/www.europesays.com\/fr\/wp-json\/wp\/v2\/media?parent=260484"}],"wp:term":[{"taxonomy":"category","embeddable":true,"href":"https:\/\/www.europesays.com\/fr\/wp-json\/wp\/v2\/categories?post=260484"},{"taxonomy":"post_tag","embeddable":true,"href":"https:\/\/www.europesays.com\/fr\/wp-json\/wp\/v2\/tags?post=260484"}],"curies":[{"name":"wp","href":"https:\/\/api.w.org\/{rel}","templated":true}]}}