{"id":260490,"date":"2025-07-20T06:30:11","date_gmt":"2025-07-20T06:30:11","guid":{"rendered":"https:\/\/www.europesays.com\/fr\/260490\/"},"modified":"2025-07-20T06:30:11","modified_gmt":"2025-07-20T06:30:11","slug":"dans-le-nord-de-lille-et-vilaine-le-pilote-dune-trottinette-meurt-percute-par-une-voiture","status":"publish","type":"post","link":"https:\/\/www.europesays.com\/fr\/260490\/","title":{"rendered":"Dans le nord de l\u2019Ille-et-Vilaine, le pilote d\u2019une trottinette meurt percut\u00e9 par une voiture"},"content":{"rendered":"<p>\u00c0 1 h 55, ce dimanche, les pompiers ont \u00e9t\u00e9 appel\u00e9s, un accident venant de se produire sur la D797, \u00e0 hauteur de Saint-Georges-de-Gr\u00e9haigne (35). Un accident dans lequel une voiture et une trottinette ont \u00e9t\u00e9 impliqu\u00e9es.<\/p>\n<p>\u00c0 l\u2019issue de la r\u00e9animation, le trottinettiste &#8211; un homme de 56 ans d\u2019origine espagnole &#8211; a \u00e9t\u00e9 d\u00e9clar\u00e9 d\u00e9c\u00e9d\u00e9. Quant \u00e0 l\u2019automobiliste, il a pris la fuite.<\/p>\n","protected":false},"excerpt":{"rendered":"\u00c0 1 h 55, ce dimanche, les pompiers ont \u00e9t\u00e9 appel\u00e9s, un accident venant de se produire sur&hellip;\n","protected":false},"author":2,"featured_media":260491,"comment_status":"","ping_status":"","sticky":false,"template":"","format":"standard","meta":{"footnotes":""},"categories":[2821],"tags":[3085,1111,11,829,765,1777,674,118,1011,27,848,12,584,25],"class_list":{"0":"post-260490","1":"post","2":"type-post","3":"status-publish","4":"format-standard","5":"has-post-thumbnail","7":"category-rennes","8":"tag-accidents","9":"tag-actu","10":"tag-actualites","11":"tag-bretagne","12":"tag-en-continu","13":"tag-eu","14":"tag-europe","15":"tag-faits-divers","16":"tag-fr","17":"tag-france","18":"tag-ille-et-vilaine","19":"tag-news","20":"tag-rennes","21":"tag-republique-francaise"},"share_on_mastodon":{"url":"https:\/\/pubeurope.com\/@fr\/114884157359684111","error":""},"_links":{"self":[{"href":"https:\/\/www.europesays.com\/fr\/wp-json\/wp\/v2\/posts\/260490","targetHints":{"allow":["GET"]}}],"collection":[{"href":"https:\/\/www.europesays.com\/fr\/wp-json\/wp\/v2\/posts"}],"about":[{"href":"https:\/\/www.europesays.com\/fr\/wp-json\/wp\/v2\/types\/post"}],"author":[{"embeddable":true,"href":"https:\/\/www.europesays.com\/fr\/wp-json\/wp\/v2\/users\/2"}],"replies":[{"embeddable":true,"href":"https:\/\/www.europesays.com\/fr\/wp-json\/wp\/v2\/comments?post=260490"}],"version-history":[{"count":0,"href":"https:\/\/www.europesays.com\/fr\/wp-json\/wp\/v2\/posts\/260490\/revisions"}],"wp:featuredmedia":[{"embeddable":true,"href":"https:\/\/www.europesays.com\/fr\/wp-json\/wp\/v2\/media\/260491"}],"wp:attachment":[{"href":"https:\/\/www.europesays.com\/fr\/wp-json\/wp\/v2\/media?parent=260490"}],"wp:term":[{"taxonomy":"category","embeddable":true,"href":"https:\/\/www.europesays.com\/fr\/wp-json\/wp\/v2\/categories?post=260490"},{"taxonomy":"post_tag","embeddable":true,"href":"https:\/\/www.europesays.com\/fr\/wp-json\/wp\/v2\/tags?post=260490"}],"curies":[{"name":"wp","href":"https:\/\/api.w.org\/{rel}","templated":true}]}}