{"id":260494,"date":"2025-07-20T06:32:11","date_gmt":"2025-07-20T06:32:11","guid":{"rendered":"https:\/\/www.europesays.com\/fr\/260494\/"},"modified":"2025-07-20T06:32:11","modified_gmt":"2025-07-20T06:32:11","slug":"vacances-feu-dartifice-et-braderie","status":"publish","type":"post","link":"https:\/\/www.europesays.com\/fr\/260494\/","title":{"rendered":"vacances, feu d\u2019artifice et braderie"},"content":{"rendered":"<p>Le 14, entre le d\u00e9fil\u00e9 militaire du matin, et le feu d\u2019artifice du soir, la ville d\u00e9sert\u00e9e de ses habitants est livr\u00e9e aux touristes. Le centre-ville et son secteur pi\u00e9tonnier ont la primeur des estivants qui y d\u00e9ambulent sous une chaleur orageuse avec un thermom\u00e8tre qui affiche les 32 degr\u00e9s \u00e0 l\u2019ombre. Comme l\u2019an pass\u00e9, les \u00e9conomies d\u2019\u00e9nergie mettent le d\u00e9fil\u00e9 militaire au pas, sans blind\u00e9s ni avions. Le public qui s\u2019est d\u00e9plac\u00e9 avenue des Vosges ce lundi matin est quelque peu d\u00e9\u00e7u, surtout les enfants, par l\u2019absence d\u2019engins motoris\u00e9s. En soir\u00e9e, la foule se d\u00e9place vers les quais ainsi que devant la cath\u00e9drale d\u2019o\u00f9 est tir\u00e9 le traditionnel feu d\u2019artifice. Quatre artificiers ont \u0153uvr\u00e9 toute la journ\u00e9e sur la plate-forme pour installer les batteries qui envoient leurs gerbes d\u2019\u00e9toiles au-dessus de la fl\u00e8che de Notre-Dame. Plus bref que d\u2019habitude mais toujours aussi beau, le feu d\u2019artifice 1975 a co\u00fbt\u00e9 15\u00a0000\u00a0F \u00e0 la communaut\u00e9.<\/p>\n<p>Depuis la fermeture cette ann\u00e9e du camping de la place de&#8230;<\/p>\n","protected":false},"excerpt":{"rendered":"Le 14, entre le d\u00e9fil\u00e9 militaire du matin, et le feu d\u2019artifice du soir, la ville d\u00e9sert\u00e9e de&hellip;\n","protected":false},"author":2,"featured_media":260495,"comment_status":"","ping_status":"","sticky":false,"template":"","format":"standard","meta":{"footnotes":""},"categories":[2820],"tags":[1111,11,2880,1777,674,107,1011,27,775,937,12,25,104,640,2879],"class_list":{"0":"post-260494","1":"post","2":"type-post","3":"status-publish","4":"format-standard","5":"has-post-thumbnail","7":"category-strasbourg","8":"tag-actu","9":"tag-actualites","10":"tag-edition-strasbourg","11":"tag-eu","12":"tag-europe","13":"tag-fil-info","14":"tag-fr","15":"tag-france","16":"tag-grand-est","17":"tag-histoire","18":"tag-news","19":"tag-republique-francaise","20":"tag-societe","21":"tag-strasbourg","22":"tag-strasbourg-ville"},"share_on_mastodon":{"url":"https:\/\/pubeurope.com\/@fr\/114884165211405241","error":""},"_links":{"self":[{"href":"https:\/\/www.europesays.com\/fr\/wp-json\/wp\/v2\/posts\/260494","targetHints":{"allow":["GET"]}}],"collection":[{"href":"https:\/\/www.europesays.com\/fr\/wp-json\/wp\/v2\/posts"}],"about":[{"href":"https:\/\/www.europesays.com\/fr\/wp-json\/wp\/v2\/types\/post"}],"author":[{"embeddable":true,"href":"https:\/\/www.europesays.com\/fr\/wp-json\/wp\/v2\/users\/2"}],"replies":[{"embeddable":true,"href":"https:\/\/www.europesays.com\/fr\/wp-json\/wp\/v2\/comments?post=260494"}],"version-history":[{"count":0,"href":"https:\/\/www.europesays.com\/fr\/wp-json\/wp\/v2\/posts\/260494\/revisions"}],"wp:featuredmedia":[{"embeddable":true,"href":"https:\/\/www.europesays.com\/fr\/wp-json\/wp\/v2\/media\/260495"}],"wp:attachment":[{"href":"https:\/\/www.europesays.com\/fr\/wp-json\/wp\/v2\/media?parent=260494"}],"wp:term":[{"taxonomy":"category","embeddable":true,"href":"https:\/\/www.europesays.com\/fr\/wp-json\/wp\/v2\/categories?post=260494"},{"taxonomy":"post_tag","embeddable":true,"href":"https:\/\/www.europesays.com\/fr\/wp-json\/wp\/v2\/tags?post=260494"}],"curies":[{"name":"wp","href":"https:\/\/api.w.org\/{rel}","templated":true}]}}