{"id":260498,"date":"2025-07-20T06:34:09","date_gmt":"2025-07-20T06:34:09","guid":{"rendered":"https:\/\/www.europesays.com\/fr\/260498\/"},"modified":"2025-07-20T06:34:09","modified_gmt":"2025-07-20T06:34:09","slug":"pres-de-nice-un-restaurant-avec-vue-panoramique-ouvre-dans-cet-hotel-de-luxe","status":"publish","type":"post","link":"https:\/\/www.europesays.com\/fr\/260498\/","title":{"rendered":"Pr\u00e8s de Nice. Un restaurant avec vue panoramique ouvre dans cet h\u00f4tel de luxe"},"content":{"rendered":"<p>            Par<br \/>\n        <strong><br \/>\n            <a href=\"https:\/\/actu.fr\/auteur\/ugo-maillard\" title=\"Consulter tous les articles de Ugo Maillard\" rel=\"nofollow noopener\" target=\"_blank\">Ugo Maillard<\/a><br \/>\n        <\/strong><\/p>\n<p>        Publi\u00e9 le<\/p>\n<p>            20 juil. 2025 \u00e0 8h16        <\/p>\n<p>Un restaurant gastronomique dans un \u00e9tablissement de prestige. Le 26\u00a0juin 2025, le restaurant Bistronomique Beach a ouvert au sein des murs de l\u2019<strong>h\u00f4tel 4 \u00e9toiles du Royalmar<\/strong> situ\u00e9 \u00e0 <a href=\"https:\/\/actu.fr\/provence-alpes-cote-d-azur\/cagnes-sur-mer_06027\" rel=\"nofollow noopener\" target=\"_blank\">Cagnes-sur-Mer<\/a> dans les <a href=\"https:\/\/actu.fr\/provence-alpes-cote-d-azur\/alpes-maritimes_06\" rel=\"nofollow noopener\" target=\"_blank\">Alpes-Maritimes<\/a>.<\/p>\n<p class=\" wall-content\">Cette table, qui n\u2019est \u00e9videmment pas r\u00e9serv\u00e9e aux clients de l\u2019h\u00f4tel, souhaite m\u00ealer \u00ab\u2009l\u2019\u00e9l\u00e9gance m\u00e9diterran\u00e9enne et cr\u00e9ativit\u00e9 culinaire face \u00e0 la mer\u2009\u00bb.<\/p>\n<p class=\" wall-content\">Pr\u00e9sentation de ce nouveau restaurant de la C\u00f4te d\u2019Azur.<\/p>\n<p>Des plats en dessous de 40\u00a0euros<\/p>\n<p class=\" wall-content\">Rendez-vous au 22 Promenade de la plage \u00e0 Cagnes-sur-Mer, pr\u00e8s de <a href=\"https:\/\/actu.fr\/nice\/\" rel=\"nofollow noopener\" target=\"_blank\">Nice<\/a>, pour d\u00e9couvrir ce restaurant ouvert tous les jours le midi et le soir.<\/p>\n<p>    <a href=\"https:\/\/www.google.com\/maps\/embed?pb=!1m18!1m12!1m3!1d5773.406274514926!2d7.154714075741205!3d43.65434435235744!2m3!1f0!2f0!3f0!3m2!1i1024!2i768!4f13.1!3m3!1m2!1s0x12cdd392cba58ca1%3A0x999350f416b68922!2s22%20Prom.%20de%20la%20Plage%2C%2006800%20Cagnes-sur-Mer!5e0!3m2!1sfr!2sfr!4v1752769444397!5m2!1sfr!2sfr\" title=\"Ouvrie le lien\" rel=\"nofollow noopener\" target=\"_blank\">Cliquez ici pour visualiser le contenu<\/a><\/p>\n<p>Vid\u00e9os : en ce moment sur Actu<\/p>\n<p class=\" wall-content\">Sur la carte, les entr\u00e9es vont de 18 \u00e0 21\u00a0euros, tandis que les plats sont affich\u00e9s <strong>de 28 \u00e0 39\u00a0euros<\/strong>. Il est possible de d\u00e9guster un poulpe grill\u00e9, un filet de b\u0153uf ou encore des p\u00e2tes \u00e0 la truffe.<\/p>\n<p class=\" wall-content\"><a href=\"https:\/\/www.instagram.com\/p\/DLVCqzUovl1\/embed\" title=\"Ouvrir le lien sur Instagram\" rel=\"nofollow noopener\" target=\"_blank\">Visualiser le contenu sur Instagram<\/a><\/p>\n<blockquote class=\"ac-article-quote wall-content\">\n<p>Aux commandes des fourneaux, le Chef Fr\u00e9d\u00e9ric Geens, belge d\u2019origine et amoureux de la C\u00f4te d\u2019Azur, insuffle sa vision d\u2019une bistronomie sensible et voyageuse. Derni\u00e8rement Chef ex\u00e9cutif dans de prestigieuses maisons \u00e9toil\u00e9es en Belgique, il livre ici une cuisine maison qui c\u00e9l\u00e8bre les produits ultra-frais, les accents m\u00e9diterran\u00e9ens, les \u00e9pices asiatiques, les notes italiennes et les souvenirs gourmands de son enfance bruxelloise.\u00a0 <\/p>\n<p>    <strong>Bistronomique beach<\/strong>\n            <\/p><\/blockquote>\n<p>Les r\u00e9servations sont possibles au 04\u200993\u200973\u200939\u200952 ou sur le site <a href=\"https:\/\/bistronomiquebeach.com\/?utm_source=experience%20hotel%20marketing&amp;utm_medium=marketing%20email&amp;utm_campaign=copie-de-cp-royalmar-174137\" rel=\"nofollow noopener\" target=\"_blank\">Internet<\/a> du restaurant.<\/p>\n<p class=\" wall-content\">Suivez toute l\u2019actualit\u00e9 de vos villes et m\u00e9dias favoris en vous inscrivant \u00e0 <a href=\"https:\/\/moncompte.actu.fr\" title=\"D\u00e9couvez Mon Actu\" rel=\"nofollow noopener\" data-trk=\"{&quot;cta&quot;:{&quot;action&quot;:&quot;https:\\\/\\\/moncompte.actu.fr&quot;,&quot;category&quot;:&quot;mon compte&quot;,&quot;from&quot;:&quot;article footer&quot;,&quot;name&quot;:&quot;Mon actu&quot;,&quot;type&quot;:&quot;cta&quot;}}\" target=\"_blank\">Mon Actu<\/a>.<\/p>\n<p>                    <script async src=\"\/\/www.instagram.com\/embed.js\"><\/script><\/p>\n","protected":false},"excerpt":{"rendered":"Par Ugo Maillard Publi\u00e9 le 20 juil. 2025 \u00e0 8h16 Un restaurant gastronomique dans un \u00e9tablissement de prestige.&hellip;\n","protected":false},"author":2,"featured_media":260499,"comment_status":"","ping_status":"","sticky":false,"template":"","format":"standard","meta":{"footnotes":""},"categories":[2819],"tags":[1111,11,1777,674,1011,27,1661,1305,12,2401,882,25,1340],"class_list":{"0":"post-260498","1":"post","2":"type-post","3":"status-publish","4":"format-standard","5":"has-post-thumbnail","7":"category-nice","8":"tag-actu","9":"tag-actualites","10":"tag-eu","11":"tag-europe","12":"tag-fr","13":"tag-france","14":"tag-gastronomie","15":"tag-lifestyle","16":"tag-news","17":"tag-nice","18":"tag-provence-alpes-cote-dazur","19":"tag-republique-francaise","20":"tag-restaurant"},"share_on_mastodon":{"url":"https:\/\/pubeurope.com\/@fr\/114884173113388768","error":""},"_links":{"self":[{"href":"https:\/\/www.europesays.com\/fr\/wp-json\/wp\/v2\/posts\/260498","targetHints":{"allow":["GET"]}}],"collection":[{"href":"https:\/\/www.europesays.com\/fr\/wp-json\/wp\/v2\/posts"}],"about":[{"href":"https:\/\/www.europesays.com\/fr\/wp-json\/wp\/v2\/types\/post"}],"author":[{"embeddable":true,"href":"https:\/\/www.europesays.com\/fr\/wp-json\/wp\/v2\/users\/2"}],"replies":[{"embeddable":true,"href":"https:\/\/www.europesays.com\/fr\/wp-json\/wp\/v2\/comments?post=260498"}],"version-history":[{"count":0,"href":"https:\/\/www.europesays.com\/fr\/wp-json\/wp\/v2\/posts\/260498\/revisions"}],"wp:featuredmedia":[{"embeddable":true,"href":"https:\/\/www.europesays.com\/fr\/wp-json\/wp\/v2\/media\/260499"}],"wp:attachment":[{"href":"https:\/\/www.europesays.com\/fr\/wp-json\/wp\/v2\/media?parent=260498"}],"wp:term":[{"taxonomy":"category","embeddable":true,"href":"https:\/\/www.europesays.com\/fr\/wp-json\/wp\/v2\/categories?post=260498"},{"taxonomy":"post_tag","embeddable":true,"href":"https:\/\/www.europesays.com\/fr\/wp-json\/wp\/v2\/tags?post=260498"}],"curies":[{"name":"wp","href":"https:\/\/api.w.org\/{rel}","templated":true}]}}