{"id":260503,"date":"2025-07-20T06:38:36","date_gmt":"2025-07-20T06:38:36","guid":{"rendered":"https:\/\/www.europesays.com\/fr\/260503\/"},"modified":"2025-07-20T06:38:36","modified_gmt":"2025-07-20T06:38:36","slug":"lhotel-de-basquiat-demeure-historique-du-recteur-mis-en-vente-par-la-ville-de-bordeaux","status":"publish","type":"post","link":"https:\/\/www.europesays.com\/fr\/260503\/","title":{"rendered":"L&rsquo;H\u00f4tel de Basquiat, demeure historique du recteur, mis en vente par la Ville de Bordeaux"},"content":{"rendered":"<p class=\"wp-block-post-excerpt__excerpt\">La municipalit\u00e9 a fait le choix de mettre en vente la demeure historique du recteur de l\u2019Acad\u00e9mie de Bordeaux. Une d\u00e9cision justifi\u00e9e par les frais importants que n\u00e9cessiteraient une conversion du lieu en espace recevant du public, affirmation qui ne passe pas aupr\u00e8s de l\u2019opposition. Premier volet de notre s\u00e9rie d\u2019\u00e9t\u00e9 : \u00ab\u00a0Patrimoine \u00e0 la trappe\u00a0\u00bb. <\/p>\n<p><a href=\"https:\/\/rue89bordeaux.com\/category\/kiosque-abonne\/\" rel=\"tag noopener\" target=\"_blank\">\u00c9dition abonn\u00e9s<\/a>, <a href=\"https:\/\/rue89bordeaux.com\/category\/histoire\/\" rel=\"tag noopener\" target=\"_blank\">Histoire<\/a><\/p>\n<p>Margaux B\u00e9gards<\/p>\n<p>Publi\u00e9 le 16 juillet 2025\u00a0\u00a0\u00b7\u00a0\u00a0<\/p>\n<p>Imprim\u00e9 le 20 juillet 2025 \u00e0 08h38\u00a0\u00a0\u00b7\u00a0\u00a0<\/p>\n<p>\t\t\t\t\t5\u00a0minutes\n<\/p>\n<p>A vendre, h\u00f4tel particulier avec cour d\u2019honneur dans l\u2019hyper-centre de Bordeaux. Situ\u00e9 au 29 cours d\u2019Albret, face au Mus\u00e9e des Beaux-Arts, l\u2019H\u00f4tel de Basquiat \u00e9tait jusqu\u2019il y a peu la r\u00e9sidence des recteurs et rectrices de l\u2019Acad\u00e9mie de Bordeaux. Il est aujourd\u2019hui mis en vente par la municipalit\u00e9.<\/p>\n<p>Depuis sa prise de fonctions, la majorit\u00e9 \u00e9cologiste de Pierre Hurmic s\u2019est lanc\u00e9e dans un \u00e9tat des lieux de son patrimoine municipal. Ce recensement a permis de mettre en lumi\u00e8re le loyer assez faible de ce joyau du XVIIIe qu\u2019est l\u2019H\u00f4tel de Basquiat : l\u2019Education Nationale ne payait que 43 000 euros \u00e0 l\u2019ann\u00e9e, quand les Domaines r\u00e9\u00e9valuent le loyer \u00e0 115 000 euros par an.<\/p>\n<p>La Mairie propose alors d\u2019\u00e9chelonner la remise \u00e0 niveau sur six ans, une solution refus\u00e9e par le Rectorat et le Minist\u00e8re qui, dans l\u2019objectif de faire des \u00e9conomies, choisissent de quitter les lieux \u00e0 la rentr\u00e9e 2024.<\/p>\n<p>Seulement, ce bien est un poids pour la Mairie, et ce, pour plusieurs raisons : prot\u00e9g\u00e9 au titre des monuments historiques depuis 1959, \u00e0 l\u2019int\u00e9rieur comme \u00e0 l\u2019ext\u00e9rieur, il est soumis \u00e0 bon nombre de restrictions, ce qui complique sa r\u00e9novation, et par extension sa mise aux normes pour une ouverture au public. De plus, le lieu ne comporte aucun acc\u00e8s pour personne \u00e0 mobilit\u00e9 r\u00e9duite (PMR).<\/p>\n<p>Rue89 Bordeaux a besoin de vos dons<\/p>\n<p>Mille mercis \u00e0 nos 131 donateurs ! Gr\u00e2ce \u00e0 vous, nous avons atteint notre objectif initial de 10\u202f000\u202f\u20ac. Ce soutien va nous permettre de renflouer notre tr\u00e9sorerie, apr\u00e8s le d\u00e9sengagement en 2025 d\u2019un annonceur important \u2013 Bordeaux M\u00e9tropole \u2013 et de r\u00e9gler nos factures en attente.<br \/>Cependant, la cagnotte reste ouverte jusqu\u2019\u00e0 fin septembre afin de vous laisser l\u2019occasion de continuer \u00e0 soutenir votre m\u00e9dia ind\u00e9pendant. Chaque don est d\u00e9ductible des imp\u00f4ts \u00e0 hauteur de 66\u202f%. En recevoir davantage nous permettra de consolider nos finances, d\u2019envisager une rentr\u00e9e sereine, et surtout, d\u2019enrichir nos contenus et de renforcer notre r\u00e9daction.<\/p>\n<p><\/p>\n<p class=\"has-primary-color has-text-color\">\n\t\t\t<strong> Cet article fait partie de l\u2019\u00e9dition abonn\u00e9s.<\/strong><br \/>\n\t\t\t| D\u00e9j\u00e0 abonn\u00e9\u00a0?<br \/>\n\t\t\t<a href=\"https:\/\/rue89bordeaux.com\/user\/login\/\" data-type=\"page\" data-id=\"26256\" target=\"_blank\" rel=\"noopener\">Connectez-vous<\/a>\n\t\t<\/p>\n<p>Abonnez-vous maintenant pour poursuivre votre lecture<\/p>\n<p><img loading=\"lazy\" decoding=\"async\" width=\"607\" height=\"480\" src=\"https:\/\/www.europesays.com\/fr\/wp-content\/uploads\/2025\/04\/1744387698_768_04-paywall.png\" alt=\"Abonnez-vous\" class=\"wp-image-128438\" style=\"aspect-ratio:1.2645833333333334;width:281px;height:auto\"  \/><\/p>\n<p>\t\t\t<a href=\"https:\/\/rue89bordeaux.com\/\" class=\"custom-logo-link\" rel=\"home noopener\" target=\"_blank\"><img loading=\"lazy\" decoding=\"async\" width=\"290\" height=\"49\" src=\"https:\/\/www.europesays.com\/fr\/wp-content\/uploads\/2025\/04\/logo.png\" class=\"custom-logo\" alt=\"Rue89Bordeaux Enqu\u00eates et informations de proximit\u00e9\"  \/><\/a><\/p>\n<p>\n\t\t\t\tAbonnez-vous maintenant pour suivre l\u2019actualit\u00e9 locale.\t\t\t<\/p>\n<p class=\"font-bold font-serif-heading mb-2 text-4xl\">\n\t\t\t\t\t\tL\u2019investigation locale \u00e0 port\u00e9e de main.\n\t\t\t\t\t<\/p>\n<p>\n\t\t\t\t\t\tAbonnez-vous et profitez d\u2019un acc\u00e8s illimit\u00e9 \u00e0 Rue89Bordeaux. Annulez quand vous voulez.\n\t\t\t\t\t<\/p>\n<p class=\"xl:text-sm\">\n\t\t\t\t\tD\u00e9j\u00e0 abonn\u00e9\u00a0?<br \/>\n\t\t\t\t\t<a class=\"border border-transparent text-center transition-colors duration-instant focus:border-info focus:rounded focus:shadow-focus cursor-pointer text-black hover:text-gray-700 active:bg-black-700 font-semibold inline-block\" href=\"https:\/\/rue89bordeaux.com\/user\/login\/?redirect=\/2025\/07\/lhotel-de-basquiat-demeure-historique-du-recteur-mis-en-vente-par-la-ville-de-bordeaux\/\" target=\"_blank\" rel=\"noopener\">Connectez-vous<\/a>\t\t\t\t<\/p>\n<p>\n\t\t\t\tChoisissez votre formule\u00a0:\n\t\t\t<\/p>\n<p>\t\t\t\tFermer<\/p>\n","protected":false},"excerpt":{"rendered":"La municipalit\u00e9 a fait le choix de mettre en vente la demeure historique du recteur de l\u2019Acad\u00e9mie de&hellip;\n","protected":false},"author":2,"featured_media":260504,"comment_status":"","ping_status":"","sticky":false,"template":"","format":"standard","meta":{"footnotes":""},"categories":[2817],"tags":[1111,11,1997,1777,674,1011,27,12,2219,2551,25,17076],"class_list":{"0":"post-260503","1":"post","2":"type-post","3":"status-publish","4":"format-standard","5":"has-post-thumbnail","7":"category-bordeaux","8":"tag-actu","9":"tag-actualites","10":"tag-bordeaux","11":"tag-eu","12":"tag-europe","13":"tag-fr","14":"tag-france","15":"tag-news","16":"tag-nouvelle-aquitaine","17":"tag-patrimoine","18":"tag-republique-francaise","19":"tag-ville-de-bordeaux"},"share_on_mastodon":{"url":"https:\/\/pubeurope.com\/@fr\/114884188968732794","error":""},"_links":{"self":[{"href":"https:\/\/www.europesays.com\/fr\/wp-json\/wp\/v2\/posts\/260503","targetHints":{"allow":["GET"]}}],"collection":[{"href":"https:\/\/www.europesays.com\/fr\/wp-json\/wp\/v2\/posts"}],"about":[{"href":"https:\/\/www.europesays.com\/fr\/wp-json\/wp\/v2\/types\/post"}],"author":[{"embeddable":true,"href":"https:\/\/www.europesays.com\/fr\/wp-json\/wp\/v2\/users\/2"}],"replies":[{"embeddable":true,"href":"https:\/\/www.europesays.com\/fr\/wp-json\/wp\/v2\/comments?post=260503"}],"version-history":[{"count":0,"href":"https:\/\/www.europesays.com\/fr\/wp-json\/wp\/v2\/posts\/260503\/revisions"}],"wp:featuredmedia":[{"embeddable":true,"href":"https:\/\/www.europesays.com\/fr\/wp-json\/wp\/v2\/media\/260504"}],"wp:attachment":[{"href":"https:\/\/www.europesays.com\/fr\/wp-json\/wp\/v2\/media?parent=260503"}],"wp:term":[{"taxonomy":"category","embeddable":true,"href":"https:\/\/www.europesays.com\/fr\/wp-json\/wp\/v2\/categories?post=260503"},{"taxonomy":"post_tag","embeddable":true,"href":"https:\/\/www.europesays.com\/fr\/wp-json\/wp\/v2\/tags?post=260503"}],"curies":[{"name":"wp","href":"https:\/\/api.w.org\/{rel}","templated":true}]}}