{"id":260513,"date":"2025-07-20T06:44:13","date_gmt":"2025-07-20T06:44:13","guid":{"rendered":"https:\/\/www.europesays.com\/fr\/260513\/"},"modified":"2025-07-20T06:44:13","modified_gmt":"2025-07-20T06:44:13","slug":"sur-les-traces-de-cezanne-dans-le-quartier-de-lestaque-a-marseille","status":"publish","type":"post","link":"https:\/\/www.europesays.com\/fr\/260513\/","title":{"rendered":"Sur les traces de Cezanne dans le quartier de l&rsquo;Estaque \u00e0 Marseille"},"content":{"rendered":"<p>Les toits ocres et pentus des maisons, l&rsquo;odeur des pins au soleil, les collines opalines\u00a0: les paysages de l&rsquo;Estaque (16e), petit village de p\u00eacheurs au pied de la cha\u00eene de la Nerthe, s\u00e9duisent <a href=\"https:\/\/www.laprovence.com\/article\/region\/4789693723686414\/reinscrire-cezanne-dans-un-contexte-moderne-lauteur-martegal-bernard-fauconnier-publie-une-bd-sur-le-peintre\" target=\"_blank\" rel=\"nofollow noopener\">Paul Cezanne (1839 &#8211; 1906)<\/a>. Originaire d&rsquo;Aix-en-Provence, le peintre s&rsquo;y rend \u00e0 plusieurs reprises. C&rsquo;est en 1864, qu&rsquo;il vient s&rsquo;y r\u00e9fugier avec sa compagne pour \u00e9chapper \u00e0 la conscription. Il y r\u00e9alisera 53 \u0153uvres : 32 toiles, 18 dessins et deux aquarelles.<\/p>\n<p>Les rochers puis le port<\/p>\n<p>Ici, Paul Cezanne d\u00e9cidera d&rsquo;abord de peindre les rochers au bord de l&rsquo;eau. \u00ab\u00a0Je cherche \u00e0 rendre la perspective uniquement par la couleur\u00a0\u00bb \u00e9crit-il. Dans son \u0153uvre\u00a0La Mer \u00e0 l&rsquo;Estaque derri\u00e8re les arbres (1879), le peintre reprend cette id\u00e9e en jouant sur les aplats de couleurs entre les toits proven\u00e7aux et la mer impassible. \u00ab\u00a0J&rsquo;ai commenc\u00e9 deux petits motifs o\u00f9 il y a la mer&#8230; C&rsquo;est comme une carte \u00e0 jouer, des toits rouges sur la mer bleue\u00a0\u00bb, \u00e9crit-il dans une lettre adress\u00e9e au peintre Camille Pissarro, en\u00a01876.<\/p>\n<p>Tr\u00e8s vite, l&rsquo;artiste peint ses premi\u00e8res toiles du port anim\u00e9, des usines et falaises de calcaires&#8230;<\/p>\n<p>Puis, des sc\u00e8nes plus intimes comme le restaurant Mistral, connu pour sa <a href=\"https:\/\/www.laprovence.com\/article\/economie\/28086291751195\/la-bouillabaisse-de-chez-michel-la-recette-de-la-longevite\" target=\"_blank\" rel=\"nofollow noopener\">bouillabaisse<\/a>, avec des silhouettes. Sur la cr\u00eate du Marinier, il grimpe dans les hauteurs, avec chevalet et pinceaux pour saisir Marseille\u00a0: Le Golfe de Marseille vu de l&rsquo;Estaque (1885), aujourd&rsquo;hui au mus\u00e9e d&rsquo;Orsay.<\/p>\n","protected":false},"excerpt":{"rendered":"Les toits ocres et pentus des maisons, l&rsquo;odeur des pins au soleil, les collines opalines\u00a0: les paysages de&hellip;\n","protected":false},"author":2,"featured_media":260514,"comment_status":"","ping_status":"","sticky":false,"template":"","format":"standard","meta":{"footnotes":""},"categories":[2814],"tags":[17,1111,11,5649,1446,1777,674,1011,27,10853,151,2831,884,12,882,5775,25,3356,20172],"class_list":{"0":"post-260513","1":"post","2":"type-post","3":"status-publish","4":"format-standard","5":"has-post-thumbnail","7":"category-marseille","8":"tag-17","9":"tag-actu","10":"tag-actualites","11":"tag-cezanne","12":"tag-dans","13":"tag-eu","14":"tag-europe","15":"tag-fr","16":"tag-france","17":"tag-lestaque","18":"tag-les","19":"tag-loisirs-traditions","20":"tag-marseille","21":"tag-news","22":"tag-provence-alpes-cote-dazur","23":"tag-quartier","24":"tag-republique-francaise","25":"tag-sur","26":"tag-traces"},"share_on_mastodon":{"url":"https:\/\/pubeurope.com\/@fr\/114884212392847345","error":""},"_links":{"self":[{"href":"https:\/\/www.europesays.com\/fr\/wp-json\/wp\/v2\/posts\/260513","targetHints":{"allow":["GET"]}}],"collection":[{"href":"https:\/\/www.europesays.com\/fr\/wp-json\/wp\/v2\/posts"}],"about":[{"href":"https:\/\/www.europesays.com\/fr\/wp-json\/wp\/v2\/types\/post"}],"author":[{"embeddable":true,"href":"https:\/\/www.europesays.com\/fr\/wp-json\/wp\/v2\/users\/2"}],"replies":[{"embeddable":true,"href":"https:\/\/www.europesays.com\/fr\/wp-json\/wp\/v2\/comments?post=260513"}],"version-history":[{"count":0,"href":"https:\/\/www.europesays.com\/fr\/wp-json\/wp\/v2\/posts\/260513\/revisions"}],"wp:featuredmedia":[{"embeddable":true,"href":"https:\/\/www.europesays.com\/fr\/wp-json\/wp\/v2\/media\/260514"}],"wp:attachment":[{"href":"https:\/\/www.europesays.com\/fr\/wp-json\/wp\/v2\/media?parent=260513"}],"wp:term":[{"taxonomy":"category","embeddable":true,"href":"https:\/\/www.europesays.com\/fr\/wp-json\/wp\/v2\/categories?post=260513"},{"taxonomy":"post_tag","embeddable":true,"href":"https:\/\/www.europesays.com\/fr\/wp-json\/wp\/v2\/tags?post=260513"}],"curies":[{"name":"wp","href":"https:\/\/api.w.org\/{rel}","templated":true}]}}