{"id":260515,"date":"2025-07-20T06:45:17","date_gmt":"2025-07-20T06:45:17","guid":{"rendered":"https:\/\/www.europesays.com\/fr\/260515\/"},"modified":"2025-07-20T06:45:17","modified_gmt":"2025-07-20T06:45:17","slug":"igor-paixao-arrive-a-marseille-le-montant-de-son-transfert-devoile","status":"publish","type":"post","link":"https:\/\/www.europesays.com\/fr\/260515\/","title":{"rendered":"Igor Paixao arrive \u00e0 Marseille, le montant de son transfert d\u00e9voil\u00e9"},"content":{"rendered":"<p style=\"text-align: justify;\"><strong>TRANSFERTS \u2013 Selon Fabrizio Romano, l\u2019Olympique de Marseille va signer Igor Paixao dans les jours \u00e0 venir, alors qu\u2019un accord avec Feyenoord est imminent.<\/strong><\/p>\n<p style=\"text-align: justify;\"><strong>Pierre-Emerick Aubameyang<\/strong> devrait bien \u00eatre la cinqui\u00e8me recrue de l\u2019<strong>OM<\/strong> puisque le joueur est attendu en d\u00e9but de semaine \u00e0 <strong>Marseille<\/strong>. Alors que le <strong>Paris FC<\/strong> a tent\u00e9 une approche de derni\u00e8re minute, le Gabonais a choisi son ancien club. <strong>Timothy<\/strong> <strong>Weah<\/strong> est aussi attendu \u00e0 court terme alors qu\u2019un accord entre tous les partis est imminent.<\/p>\n<p>35 millions d\u2019euros pour Igor Paixao<\/p>\n<p style=\"text-align: justify;\">Les <strong>Olympiens<\/strong> sont toujours en qu\u00eate d\u2019un ailier gauche et depuis plusieurs semaines, <strong>Igor<\/strong> <strong>Paixao<\/strong> est devenu la priorit\u00e9 du club. L\u2019ailier de <strong>Feyenoord<\/strong>, bless\u00e9 pour quelques semaines, est une des sensations de la derni\u00e8re saison aux <strong>Pays-Bas<\/strong>, mais\u00a0les deux formations peinaient \u00e0 se mettre d\u2019accord sur le montant du transfert.<\/p>\n<p style=\"text-align: justify;\">Selon notre confr\u00e8re, un accord est imminent et le Br\u00e9silien devrait bien \u00eatre un joueur de l\u2019<strong>OM<\/strong> la saison prochaine. Il devrait devenir le plus gros transfert de l\u2019histoire de l\u2019<strong>Olympique de Marseille<\/strong> avec un montant fixe \u00e0 30 millions d\u2019euros, \u00e0 quoi pourraient s\u2019ajouter 5 millions de bonus. Pour rappel, <strong>Mason<\/strong> <strong>Greenwood<\/strong> avait lui \u00e9t\u00e9 achet\u00e9 pour un package total de 31 millions d\u2019euros.<\/p>\n<p>\u00c0 ce sujet<br \/>\n<a href=\"https:\/\/dicodusport.fr\/blog\/mercato-om-2025-2026-le-tableau-complet-des-transferts-arrivees-et-departs\/\" class=\"vlp-link\" title=\"Mercato OM 2025-2026 : Le tableau complet des transferts, arriv\u00e9es et d\u00e9parts\" rel=\"nofollow noopener\" target=\"_blank\"><img loading=\"lazy\" decoding=\"async\" style=\"max-width: 792px;\" width=\"792\" height=\"445\" class=\"attachment-800x445 size-800x445 perfmatters-lazy\" alt=\"Mercato OM 2025-2026 Le tableau complet des transferts, arriv\u00e9es et d\u00e9parts\" src=\"https:\/\/www.europesays.com\/fr\/wp-content\/uploads\/2025\/06\/Mercato-OM-2025-2026-Le-tableau-complet-des-transferts-arrivees-et-departs.png\"  data-\/><\/p>\n<p>Mercato OM 2025-2026 : Le tableau complet des transferts, arriv\u00e9es et d\u00e9parts<\/p>\n<p>TRANSFERTS OM &#8211; Retrouvez tous les mouvements de l&rsquo;Olympique de Marseille pour l&rsquo;intersaison 2025 en Ligue 1. Arriv\u00e9es, d\u00e9part, pr\u00eats, transferts d\u00e9finitifs, ne ratez rien du mercato estival.\u00a0<\/p>\n<p>Lire l&rsquo;article<\/p>\n<p>dicodusport.fr<\/p>\n","protected":false},"excerpt":{"rendered":"TRANSFERTS \u2013 Selon Fabrizio Romano, l\u2019Olympique de Marseille va signer Igor Paixao dans les jours \u00e0 venir, alors&hellip;\n","protected":false},"author":2,"featured_media":260516,"comment_status":"","ping_status":"","sticky":false,"template":"","format":"standard","meta":{"footnotes":""},"categories":[2814],"tags":[1111,11,2113,1777,674,1011,27,884,23100,35942,12,882,25],"class_list":{"0":"post-260515","1":"post","2":"type-post","3":"status-publish","4":"format-standard","5":"has-post-thumbnail","7":"category-marseille","8":"tag-actu","9":"tag-actualites","10":"tag-breve","11":"tag-eu","12":"tag-europe","13":"tag-fr","14":"tag-france","15":"tag-marseille","16":"tag-mercato-football","17":"tag-mercatom","18":"tag-news","19":"tag-provence-alpes-cote-dazur","20":"tag-republique-francaise"},"share_on_mastodon":{"url":"https:\/\/pubeurope.com\/@fr\/114884216850298922","error":""},"_links":{"self":[{"href":"https:\/\/www.europesays.com\/fr\/wp-json\/wp\/v2\/posts\/260515","targetHints":{"allow":["GET"]}}],"collection":[{"href":"https:\/\/www.europesays.com\/fr\/wp-json\/wp\/v2\/posts"}],"about":[{"href":"https:\/\/www.europesays.com\/fr\/wp-json\/wp\/v2\/types\/post"}],"author":[{"embeddable":true,"href":"https:\/\/www.europesays.com\/fr\/wp-json\/wp\/v2\/users\/2"}],"replies":[{"embeddable":true,"href":"https:\/\/www.europesays.com\/fr\/wp-json\/wp\/v2\/comments?post=260515"}],"version-history":[{"count":0,"href":"https:\/\/www.europesays.com\/fr\/wp-json\/wp\/v2\/posts\/260515\/revisions"}],"wp:featuredmedia":[{"embeddable":true,"href":"https:\/\/www.europesays.com\/fr\/wp-json\/wp\/v2\/media\/260516"}],"wp:attachment":[{"href":"https:\/\/www.europesays.com\/fr\/wp-json\/wp\/v2\/media?parent=260515"}],"wp:term":[{"taxonomy":"category","embeddable":true,"href":"https:\/\/www.europesays.com\/fr\/wp-json\/wp\/v2\/categories?post=260515"},{"taxonomy":"post_tag","embeddable":true,"href":"https:\/\/www.europesays.com\/fr\/wp-json\/wp\/v2\/tags?post=260515"}],"curies":[{"name":"wp","href":"https:\/\/api.w.org\/{rel}","templated":true}]}}