{"id":260519,"date":"2025-07-20T06:47:14","date_gmt":"2025-07-20T06:47:14","guid":{"rendered":"https:\/\/www.europesays.com\/fr\/260519\/"},"modified":"2025-07-20T06:47:14","modified_gmt":"2025-07-20T06:47:14","slug":"les-actus-quil-ne-fallait-pas-louper-cette-semaine","status":"publish","type":"post","link":"https:\/\/www.europesays.com\/fr\/260519\/","title":{"rendered":"les actus qu\u2019il ne fallait pas louper cette semaine"},"content":{"rendered":"<p class=\"insetTitle\">La d\u00e9tresse des habitants de Monplaisir apr\u00e8s l\u2019inondation<\/p>\n<p>Une semaine apr\u00e8s l&rsquo;inondation qui a touch\u00e9 le gymnase Marcel-Dargent dans le 8e arrondissement de Lyon, les habitants du cours Albert-Thomas s&rsquo;activent pour sauver ce qui peut encore l&rsquo;\u00eatre et \u00e9vacuer les d\u00e9bris restants.<\/p>\n<p>L\u2019eau est rentr\u00e9e dans plusieurs appartements en rez-de-chauss\u00e9e. Jusqu\u2019\u00e0 2,5\u202fm d\u2019eau ont envahi certains garages, submergeant voitures et motos. Depuis plus d\u2019une semaine, les riverains s\u2019activent : ils vident les caves et garages, jettent les objets irr\u00e9cup\u00e9rables (photos, bouteilles, souvenirs), portent masques, bottes et gants pour lutter contre l\u2019humidit\u00e9 et la moisissure. Certains \u00e9voquent la perte de souvenirs personnels : \u00ab\u202fIl y a les objets \u00e0 valeur sentimentale, ceux qui ne se remboursent pas.\u202f\u00bb<\/p>\n<p><strong>&gt;&gt; Notre article est <a href=\"https:\/\/www.leprogres.fr\/faits-divers-justice\/2025\/07\/17\/tout-est-foutu-la-detresse-des-habitants-de-monplaisir-apres-l-inondation-due-a-la-rupture-de-canalisation\" target=\"_blank\" rel=\"noopener\">\u00e0 lire ici<\/a>.<\/strong><\/p>\n","protected":false},"excerpt":{"rendered":"La d\u00e9tresse des habitants de Monplaisir apr\u00e8s l\u2019inondation Une semaine apr\u00e8s l&rsquo;inondation qui a touch\u00e9 le gymnase Marcel-Dargent&hellip;\n","protected":false},"author":2,"featured_media":260520,"comment_status":"","ping_status":"","sticky":false,"template":"","format":"standard","meta":{"footnotes":""},"categories":[1889],"tags":[1111,11,2430,4749,3542,33,2757,1777,674,274,1011,27,2839,1908,2428,12,25,2429,104,2803],"class_list":{"0":"post-260519","1":"post","2":"type-post","3":"status-publish","4":"format-standard","5":"has-post-thumbnail","7":"category-lyon","8":"tag-actu","9":"tag-actualites","10":"tag-auvergne-rhone-alpes","11":"tag-btp-et-chantiers","12":"tag-circulation","13":"tag-economie","14":"tag-edition-lyon-villeurbanne","15":"tag-eu","16":"tag-europe","17":"tag-faits-divers-justice","18":"tag-fr","19":"tag-france","20":"tag-inondations","21":"tag-logement","22":"tag-lyon","23":"tag-news","24":"tag-republique-francaise","25":"tag-rhone","26":"tag-societe","27":"tag-transport"},"share_on_mastodon":{"url":"https:\/\/pubeurope.com\/@fr\/114884224135698215","error":""},"_links":{"self":[{"href":"https:\/\/www.europesays.com\/fr\/wp-json\/wp\/v2\/posts\/260519","targetHints":{"allow":["GET"]}}],"collection":[{"href":"https:\/\/www.europesays.com\/fr\/wp-json\/wp\/v2\/posts"}],"about":[{"href":"https:\/\/www.europesays.com\/fr\/wp-json\/wp\/v2\/types\/post"}],"author":[{"embeddable":true,"href":"https:\/\/www.europesays.com\/fr\/wp-json\/wp\/v2\/users\/2"}],"replies":[{"embeddable":true,"href":"https:\/\/www.europesays.com\/fr\/wp-json\/wp\/v2\/comments?post=260519"}],"version-history":[{"count":0,"href":"https:\/\/www.europesays.com\/fr\/wp-json\/wp\/v2\/posts\/260519\/revisions"}],"wp:featuredmedia":[{"embeddable":true,"href":"https:\/\/www.europesays.com\/fr\/wp-json\/wp\/v2\/media\/260520"}],"wp:attachment":[{"href":"https:\/\/www.europesays.com\/fr\/wp-json\/wp\/v2\/media?parent=260519"}],"wp:term":[{"taxonomy":"category","embeddable":true,"href":"https:\/\/www.europesays.com\/fr\/wp-json\/wp\/v2\/categories?post=260519"},{"taxonomy":"post_tag","embeddable":true,"href":"https:\/\/www.europesays.com\/fr\/wp-json\/wp\/v2\/tags?post=260519"}],"curies":[{"name":"wp","href":"https:\/\/api.w.org\/{rel}","templated":true}]}}