{"id":260523,"date":"2025-07-20T06:51:09","date_gmt":"2025-07-20T06:51:09","guid":{"rendered":"https:\/\/www.europesays.com\/fr\/260523\/"},"modified":"2025-07-20T06:51:09","modified_gmt":"2025-07-20T06:51:09","slug":"pour-lanniversaire-des-jo-de-paris-2024-cette-piscine-emblematique-sera-gratuite-toute-la-journee","status":"publish","type":"post","link":"https:\/\/www.europesays.com\/fr\/260523\/","title":{"rendered":"Pour l&rsquo;anniversaire des JO de Paris 2024, cette piscine embl\u00e9matique sera gratuite toute la journ\u00e9e"},"content":{"rendered":"<p>            Par<br \/>\n        <strong><br \/>\n            <a href=\"https:\/\/actu.fr\/auteur\/redaction-paris\" title=\"Consulter tous les articles de R\u00e9daction Paris\" target=\"_blank\" rel=\"noopener\">R\u00e9daction Paris<\/a><br \/>\n        <\/strong><\/p>\n<p>        Publi\u00e9 le<\/p>\n<p>            20 juil. 2025 \u00e0 6h32        <\/p>\n<p>Un anniversaire d\u00fbment c\u00e9l\u00e9br\u00e9. Samedi 26\u00a0juillet 2025, un an jour pour jour apr\u00e8s la <a href=\"https:\/\/actu.fr\/ile-de-france\/paris_75056\/ceremonie-d-ouverture-des-jo-2024-iconique-hallucinant-les-reactions-des-internautes-du-monde-entier_61401096.html\" target=\"_blank\" rel=\"noopener\">c\u00e9r\u00e9monie d\u2019ouverture<\/a> des <a href=\"https:\/\/actu.fr\/tag\/jo-paris-2024\" target=\"_blank\" rel=\"noopener\">JO de Paris 2024<\/a>, le centre aquatique olympique de Saint-Denis va organiser une <strong>journ\u00e9e de compl\u00e8te gratuit\u00e9<\/strong>.<\/p>\n<p>\u00ab\u2009Peut-\u00eatre y verrons-nous les \u00e9merger les athl\u00e8tes de demain\u2009?\u2009\u00bb<\/p>\n<p class=\" wall-content\">\u00ab\u2009Ce geste fort incarne notre volont\u00e9 de <strong>faire vivre l\u2019h\u00e9ritage<\/strong> en l\u2019ouvrant \u00e0 toutes et tous, et notamment aux habitants de la Seine-Saint-Denis, o\u00f9 un enfant sur deux ne sait pas nager. Le CAO n\u2019est pas seulement un \u00e9quipement d\u2019excellence\u2009: c\u2019est un lieu d\u2019\u00e9motion, de transmission, o\u00f9 qui sait, peut-\u00eatre y verrons-nous les \u00e9merger les athl\u00e8tes de demain\u2009?\u2009\u00bb, a expliqu\u00e9 Patrick Ollier, pr\u00e9sident de la M\u00e9tropole du Grand Paris.<\/p>\n<p class=\" wall-content\">L\u2019entr\u00e9e aux espaces aquatiques sera possible de<strong> 9\u00a0heures \u00e0 20\u00a0heures<\/strong>, dans la limite des capacit\u00e9s d\u2019accueil.<\/p>\n<p class=\" wall-content\">\u00ab\u2009Cette journ\u00e9e de gratuit\u00e9 au centre aquatique olympique rappelle l\u2019importance de <strong>rendre aux habitants les sites des Jeux<\/strong> qu\u2019ils ont accueillis. Le Centre Aquatique Olympique incarne la reconversion r\u00e9ussie d\u2019une piscine olympique en un lieu de loisirs et de bien-\u00eatre pour les habitants, tout en jouant un r\u00f4le cl\u00e9 dans le d\u00e9veloppement du savoir-nager pour nos enfants\u2009\u00bb, a appuy\u00e9 de son c\u00f4t\u00e9 le maire de Saint-Denis, <a href=\"https:\/\/actu.fr\/tag\/mathieu-hanotin\" target=\"_blank\" rel=\"noopener\">Mathieu Hanotin<\/a>.<\/p>\n<p class=\" wall-content\">Avec ses <strong>quatre bassins<\/strong>, ses neuf terrains de padel-tennis, sa salle d\u2019escalade et ses 1\u2009000 m\u00b2 d\u2019espace de fitness, il est l\u2019un des seuls \u00e9quipements des JO \u00e0 avoir \u00e9t\u00e9 construit de mani\u00e8re p\u00e9renne.<\/p>\n<p>Vid\u00e9os : en ce moment sur Actu<\/p>\n<p class=\" wall-content\">Suivez toute l\u2019actualit\u00e9 de vos villes et m\u00e9dias favoris en vous inscrivant \u00e0 <a href=\"https:\/\/moncompte.actu.fr\" title=\"D\u00e9couvez Mon Actu\" rel=\"nofollow noopener\" data-trk=\"{&quot;cta&quot;:{&quot;action&quot;:&quot;https:\\\/\\\/moncompte.actu.fr&quot;,&quot;category&quot;:&quot;mon compte&quot;,&quot;from&quot;:&quot;article footer&quot;,&quot;name&quot;:&quot;Mon actu&quot;,&quot;type&quot;:&quot;cta&quot;}}\" target=\"_blank\">Mon Actu<\/a>.<\/p>\n","protected":false},"excerpt":{"rendered":"Par R\u00e9daction Paris Publi\u00e9 le 20 juil. 2025 \u00e0 6h32 Un anniversaire d\u00fbment c\u00e9l\u00e9br\u00e9. Samedi 26\u00a0juillet 2025, un&hellip;\n","protected":false},"author":2,"featured_media":260524,"comment_status":"","ping_status":"","sticky":false,"template":"","format":"standard","meta":{"footnotes":""},"categories":[1888],"tags":[1111,1928,11,1927,1777,674,1011,27,7941,12,1926,626,1925,25,517,60],"class_list":{"0":"post-260523","1":"post","2":"type-post","3":"status-publish","4":"format-standard","5":"has-post-thumbnail","7":"category-paris","8":"tag-actu","9":"tag-actu-paris","10":"tag-actualites","11":"tag-actualites-paris","12":"tag-eu","13":"tag-europe","14":"tag-fr","15":"tag-france","16":"tag-jo-paris-2024","17":"tag-news","18":"tag-news-paris","19":"tag-paris","20":"tag-paris-news","21":"tag-republique-francaise","22":"tag-sport","23":"tag-sports"},"share_on_mastodon":{"url":"https:\/\/pubeurope.com\/@fr\/114884239959822209","error":""},"_links":{"self":[{"href":"https:\/\/www.europesays.com\/fr\/wp-json\/wp\/v2\/posts\/260523","targetHints":{"allow":["GET"]}}],"collection":[{"href":"https:\/\/www.europesays.com\/fr\/wp-json\/wp\/v2\/posts"}],"about":[{"href":"https:\/\/www.europesays.com\/fr\/wp-json\/wp\/v2\/types\/post"}],"author":[{"embeddable":true,"href":"https:\/\/www.europesays.com\/fr\/wp-json\/wp\/v2\/users\/2"}],"replies":[{"embeddable":true,"href":"https:\/\/www.europesays.com\/fr\/wp-json\/wp\/v2\/comments?post=260523"}],"version-history":[{"count":0,"href":"https:\/\/www.europesays.com\/fr\/wp-json\/wp\/v2\/posts\/260523\/revisions"}],"wp:featuredmedia":[{"embeddable":true,"href":"https:\/\/www.europesays.com\/fr\/wp-json\/wp\/v2\/media\/260524"}],"wp:attachment":[{"href":"https:\/\/www.europesays.com\/fr\/wp-json\/wp\/v2\/media?parent=260523"}],"wp:term":[{"taxonomy":"category","embeddable":true,"href":"https:\/\/www.europesays.com\/fr\/wp-json\/wp\/v2\/categories?post=260523"},{"taxonomy":"post_tag","embeddable":true,"href":"https:\/\/www.europesays.com\/fr\/wp-json\/wp\/v2\/tags?post=260523"}],"curies":[{"name":"wp","href":"https:\/\/api.w.org\/{rel}","templated":true}]}}