{"id":260525,"date":"2025-07-20T06:52:10","date_gmt":"2025-07-20T06:52:10","guid":{"rendered":"https:\/\/www.europesays.com\/fr\/260525\/"},"modified":"2025-07-20T06:52:10","modified_gmt":"2025-07-20T06:52:10","slug":"vetustes-degrades-quel-avenir-pour-les-frigos-lieu-de-creation-unique-a-paris","status":"publish","type":"post","link":"https:\/\/www.europesays.com\/fr\/260525\/","title":{"rendered":"V\u00e9tustes, d\u00e9grad\u00e9s&#8230; Quel avenir pour Les Frigos, lieu de cr\u00e9ation unique \u00e0 Paris\u00a0?"},"content":{"rendered":"<p>            Par<br \/>\n        <strong><br \/>\n            <a href=\"https:\/\/actu.fr\/auteur\/antoine-blanchet\" title=\"Consulter tous les articles de Antoine Blanchet\" target=\"_blank\" rel=\"noopener\">Antoine Blanchet<\/a><br \/>\n        <\/strong><\/p>\n<p>        Publi\u00e9 le<\/p>\n<p>            20 juil. 2025 \u00e0 6h06        <\/p>\n<p>La fresque est situ\u00e9e \u00e0 c\u00f4t\u00e9 de la porte d\u2019entr\u00e9e du lieu. R\u00e9alis\u00e9e il y a quelques mois, elle repr\u00e9sente Les Frigos, <strong>ancien lieu de stockage d\u2019aliments transform\u00e9 en ateliers d\u2019artistes <\/strong>\u00e0 <a href=\"https:\/\/actu.fr\/paris\/\" target=\"_blank\" rel=\"noopener\">Paris<\/a>. Si la ressemblance est l\u00e0, un d\u00e9tail interroge. Des petits nuages sont peints devant plusieurs fen\u00eatres. \u00ab\u2009Ils repr\u00e9sentent les locaux vides qui ne sont pas relou\u00e9s apr\u00e8s le d\u00e9part ou la mort des anciens occupants\u2009\u00bb, explique <strong>Jean-Paul R\u00e9ti<\/strong>, sculpteur pr\u00e9sent dans ce lieu embl\u00e9matique du 13\u1d49 arrondissement depuis 1985. Les Frigos, qui accueillent plus de 100 artistes, artisans et entreprises, font face \u00e0 un avenir empli d\u2019incertitude.<\/p>\n<p>Un lieu charg\u00e9 d\u2019histoire<\/p>\n<p class=\" wall-content\">\u00c0 l\u2019origine de ce projet sans pareil dans la capitale\u2009: un retour sur investissement. Ces imposants b\u00e2timents sont sortis de terre en 1920 pour y entreposer la viande et les l\u00e9gumes destin\u00e9s<strong> aux Halles de Baltard<\/strong>, l\u00e0 o\u00f9 se tient aujourd\u2019hui le forum \u00e0 Ch\u00e2telet. \u00ab\u2009Apr\u00e8s le transfert des <a href=\"https:\/\/actu.fr\/tag\/marche-de-rungis\" target=\"_blank\" rel=\"noopener\">entrep\u00f4ts \u00e0 Rungis<\/a> (<a href=\"https:\/\/actu.fr\/ile-de-france\/val-de-marne_94\" target=\"_blank\" rel=\"noopener\">Val-de-Marne<\/a>), le lieu est tomb\u00e9 en d\u00e9su\u00e9tude dans les ann\u00e9es 70. La <a href=\"https:\/\/actu.fr\/tag\/sncf\" target=\"_blank\" rel=\"noopener\">SNCF<\/a> l\u2019a alors rachet\u00e9 pour un franc symbolique\u2009\u00bb, raconte Jean-Paul R\u00e9ti, qui pr\u00e9side aussi l\u2019APLD91, association de locataires du lieu.<\/p>\n<p class=\" wall-content\">C\u2019est dans les ann\u00e9es 80 que la soci\u00e9t\u00e9 ferroviaire d\u00e9cide de mettre en location ces espaces isol\u00e9s au milieu des rails. Jean-Paul R\u00e9ti est l\u2019un des premiers occupants, arriv\u00e9 en 1985\u2009: \u00ab\u2009La SNCF voulait qu\u2019il y ait une pr\u00e9sence dans ces lieux de stockage. J\u2019ai pay\u00e9<strong> 1\u2009700\u00a0francs pour la location<\/strong>. Il n\u2019y avait ni eau, ni \u00e9lectricit\u00e9. On a d\u00fb tout installer nous-m\u00eame en plus de payer le loyer\u2009\u00bb. Une premi\u00e8re incongruit\u00e9 immobili\u00e8re pour un lieu qui n\u2019en manque pas.<\/p>\n<p>Un lieu unique en son genre<\/p>\n<p class=\" wall-content\">D\u2019ann\u00e9e en ann\u00e9e, les diff\u00e9rents espaces se remplissent aux Frigos. Au total, ils sont un peu plus de 100 \u00e0 peupler ce lieu industriel. On y trouve des artistes, des musiciens, mais aussi des artisans et des petites entreprises. \u00ab\u2009On va avoir des gens qui g\u00e8rent des restaurants ou bien un accordeur de piano\u2009\u00bb, \u00e9gr\u00e8ne <strong>St\u00e9phane G\u00e9rard<\/strong>, plasticien qui loue aussi un espace aux Frigos. Trois lieux de formation accueillent aussi des \u00e9l\u00e8ves\u2009: une \u00e9cole de couture, une de jazz et une de th\u00e9\u00e2tre. Les loyers d\u00e9pendent de l\u2019espace, mais peuvent aller <strong>jusqu\u2019\u00e0 3\u2009500\u00a0euros par mois<\/strong>.<\/p>\n<p class=\" wall-content\">Cette diversit\u00e9 dans ce b\u00e2timent plus que centenaire, c\u2019est son histoire industrielle qui l\u2019a permis. \u00ab\u2009Les murs sont tr\u00e8s \u00e9pais et renforc\u00e9s avec du li\u00e8ge. \u00c0 l\u2019origine, c\u2019\u00e9tait pour isoler le froid. Aujourd\u2019hui, \u00e7a pr\u00e9serve du bruit\u2009\u00bb, affirme Jean-Paul R\u00e9ti. Dans les couloirs des Frigos, le silence omnipr\u00e9sent ne peut que lui donner raison. L\u2019isolation de qualit\u00e9 est ainsi une aubaine pour des artisans et cr\u00e9ateurs dont les \u0153uvres n\u00e9cessitent un certain nombre de d\u00e9cibels. \u00ab\u2009Je n\u2019aurais jamais pu produire ce que j\u2019ai produit si je m\u2019\u00e9tais retrouv\u00e9 dans un immeuble haussmannien\u2009!\u2009\u00bb, confie St\u00e9phane G\u00e9rard. Le plasticien a notamment r\u00e9alis\u00e9 dans l\u2019un des b\u00e2timents une partie de la reproduction <a href=\"https:\/\/actu.fr\/occitanie\/toulouse_31555\/innovation-des-reproductions-de-la-grotte-chauvet-sont-100-toulousaines_3521102.html\" target=\"_blank\" rel=\"noopener\">de la grotte pr\u00e9historique de Chauvet<\/a>.<\/p>\n<p class=\" wall-content\">Au fil des ans, Les Frigos ont acquis une grande renomm\u00e9e dans le milieu artistique. Dans le hall du b\u00e2timent principal, une feuille A4 accroch\u00e9e au mur liste les noms prestigieux venus se rafra\u00eechir l\u2019\u00e9piderme. Ray Charles c\u00f4toie <a href=\"https:\/\/actu.fr\/ile-de-france\/roissy-en-france_95527\/val-doise-michel-leeb-fete-40-ans-carriere-roissy-france_18769169.html\" target=\"_blank\" rel=\"noopener\">Michel Leeb<\/a> et Victoria Abril, David Copperfield. Plusieurs c\u00e9l\u00e9brit\u00e9s ont aussi t\u00e9moign\u00e9 de leur attachement au lieu. \u00ab\u2009Un lieu magique et propice \u00e0 l\u2019inspiration\u2009\u00bb, a ainsi \u00e9crit le styliste <strong>Jean-Paul Gaultier<\/strong>. \u00c0 ces soutiens de stars s\u2019ajoutent ceux de la population. \u00ab\u2009On est tr\u00e8s connus en France et \u00e0 l\u2019international. Il y a chaque ann\u00e9e beaucoup de monde aux journ\u00e9es portes ouvertes\u2009\u00bb, d\u00e9clare Jean-Paul R\u00e9ti.<\/p>\n<p>Des d\u00e9gradations successives<\/p>\n<p class=\" wall-content\">Malgr\u00e9 cette aura dans le monde artistique, le temps a pass\u00e9 sur Les Frigos. L\u2019ancienne friche industrielle isol\u00e9e se voit d\u00e9sormais entour\u00e9e de grands immeubles, \u00e0 la suite du <strong>pharaonique plan d\u2019urbanisme Paris Rive Gauche<\/strong> dans les ann\u00e9es 90. C\u2019est \u00e0 cette p\u00e9riode que la <a href=\"https:\/\/actu.fr\/tag\/mairie-de-paris\" target=\"_blank\" rel=\"noopener\">Ville de Paris<\/a> devient propri\u00e9taire des Frigos.<\/p>\n<p class=\" wall-content\">Aujourd\u2019hui, l\u2019ancien b\u00e2timent industriel accuse un s\u00e9rieux coup de vieux. La peinture ext\u00e9rieure n\u2019a pas \u00e9t\u00e9 rafra\u00eechie depuis 1920. Sur la fa\u00e7ade, <strong>un filet a \u00e9t\u00e9 install\u00e9<\/strong> pour \u00e9viter les chutes de petits bouts de mur. \u00c0 cela s\u2019ajoutent de nombreuses d\u00e9gradations commises \u00e0 l\u2019int\u00e9rieur. Les<strong> tags<\/strong>, omnipr\u00e9sents, vont jusqu\u2019\u00e0 recouvrir les plans d\u2019\u00e9vacuation <a href=\"https:\/\/actu.fr\/tag\/incendie\" target=\"_blank\" rel=\"noopener\">en cas d\u2019incendie<\/a>. \u00ab\u2009Beaucoup de gens pensent que le lieu est un squat. Mais m\u00eame dans un squat, il y a des r\u00e8gles\u2009\u00bb, s\u2019\u00e9nerve Jean-Paul R\u00e9ti. Ce dernier pointe du doigt l\u2019inaction de la mairie\u2009: \u00ab\u2009Nous payons des loyers directement \u00e0 la municipalit\u00e9, mais il n\u2019y a pas de r\u00e9novation\u2009\u00bb.<\/p>\n<p class=\" wall-content\">Interrog\u00e9 \u00e0 ce sujet, le maire du 13e, <strong>J\u00e9r\u00f4me Coumet<\/strong> (PS), temp\u00e8re le propos\u2009: \u00ab\u2009On a mis beaucoup d\u2019argent dans Les Frigos. Il y a eu des interventions lourdes, notamment pour la s\u00e9curit\u00e9 incendie. Entre\u00a02016 et\u00a02022, plus de deux millions d\u2019euros ont \u00e9t\u00e9 inject\u00e9s\u2009\u00bb. Une somme \u00e9quivalente a aussi \u00e9t\u00e9 d\u00e9pens\u00e9e entre\u00a02023 et\u00a02024, affirme l\u2019\u00e9dile. L\u2019an pass\u00e9, l\u2019alerte a toutefois \u00e9t\u00e9 chaude dans les espaces frigorifiques. \u00ab\u2009On a eu des inqui\u00e9tudes sur la stabilit\u00e9 de l\u2019\u00e9difice, car des ateliers s\u2019affaissaient. Mais en regardant de plus pr\u00e8s, c\u2019\u00e9tait moins inqui\u00e9tant qu\u2019il n\u2019y para\u00eet\u2009\u00bb, relate J\u00e9r\u00f4me Coumet.<\/p>\n<p>Quel avenir pour le lieu\u2009?<\/p>\n<p class=\" wall-content\">Malgr\u00e9 ces assurances, les lendemains restent incertains pour Les Frigos. Comme l\u2019indique la fresque pr\u00e8s de la porte d\u2019entr\u00e9e, plusieurs locaux ne sont pas remis en location et restent vides. \u00ab\u2009La Ville attend que les gens meurent pour fermer le b\u00e2timent\u2009\u00bb, affirme Jean-Paul R\u00e9ti. De son c\u00f4t\u00e9, la mairie argue que l\u2019absence de nouvelles locations est li\u00e9e aux futurs projets de r\u00e9novation.<\/p>\n<p class=\" wall-content\">Car c\u2019est l\u00e0 l\u2019enjeu principal. Le lifting du b\u00e2timent est d\u2019envergure, <strong>mais difficile \u00e0 estimer<\/strong>. \u00ab\u2009C\u2019est un peu comme une poule devant un couteau. C\u2019est comme si on avait un frigo habit\u00e9 et qu\u2019on nous demandait de le r\u00e9nover. Il va falloir lancer des \u00e9tudes un peu s\u00e9rieuses en esp\u00e9rant qu\u2019on puisse avoir quelque chose d\u2019atteignable\u2009\u00bb, reconna\u00eet J\u00e9r\u00f4me Coumet, qui se d\u00e9clare attach\u00e9 \u00e0 ce lieu original. Coup de frein suppl\u00e9mentaire au projet\u2009: les <a href=\"https:\/\/actu.fr\/tag\/municipales-2026\" target=\"_blank\" rel=\"noopener\">\u00e9lections municipales \u00e0 venir<\/a>.<\/p>\n<p class=\" wall-content\">Toujours est-il que si r\u00e9novation il y a, la question du maintien des locataires dans les espaces durant le temps des travaux devra se poser. Une d\u00e9cision peu entendable pour Jean-Paul R\u00e9ti\u2009: \u00ab\u2009Nous sommes plusieurs \u00e0 avoir des activit\u00e9s bruyantes, ce qui complique notre relogement. Et quitter Paris alors que nos r\u00e9seaux s\u2019y sont depuis des ann\u00e9es sonnerait comme un retour \u00e0 z\u00e9ro\u2009\u00bb.<\/p>\n<p class=\" wall-content\">Suivez toute l\u2019actualit\u00e9 de vos villes et m\u00e9dias favoris en vous inscrivant \u00e0 <a href=\"https:\/\/moncompte.actu.fr\" title=\"D\u00e9couvez Mon Actu\" rel=\"nofollow noopener\" data-trk=\"{&quot;cta&quot;:{&quot;action&quot;:&quot;https:\\\/\\\/moncompte.actu.fr&quot;,&quot;category&quot;:&quot;mon compte&quot;,&quot;from&quot;:&quot;article footer&quot;,&quot;name&quot;:&quot;Mon actu&quot;,&quot;type&quot;:&quot;cta&quot;}}\" target=\"_blank\">Mon Actu<\/a>.<\/p>\n","protected":false},"excerpt":{"rendered":"Par Antoine Blanchet Publi\u00e9 le 20 juil. 2025 \u00e0 6h06 La fresque est situ\u00e9e \u00e0 c\u00f4t\u00e9 de la&hellip;\n","protected":false},"author":2,"featured_media":260526,"comment_status":"","ping_status":"","sticky":false,"template":"","format":"standard","meta":{"footnotes":""},"categories":[1888],"tags":[11,1477,1777,674,1011,27,12,626,2551,25,2215,104],"class_list":{"0":"post-260525","1":"post","2":"type-post","3":"status-publish","4":"format-standard","5":"has-post-thumbnail","7":"category-paris","8":"tag-actualites","9":"tag-artisanat","10":"tag-eu","11":"tag-europe","12":"tag-fr","13":"tag-france","14":"tag-news","15":"tag-paris","16":"tag-patrimoine","17":"tag-republique-francaise","18":"tag-sncf","19":"tag-societe"},"share_on_mastodon":{"url":"https:\/\/pubeurope.com\/@fr\/114884243899020875","error":""},"_links":{"self":[{"href":"https:\/\/www.europesays.com\/fr\/wp-json\/wp\/v2\/posts\/260525","targetHints":{"allow":["GET"]}}],"collection":[{"href":"https:\/\/www.europesays.com\/fr\/wp-json\/wp\/v2\/posts"}],"about":[{"href":"https:\/\/www.europesays.com\/fr\/wp-json\/wp\/v2\/types\/post"}],"author":[{"embeddable":true,"href":"https:\/\/www.europesays.com\/fr\/wp-json\/wp\/v2\/users\/2"}],"replies":[{"embeddable":true,"href":"https:\/\/www.europesays.com\/fr\/wp-json\/wp\/v2\/comments?post=260525"}],"version-history":[{"count":0,"href":"https:\/\/www.europesays.com\/fr\/wp-json\/wp\/v2\/posts\/260525\/revisions"}],"wp:featuredmedia":[{"embeddable":true,"href":"https:\/\/www.europesays.com\/fr\/wp-json\/wp\/v2\/media\/260526"}],"wp:attachment":[{"href":"https:\/\/www.europesays.com\/fr\/wp-json\/wp\/v2\/media?parent=260525"}],"wp:term":[{"taxonomy":"category","embeddable":true,"href":"https:\/\/www.europesays.com\/fr\/wp-json\/wp\/v2\/categories?post=260525"},{"taxonomy":"post_tag","embeddable":true,"href":"https:\/\/www.europesays.com\/fr\/wp-json\/wp\/v2\/tags?post=260525"}],"curies":[{"name":"wp","href":"https:\/\/api.w.org\/{rel}","templated":true}]}}