{"id":260537,"date":"2025-07-20T06:58:09","date_gmt":"2025-07-20T06:58:09","guid":{"rendered":"https:\/\/www.europesays.com\/fr\/260537\/"},"modified":"2025-07-20T06:58:09","modified_gmt":"2025-07-20T06:58:09","slug":"la-marche-de-lallemagne-vers-la-militarisation-est-elle-dangereuse","status":"publish","type":"post","link":"https:\/\/www.europesays.com\/fr\/260537\/","title":{"rendered":"la marche de l\u2019Allemagne vers la militarisation est-elle dangereuse\u00a0?"},"content":{"rendered":"<p>L\u2019<a href=\"https:\/\/www.lejdd.fr\/Tags\/Allemagne\" target=\"_blank\" rel=\"nofollow noopener\">Allemagne<\/a>, un pays longtemps hant\u00e9 par son r\u00f4le d\u2019instigateur de deux guerres mondiales d\u00e9vastatrices, est d\u00e9sormais engag\u00e9e sur la voie inqui\u00e9tante de la militarisation. Jadis d\u00e9finie par une culture de retenue militaire n\u00e9e des horreurs de la Seconde Guerre mondiale, l\u2019Allemagne pr\u00e9pare aujourd\u2019hui ouvertement ses troupes \u00e0 un engagement l\u00e9tal \u2013 un virage net et dangereux aux cons\u00e9quences profondes pour l\u2019Europe et le monde.<\/p>\n<p>Dans une r\u00e9cente interview rapport\u00e9e par le\u00a0Financial Times, le ministre allemand de la D\u00e9fense Boris Pistorius a d\u00e9clar\u00e9 que les troupes allemandes, malgr\u00e9 des d\u00e9cennies de pacifisme, \u00ab\u00a0seraient pr\u00eates \u00e0 tuer des soldats russes en cas d\u2019attaque de Moscou contre un \u00c9tat membre de l\u2019Otan\u00a0\u00bb. Cette d\u00e9claration brutale marque une rupture frappante avec le pass\u00e9 et signale la volont\u00e9 de l\u2019Allemagne d\u2019adopter une posture militaire plus agressive face \u00e0 l\u2019escalade des tensions avec la Russie.<\/p>\n<blockquote class=\"exergue\">\n<p>Un \u00e9l\u00e9ment cl\u00e9\u00a0: la d\u00e9pendance aux importations am\u00e9ricaines<\/p>\n<\/blockquote>\n<p>L\u2019identit\u00e9 allemande d\u2019apr\u00e8s 1945 s\u2019est largement construite sur le rejet du militarisme. La m\u00e9moire collective de la destruction catastrophique de la Seconde Guerre mondiale et de l\u2019Holocauste a favoris\u00e9 un engagement national en faveur de la paix, de la d\u00e9militarisation et de l\u2019int\u00e9gration europ\u00e9enne. Pendant des d\u00e9cennies, la Bundeswehr (forces arm\u00e9es allemandes) a op\u00e9r\u00e9 sous des limitations strictes, et les responsables politiques allemands \u00e9vitaient soigneusement toute rh\u00e9torique susceptible d\u2019\u00e9voquer la peur d\u2019un retour du militarisme.<\/p>\n<p>Un virage rapide dans la politique militaire et les d\u00e9penses<\/p>\n<p>La guerre en Ukraine et les tensions croissantes entre l\u2019Otan et la Russie ont provoqu\u00e9 un changement majeur dans la politique de d\u00e9fense allemande. En 2022, Berlin a annonc\u00e9 un fonds sp\u00e9cial historique de 100\u00a0milliards d\u2019euros pour moderniser la Bundeswehr, le plus important investissement militaire depuis la Seconde Guerre mondiale. Ce fonds, destin\u00e9 \u00e0 financer \u00e9quipements et infrastructures jusqu\u2019en 2027-2028, vient s\u2019ajouter au budget r\u00e9gulier de la d\u00e9fense.<\/p>\n<p>Le budget de d\u00e9fense a augment\u00e9 progressivement\u00a0: environ 51,4\u00a0milliards d\u2019euros en 2020, puis 53\u00a0milliards en 2021. En 2022, il a atteint entre 68\u00a0et 78\u00a0milliards, en incluant les premi\u00e8res d\u00e9penses du fonds sp\u00e9cial. L\u2019objectif est de porter ces d\u00e9penses \u00e0 80-90\u00a0milliards d\u2019euros d\u2019ici 2025, pour respecter l\u2019engagement de l\u2019Otan qui recommande de consacrer au moins 2\u00a0% du PIB \u00e0 la d\u00e9fense.<\/p>\n<p>    La suite apr\u00e8s cette publicit\u00e9<\/p>\n<p>Cette hausse rapide du budget suscite n\u00e9anmoins des tensions au sein des partis politiques allemands, certains critiquant ce tournant militariste et craignant les cons\u00e9quences sociales et \u00e9conomiques d\u2019une telle course aux armements.<\/p>\n<p>Parall\u00e8lement \u00e0 ces augmentations budg\u00e9taires, l\u2019Allemagne vise \u00e0 inverser des d\u00e9cennies de r\u00e9duction des effectifs en augmentant significativement son personnel militaire actif. En juillet\u00a02025, le pays a introduit un programme volontaire de service militaire de six\u00a0mois visant \u00e0 former davantage de r\u00e9servistes et \u00e0 renforcer les d\u00e9fenses nationales. Le ministre de la D\u00e9fense Boris Pistorius est une figure cl\u00e9 de ce d\u00e9bat, soulignant la n\u00e9cessit\u00e9 d\u2019une Bundeswehr \u00ab\u00a0pr\u00eate pour la guerre\u00a0\u00bb et sugg\u00e9rant que la suspension de la conscription en 2011 \u00e9tait une erreur. La Bundeswehr se pr\u00e9pare non seulement \u00e0 d\u00e9fendre son territoire, mais aussi \u00e0 jouer un r\u00f4le plus affirm\u00e9 au sein de l\u2019Otan et du cadre plus large de la s\u00e9curit\u00e9 europ\u00e9enne, se pr\u00e9parant ainsi \u00e0 prendre une place de premier plan en Europe en tant que puissance militaire.<\/p>\n<p>Un \u00e9l\u00e9ment cl\u00e9 de cette militarisation est la d\u00e9pendance croissante de l\u2019Allemagne aux importations d\u2019armes am\u00e9ricaines. Outre la production nationale, l\u2019Allemagne acquiert des armements avanc\u00e9s am\u00e9ricains, notamment des avions de chasse, des syst\u00e8mes de d\u00e9fense antimissile et d\u2019autres \u00e9quipements high-tech, afin de moderniser rapidement ses forces. Ce changement majeur souligne l\u2019int\u00e9gration plus profonde du pays dans les structures militaires dirig\u00e9es par les \u00c9tats-Unis.<\/p>\n<p>En plus de cela, l\u2019Allemagne encourage les autres pays de l\u2019Union europ\u00e9enne \u00e0 contribuer financi\u00e8rement \u00e0 cette mont\u00e9e en puissance militaire. Le ministre allemand de la D\u00e9fense a d\u00e9clar\u00e9 dans l\u2019\u00e9mission Tagesschau\u00a0: \u00ab\u00a0Hier m\u00fcssen alle ihre Portemonnaies \u00f6ffnen\u00a0\u00bb \u00ab\u00a0Ici, tout le monde doit ouvrir son portefeuille\u00a0\u00bb, incitant les \u00c9tats europ\u00e9ens de l\u2019Otan \u00e0 participer \u00e0 l\u2019achat d\u2019armes am\u00e9ricaines et \u00e0 partager le fardeau de la d\u00e9fense.<\/p>\n<blockquote class=\"exergue\">\n<p>Le r\u00e9veil du militarisme ranime des peurs historiques<\/p>\n<\/blockquote>\n<p>L\u2019Allemagne a \u00e9galement engag\u00e9 plus de 10\u00a0milliards d\u2019euros d\u2019aide militaire \u00e0 l\u2019Ukraine, fournissant des chars Leopard\u00a02, de l\u2019artillerie automotrice et des syst\u00e8mes de d\u00e9fense a\u00e9rienne, se positionnant ainsi dans un r\u00f4le de soutien direct dans une zone de conflit active \u2013 une rupture nette avec sa retenue militaire d\u2019apr\u00e8s-guerre, la guerre d\u2019Afghanistan mise \u00e0 part.<\/p>\n<p>Cette militarisation rapide, bien que pr\u00e9sent\u00e9e comme n\u00e9cessaire \u00e0 la s\u00e9curit\u00e9, soul\u00e8ve des inqui\u00e9tudes profondes et multiples. La volont\u00e9 de l\u2019Allemagne d\u2019affronter directement les forces russes augmente le risque d\u2019une guerre europ\u00e9enne \u00e9largie, susceptible d\u2019entra\u00eener le continent dans un conflit catastrophique. Le passage d\u2019une culture militaire sage \u00e0 une posture agressive fragilise les voies diplomatiques et r\u00e9duit l\u2019espace disponible pour une r\u00e9solution pacifique, durcissant les positions de toutes les parties.<\/p>\n<p>Pour les voisins de l\u2019Allemagne, le r\u00e9veil du militarisme allemand \u2013 m\u00eame sous un gouvernement d\u00e9mocratique \u2013 ranime des peurs historiques qui persistent depuis les ravages des guerres mondiales. Cette inqui\u00e9tude est renforc\u00e9e sur le plan int\u00e9rieur, o\u00f9 la soci\u00e9t\u00e9 et les factions politiques restent profond\u00e9ment divis\u00e9es sur cette voie. L\u2019adoption de la force militaire remet en cause les valeurs pacifistes qui ont longtemps \u00e9t\u00e9 un pilier de l\u2019identit\u00e9 allemande d\u2019apr\u00e8s-guerre, cr\u00e9ant des tensions au sein du tissu social du pays.<\/p>\n<p>Un moment critique pour l\u2019Europe<\/p>\n<p>La marche de l\u2019Allemagne vers la militarisation repr\u00e9sente plus qu\u2019un simple changement de politique nationale\u00a0; elle constitue un moment d\u00e9cisif pour la s\u00e9curit\u00e9 europ\u00e9enne et la stabilit\u00e9 mondiale. La disposition \u00e0 \u00ab\u00a0tuer des soldats russes\u00a0\u00bb, autrefois impensable dans le discours politique allemand, signale une pr\u00e9paration \u00e0 la confrontation aux risques immenses. L\u2019Europe doit faire face \u00e0 cette nouvelle r\u00e9alit\u00e9\u00a0: une Allemagne d\u00e9sireuse de retrouver un r\u00f4le sur le champ de bataille que beaucoup esp\u00e9raient r\u00e9volu. Sans une diplomatie prudente et un engagement renouvel\u00e9 pour la paix, ce dangereux r\u00e9veil pourrait d\u00e9g\u00e9n\u00e9rer en un conflit bien plus vaste que quiconque ne le souhaite.<\/p>\n","protected":false},"excerpt":{"rendered":"L\u2019Allemagne, un pays longtemps hant\u00e9 par son r\u00f4le d\u2019instigateur de deux guerres mondiales d\u00e9vastatrices, est d\u00e9sormais engag\u00e9e sur&hellip;\n","protected":false},"author":2,"featured_media":260538,"comment_status":"","ping_status":"","sticky":false,"template":"","format":"standard","meta":{"footnotes":""},"categories":[1587],"tags":[11,672,1804,1805,1803,1777,674,1801,12,1802],"class_list":{"0":"post-260537","1":"post","2":"type-post","3":"status-publish","4":"format-standard","5":"has-post-thumbnail","7":"category-allemagne","8":"tag-actualites","9":"tag-allemagne","10":"tag-bundesrepublik-deutschland","11":"tag-de","12":"tag-deutschland","13":"tag-eu","14":"tag-europe","15":"tag-germany","16":"tag-news","17":"tag-republique-federale-dallemagne"},"share_on_mastodon":{"url":"https:\/\/pubeurope.com\/@fr\/114884267456652407","error":""},"_links":{"self":[{"href":"https:\/\/www.europesays.com\/fr\/wp-json\/wp\/v2\/posts\/260537","targetHints":{"allow":["GET"]}}],"collection":[{"href":"https:\/\/www.europesays.com\/fr\/wp-json\/wp\/v2\/posts"}],"about":[{"href":"https:\/\/www.europesays.com\/fr\/wp-json\/wp\/v2\/types\/post"}],"author":[{"embeddable":true,"href":"https:\/\/www.europesays.com\/fr\/wp-json\/wp\/v2\/users\/2"}],"replies":[{"embeddable":true,"href":"https:\/\/www.europesays.com\/fr\/wp-json\/wp\/v2\/comments?post=260537"}],"version-history":[{"count":0,"href":"https:\/\/www.europesays.com\/fr\/wp-json\/wp\/v2\/posts\/260537\/revisions"}],"wp:featuredmedia":[{"embeddable":true,"href":"https:\/\/www.europesays.com\/fr\/wp-json\/wp\/v2\/media\/260538"}],"wp:attachment":[{"href":"https:\/\/www.europesays.com\/fr\/wp-json\/wp\/v2\/media?parent=260537"}],"wp:term":[{"taxonomy":"category","embeddable":true,"href":"https:\/\/www.europesays.com\/fr\/wp-json\/wp\/v2\/categories?post=260537"},{"taxonomy":"post_tag","embeddable":true,"href":"https:\/\/www.europesays.com\/fr\/wp-json\/wp\/v2\/tags?post=260537"}],"curies":[{"name":"wp","href":"https:\/\/api.w.org\/{rel}","templated":true}]}}