{"id":260541,"date":"2025-07-20T07:00:17","date_gmt":"2025-07-20T07:00:17","guid":{"rendered":"https:\/\/www.europesays.com\/fr\/260541\/"},"modified":"2025-07-20T07:00:17","modified_gmt":"2025-07-20T07:00:17","slug":"autorisation-de-voyage-en-ue-bruxelles-envisage-daugmenter-les-frais-dentree-de-7-a-20-euros-en-2026-18-07-2025-a-1718","status":"publish","type":"post","link":"https:\/\/www.europesays.com\/fr\/260541\/","title":{"rendered":"Autorisation de voyage en UE : Bruxelles envisage d&rsquo;augmenter les frais d&rsquo;entr\u00e9e de 7 \u00e0 20 euros en 2026 &#8211; 18\/07\/2025 \u00e0 17:18"},"content":{"rendered":"<p>        <img fetchpriority=\"high\" decoding=\"async\" src=\"https:\/\/www.europesays.com\/fr\/wp-content\/uploads\/2025\/07\/d8c8eb3def4028c42913ff1a86cabc56-760x507.jpg\" alt=\"Ursula von der Leyen \u00e0 Bruxelles, en Belgique, le 20 mars 2025. ( AFP \/ JOHN THYS )\" loading=\"eager\" width=\"760\" height=\"507\" style=\"max-width: 100%!important; height: auto;\"\/><\/p>\n<p class=\"c-image-news__legend\">Ursula von der Leyen \u00e0 Bruxelles, en Belgique, le 20 mars 2025. ( AFP \/ JOHN THYS )<\/p>\n<p> L&rsquo;institution europ\u00e9enne a justifi\u00e9 cette hausse en raison de \u00ab\u00a0l&rsquo;inflation et des co\u00fbts op\u00e9rationnel\u00a0\u00bb.<\/p>\n<p>\n Baptis\u00e9e ETIAS, cette autorisation de voyage num\u00e9rique s&rsquo;appliquera aux ressortissants d&rsquo;une soixantaine de pays exempt\u00e9s de visas de court s\u00e9jour pour se rendre en Europe, comme le Br\u00e9sil, les Etats-Unis ou la Grande-Bretagne.\n<\/p>\n<p>\n L&rsquo;UE a pris du retard pour lancer cette nouvelle autorisation, qui doit s&rsquo;accompagner d&rsquo;un syst\u00e8me automatis\u00e9 de contr\u00f4le aux fronti\u00e8res et<br \/>\n <strong><br \/>\n  sa mise en place est d\u00e9sormais attendue au dernier trimestre 2026<br \/>\n <\/strong><br \/>\n .\n<\/p>\n<p>\n En 2018, la Commission avait pr\u00e9vu des frais de 7 euros pour ce futur document num\u00e9rique. Mais elle entend d\u00e9sormais relever la somme \u00e0 20 euros,<br \/>\n <strong><br \/>\n  en raison de \u00ab\u00a0l&rsquo;inflation et des co\u00fbts op\u00e9rationnel\u00a0\u00bb<br \/>\n <\/strong><br \/>\n , affirme l&rsquo;ex\u00e9cutif europ\u00e9en.\n<\/p>\n<p>\n Les Etats membres et le Parlement europ\u00e9en vont examiner cette augmentation.\n<\/p>\n<p> Une autorisation d&rsquo;une dur\u00e9e maximale de 90 jours<\/p>\n<p>\n L&rsquo;Union europ\u00e9enne explique s&rsquo;aligner sur les frais appliqu\u00e9s dans d&rsquo;autres pays. L&rsquo;\u00e9quivalent britannique, connu sous le nom d&rsquo;ETA, co\u00fbte 16 livres sterling (18,5 euros) et il faut s&rsquo;acquitter de 21 dollars (18 euros) pour le permis ESTA aux \u00c9tats-Unis.\n<\/p>\n<p>\n Pour l&rsquo;UE,<br \/>\n <strong><br \/>\n  les demandeurs \u00e2g\u00e9s de moins de 18 ans ou de plus de 70 ans seront exempt\u00e9s de frais<br \/>\n <\/strong><br \/>\n .\n<\/p>\n<p>\n Le syst\u00e8me ETIAS permettra d&rsquo;entrer dans l&rsquo;Union europ\u00e9enne (sauf en Irlande), ainsi qu&rsquo;en Suisse, au Liechtenstein, en Norv\u00e8ge et en Islande. Cette autorisation de voyage sera d&rsquo;une<br \/>\n <strong><br \/>\n  dur\u00e9e maximale de 90 jours et valable trois ans<br \/>\n <\/strong><br \/>\n .\n<\/p>\n<p>\n L&rsquo;annonce intervient au moment o\u00f9 l&rsquo;Union europ\u00e9enne est en qu\u00eate de nouvelles ressources budg\u00e9taires.<\/p>\n","protected":false},"excerpt":{"rendered":"Ursula von der Leyen \u00e0 Bruxelles, en Belgique, le 20 mars 2025. ( AFP \/ JOHN THYS )&hellip;\n","protected":false},"author":2,"featured_media":260542,"comment_status":"","ping_status":"","sticky":false,"template":"","format":"standard","meta":{"footnotes":""},"categories":[1586],"tags":[400,11,398,408,405,1777,674,1779,1011,27,403,402,399,404,12,25,401,406,1778,364,407],"class_list":{"0":"post-260541","1":"post","2":"type-post","3":"status-publish","4":"format-standard","5":"has-post-thumbnail","7":"category-europe","8":"tag-action-cac-40","9":"tag-actualites","10":"tag-bourse-de-paris","11":"tag-boursorama","12":"tag-cotations","13":"tag-eu","14":"tag-europe","15":"tag-european-union","16":"tag-fr","17":"tag-france","18":"tag-indices-devises","19":"tag-investir","20":"tag-investissement","21":"tag-marche-boursier","22":"tag-news","23":"tag-republique-francaise","24":"tag-sicav","25":"tag-trackers","26":"tag-ue","27":"tag-union-europeenne","28":"tag-warrants"},"share_on_mastodon":{"url":"https:\/\/pubeurope.com\/@fr\/114884275398996178","error":""},"_links":{"self":[{"href":"https:\/\/www.europesays.com\/fr\/wp-json\/wp\/v2\/posts\/260541","targetHints":{"allow":["GET"]}}],"collection":[{"href":"https:\/\/www.europesays.com\/fr\/wp-json\/wp\/v2\/posts"}],"about":[{"href":"https:\/\/www.europesays.com\/fr\/wp-json\/wp\/v2\/types\/post"}],"author":[{"embeddable":true,"href":"https:\/\/www.europesays.com\/fr\/wp-json\/wp\/v2\/users\/2"}],"replies":[{"embeddable":true,"href":"https:\/\/www.europesays.com\/fr\/wp-json\/wp\/v2\/comments?post=260541"}],"version-history":[{"count":0,"href":"https:\/\/www.europesays.com\/fr\/wp-json\/wp\/v2\/posts\/260541\/revisions"}],"wp:featuredmedia":[{"embeddable":true,"href":"https:\/\/www.europesays.com\/fr\/wp-json\/wp\/v2\/media\/260542"}],"wp:attachment":[{"href":"https:\/\/www.europesays.com\/fr\/wp-json\/wp\/v2\/media?parent=260541"}],"wp:term":[{"taxonomy":"category","embeddable":true,"href":"https:\/\/www.europesays.com\/fr\/wp-json\/wp\/v2\/categories?post=260541"},{"taxonomy":"post_tag","embeddable":true,"href":"https:\/\/www.europesays.com\/fr\/wp-json\/wp\/v2\/tags?post=260541"}],"curies":[{"name":"wp","href":"https:\/\/api.w.org\/{rel}","templated":true}]}}