{"id":260543,"date":"2025-07-20T07:01:10","date_gmt":"2025-07-20T07:01:10","guid":{"rendered":"https:\/\/www.europesays.com\/fr\/260543\/"},"modified":"2025-07-20T07:01:10","modified_gmt":"2025-07-20T07:01:10","slug":"six-departements-en-vigilance-orange-pour-les-orages","status":"publish","type":"post","link":"https:\/\/www.europesays.com\/fr\/260543\/","title":{"rendered":"six d\u00e9partements en vigilance orange pour les orages"},"content":{"rendered":"<p>Le nord-est de la France est \u00e0 son tour concern\u00e9 par le passage d\u2019orages ce dimanche, \u00e0 partir du d\u00e9but d\u2019apr\u00e8s-midi.<\/p>\n<p class=\"fig-paragraph\">Attention aux orages, \u00e0 nouveau. Comme la veille dans le centre-est, le ciel s\u2019annonce agit\u00e9 ce dimanche dans le nord-est du pays, avec des orages se renfor\u00e7ant en fin d\u2019apr\u00e8s-midi dans le Massif central, Rh\u00f4ne-Alpes, la Bourgogne, le Jura et le Grand Est, indique\u00a0<a href=\"https:\/\/actualite.lachainemeteo.com\/actualite-meteo\/2025-07-19\/meteo-de-votre-dimanche-fortes-pluies-a-l-ouest-violents-orages-a-l-est-79821\" target=\"_blank\" rel=\"sponsored noopener nofollow\" data-gtm-custom-categorie=\"navigation\" data-gtm-custom-action=\"crossclick\" data-gtm-custom-label=\"Contextuel\" data-gtm-event=\"customEventSPE\">La Cha\u00eene M\u00e9t\u00e9o<\/a>\u00a0*.<\/p>\n<p class=\"fig-paragraph\">La pluie sera aussi bien pr\u00e9sente dans l\u2019ouest, du nord de l\u2019Aquitaine \u00e0 la Manche, en passant par le Centre-Val de Loire et le bassin parisien. On attend de 20 \u00e0 24\u00b0C dans l\u2019ouest et de 30 \u00e0 33\u00b0C dans la moiti\u00e9 est.<\/p>\n<p>    Risque de gr\u00eale ce dimanche 20 juillet 2025<br \/>\n                La Cha\u00eene M\u00e9t\u00e9o<\/p>\n<p>                                    <a class=\"fig-a11y-skip a11y-hidden\" href=\"#fig-a11y-skip-main-inarticle\"><br \/>\n        Passer la publicit\u00e9<br \/>\n    <\/a><\/p>\n<p class=\"fig-paragraph\">En raison des orages, six d\u00e9partements du nord-est seront concern\u00e9s par la vigilance orange de M\u00e9t\u00e9o-France ce dimanche apr\u00e8s-midi, pour un \u00ab\u00e9pisode orageux notable\u00bb avec une \u00abforte probabilit\u00e9 de ph\u00e9nom\u00e8nes violents\u00bb.<\/p>\n<p class=\"fig-paragraph\">La Moselle, la Meurthe-et-Moselle, la Meuse, les Vosges, la Haute-Marne et la C\u00f4te-d\u2019Or vont conna\u00eetre un \u00ab\u00e9pisode orageux notable n\u00e9cessitant une vigilance particuli\u00e8re\u00bb, selon le bulletin de l\u2019organisme publi\u00e9 \u00e0 6h.<\/p>\n<p class=\"fig-paragraph\">\u00abEn d\u00e9but d\u2019apr\u00e8s-midi de dimanche, une vague orageuse assez marqu\u00e9e va concerner les d\u00e9partements de C\u00f4te d\u2019Or et de Haute-Marne puis s\u2019\u00e9tendre rapidement \u00e0 la Lorraine dans l\u2019apr\u00e8s-midi\u00bb, avec \u00abdes rafales de vent souvent comprises entre 70 et 90 km\/h et pouvant atteindre tr\u00e8s ponctuellement les 100 \u00e0 120 km\/h\u00bb, pr\u00e9cise M\u00e9t\u00e9o-France.<\/p>\n<p class=\"fig-body-link\">\n            \u00c0 lire aussi<br \/>\n        <a class=\"fig-body-link__link\" href=\"http:\/\/www.lefigaro.fr\/meteo\/foudre-vents-violents-grele-les-images-des-orages-qui-ont-balaye-mercredi-la-france-20250703\" data-fig-type=\"NewsFlash\" data-gtm-custom-categorie=\"navigation\" data-gtm-custom-action=\"crossclick\" data-gtm-custom-label=\"Contextuel\" data-gtm-event=\"customEventSPE\" data-fig-domain=\"LEFIGARO\" rel=\"nofollow noopener\" target=\"_blank\">Foudre, vents violents, gr\u00eale&#8230;Les images des orages qui ont balay\u00e9 mercredi la France<br \/>\n    <\/a>\n<\/p>\n<p>Possible extension de la vigilance orange<\/p>\n<p class=\"fig-paragraph\">La vigilance pourrait \u00ab\u00eatre \u00e9tendue aux d\u00e9partements limitrophes\u00bb des six concern\u00e9s dans le nord-est, avec un risque de \u00abrafales violentes\u00bb et de \u00abgr\u00eale surtout pr\u00e9sent sur Sa\u00f4ne-et-Loire et Franche-Comt\u00e9\u00bb.<\/p>\n<p class=\"fig-paragraph\">Les orages s\u2019\u00e9vacueront \u00abvers le B\u00e9n\u00e9lux et l\u2019Allemagne en fin d\u2019apr\u00e8s-midi au plus tard mais pourront \u00eatre suivis par des averses et d\u2019autres orages\u00bb. Le risque d\u2019orages n\u2019est pas exclu sur la partie centre-est du pays.<\/p>\n<p>                                    <a class=\"fig-a11y-skip a11y-hidden\" href=\"#fig-a11y-skip-main-inarticle_mtf\"><br \/>\n        Passer la publicit\u00e9<br \/>\n    <\/a><\/p>\n<p class=\"fig-paragraph\">Des orages se d\u00e9veloppent \u00absur le Massif Central et se d\u00e9calent rapidement vers le nord de la r\u00e9gion Rh\u00f4ne-Alpes\u00bb et en soir\u00e9e et dans la nuit de dimanche \u00e0 lundi, \u00abdes cumuls de pluie importants sont possibles en peu de temps de l\u2019Ard\u00e8che aux Savoies\u00bb, indique M\u00e9t\u00e9o-France.<\/p>\n<p class=\"fig-paragraph\">Le service m\u00e9t\u00e9orologique appelle \u00e0 rester \u00abinform\u00e9(e)\u00bb des \u00e9volutions de la situation, qui \u00abpeut conduire \u00e0 une extension de la vigilance orange\u00bb.<\/p>\n<p class=\"fig-paragraph\">*La Cha\u00eene M\u00e9t\u00e9o est une propri\u00e9t\u00e9 du groupe Le Figaro.<\/p>\n","protected":false},"excerpt":{"rendered":"Le nord-est de la France est \u00e0 son tour concern\u00e9 par le passage d\u2019orages ce dimanche, \u00e0 partir&hellip;\n","protected":false},"author":2,"featured_media":260544,"comment_status":"","ping_status":"","sticky":false,"template":"","format":"standard","meta":{"footnotes":""},"categories":[2],"tags":[11,1011,27,2487,12,4594,25],"class_list":{"0":"post-260543","1":"post","2":"type-post","3":"status-publish","4":"format-standard","5":"has-post-thumbnail","7":"category-actualites","8":"tag-actualites","9":"tag-fr","10":"tag-france","11":"tag-meteo","12":"tag-news","13":"tag-orages","14":"tag-republique-francaise"},"share_on_mastodon":{"url":"https:\/\/pubeurope.com\/@fr\/114884279265663769","error":""},"_links":{"self":[{"href":"https:\/\/www.europesays.com\/fr\/wp-json\/wp\/v2\/posts\/260543","targetHints":{"allow":["GET"]}}],"collection":[{"href":"https:\/\/www.europesays.com\/fr\/wp-json\/wp\/v2\/posts"}],"about":[{"href":"https:\/\/www.europesays.com\/fr\/wp-json\/wp\/v2\/types\/post"}],"author":[{"embeddable":true,"href":"https:\/\/www.europesays.com\/fr\/wp-json\/wp\/v2\/users\/2"}],"replies":[{"embeddable":true,"href":"https:\/\/www.europesays.com\/fr\/wp-json\/wp\/v2\/comments?post=260543"}],"version-history":[{"count":0,"href":"https:\/\/www.europesays.com\/fr\/wp-json\/wp\/v2\/posts\/260543\/revisions"}],"wp:featuredmedia":[{"embeddable":true,"href":"https:\/\/www.europesays.com\/fr\/wp-json\/wp\/v2\/media\/260544"}],"wp:attachment":[{"href":"https:\/\/www.europesays.com\/fr\/wp-json\/wp\/v2\/media?parent=260543"}],"wp:term":[{"taxonomy":"category","embeddable":true,"href":"https:\/\/www.europesays.com\/fr\/wp-json\/wp\/v2\/categories?post=260543"},{"taxonomy":"post_tag","embeddable":true,"href":"https:\/\/www.europesays.com\/fr\/wp-json\/wp\/v2\/tags?post=260543"}],"curies":[{"name":"wp","href":"https:\/\/api.w.org\/{rel}","templated":true}]}}