{"id":260549,"date":"2025-07-20T07:04:19","date_gmt":"2025-07-20T07:04:19","guid":{"rendered":"https:\/\/www.europesays.com\/fr\/260549\/"},"modified":"2025-07-20T07:04:19","modified_gmt":"2025-07-20T07:04:19","slug":"la-mexicaine-fernanda-lira-simpose-haut-la-main-a-islantilla-les-francaises-chloe-salort-et-alice-kong-dans-le-top-5","status":"publish","type":"post","link":"https:\/\/www.europesays.com\/fr\/260549\/","title":{"rendered":"La Mexicaine Fernanda Lira s&rsquo;impose haut la main \u00e0 Islantilla, les Fran\u00e7aises Chlo\u00e9 Salort et Alice Kong dans le top 5"},"content":{"rendered":"<p>\t\t\t\t\t\t<img width=\"762\" height=\"500\" src=\"https:\/\/www.europesays.com\/fr\/wp-content\/uploads\/2025\/07\/marina_escobar_domingo-4.png\" class=\"img-responsive wp-post-image\" alt=\"Premi\u00e8re victoire pour la Mexicaine Fernanda Lira sur le LETAS\" decoding=\"async\" fetchpriority=\"high\"  \/>\t\t\t\t\t<\/p>\n<p>\t\t\t\t\t\t Partager cet article <\/p>\n<p class=\"screen-reader-text juiz_sps_maybe_hidden_text\">Partager la publication \u00ab\u00a0La Mexicaine Fernanda Lira s\u2019impose haut la main \u00e0 Islantilla, les Fran\u00e7aises Chlo\u00e9 Salort et Alice Kong dans le top 5\u00a0\u00bb<\/p>\n<p><strong>La Mexicaine Fernanda Lira a survol\u00e9 l\u2019Islantilla Open, disput\u00e9 dans la province de Huelva en Andalousie. Les Fran\u00e7aises Chlo\u00e9 Salort et Alice Kong terminent cinqui\u00e8mes ex aequo, Emma Grechi et Marine Griffaut dans le top 20.<\/strong><\/p>\n<p>\t\t\t\t\t<a id=\"178032\" href=\"https:\/\/www.golfy.fr\/landing\/golf-planete-decouvrez-les-golfs-collections-du-reseau-golfy?utm_source=golf_planete&amp;utm_medium=display&amp;utm_campaign=golfs_collection_2025\" target=\"_blank\" rel=\"sponsorised nofollow noopener\"><img decoding=\"async\" src=\"data:image\/svg+xml,%3Csvg%20xmlns=\" http:=\"\" class=\"img-responsive\" alt=\"\" data-lazy-src=\"https:\/\/www.europesays.com\/fr\/wp-content\/uploads\/2025\/06\/golfy-e06-golfs-collection-france-ete-1170x275-1.jpg\"\/><\/a><\/p>\n<p><strong>H.D.<\/strong><\/p>\n<p>Pour sa premi\u00e8re victoire sur le <strong>Ladies European Tour Access Series<\/strong>, la Mexicaine <strong>Fernanda Lira<\/strong> a sign\u00e9 une prestation remarquable sur le par 72 de l\u2019<strong>Islantilla Golf Resort<\/strong>. Elle a \u00e9t\u00e9 en t\u00eate d\u00e8s le jeudi, d\u2019abord dans un quintet compos\u00e9 notamment des <a href=\"https:\/\/www.golfplanete.com\/actualites\/alice-kong-sacree-a-15-ans-sur-le-letas\" rel=\"nofollow noopener\" target=\"_blank\">Fran\u00e7aises<strong> Alice Kong<\/strong><\/a> et <strong>Margot Rouquette<\/strong>, avant de filer vers le titre sur la suite.<\/p>\n<p>Elle devance de six coups, l\u2019Anglaise <strong>Jessica Hall<\/strong> et de sept la Tch\u00e8que <strong>Patricie Mackova<\/strong> et l\u2019Ecossaise <strong>Laura Beveridge<\/strong><\/p>\n<p><a href=\"https:\/\/letaccess.com\/reports-page?url=https%3A%2F%2Finfo.ladieseuropeantour.com%2Ftic%2Ftmresult.cgi%3Ftourn%3D5030~season%3D2025~result%3DPF~&amp;id=2025&amp;code=5030&amp;title=Final%20Result\" rel=\"nofollow noopener\" target=\"_blank\">Retrouvez le classement complet<\/a><\/p>\n<p>C\u00f4t\u00e9 fran\u00e7ais, la jeune <strong>Alice Kong<\/strong> (15 ans) s\u2019est distingu\u00e9e malgr\u00e9 un deuxi\u00e8me tour difficile (76) et un d\u00e9part h\u00e9sitant lors de la derni\u00e8re journ\u00e9e. Elle termine finalement \u00e0 la cinqui\u00e8me place ex aequo, \u00e0 \u00e9galit\u00e9 avec <strong>Chlo\u00e9 Salort.<\/strong>\u00a0Cette derni\u00e8re signe son meilleur r\u00e9sultat de la saison et son deuxi\u00e8me top 10.<\/p>\n<p>\t\t\t\t\t<a id=\"174669\" href=\"https:\/\/site.arkea-banque-ei.com\/\" target=\"_blank\" rel=\"sponsorised nofollow noopener\"><img decoding=\"async\" src=\"data:image\/svg+xml,%3Csvg%20xmlns=\" http:=\"\" class=\"img-responsive\" alt=\"\" data-lazy-src=\"https:\/\/www.europesays.com\/fr\/wp-content\/uploads\/2025\/06\/arkea-e02-objectif-strategie-v2-1170x275-1.png\"\/><\/a><br \/>\nEmma Grechi et Marine Griffaut dans le top 20\u00a0<\/p>\n<p>La Girondine <strong>Emma Grechi,<\/strong> engag\u00e9e pour la deuxi\u00e8me fois cette saison sur le <strong>LETAS<\/strong>, \u00e9choue \u00e0 deux coups du top 10.<strong> Marine Griffaut<\/strong>, licenci\u00e9e \u00e0 <strong>Cannes-Mougins<\/strong>, a pris la 19e place, son troisi\u00e8me top 20 apr\u00e8s <strong>Terre Blanche <\/strong>et<strong> Montauban<\/strong>.<\/p>\n<p>Meilleure Fran\u00e7aise au g\u00e9n\u00e9ral, <strong>Charlotte Liautier<\/strong> termine 34e, tout comme <strong>Lo\u00efs Lau<\/strong>. <strong>Margot Rouquette<\/strong>, pourtant co-leader apr\u00e8s le premier tour, finit 49e apr\u00e8s deux cartes compliqu\u00e9es (78 et 82).<\/p>\n<p>\t\t\t\t\t<a id=\"174987\" href=\"https:\/\/www.sudfrancegolf.com\/fr\/\" target=\"_blank\" rel=\"sponsorised nofollow noopener\"><img decoding=\"async\" src=\"data:image\/svg+xml,%3Csvg%20xmlns=\" http:=\"\" class=\"img-responsive\" alt=\"\" data-lazy-src=\"https:\/\/www.europesays.com\/fr\/wp-content\/uploads\/2025\/06\/giesudfrancegolf-e02-egolf-pass-2025-v2-1170x275-1.gif\"\/><\/a><br \/>\nLe Top 10<\/p>\n<p><img loading=\"lazy\" decoding=\"async\" class=\"alignnone size-large wp-image-180249\" src=\"data:image\/svg+xml,%3Csvg%20xmlns=\" http:=\"\" alt=\"\" width=\"770\" height=\"543\" data-lazy- data-lazy- data-lazy-src=\"https:\/\/www.europesays.com\/fr\/wp-content\/uploads\/2025\/07\/capture-decran-2025-07-19-165535-770x543.png\"\/><\/p>\n<p>Les autres fran\u00e7aises<\/p>\n<p><img loading=\"lazy\" decoding=\"async\" class=\"alignnone size-large wp-image-180250\" src=\"data:image\/svg+xml,%3Csvg%20xmlns=\" http:=\"\" alt=\"\" width=\"770\" height=\"569\" data-lazy- data-lazy- data-lazy-src=\"https:\/\/www.europesays.com\/fr\/wp-content\/uploads\/2025\/07\/capture-decran-2025-07-19-165645-770x569.png\"\/><\/p>\n","protected":false},"excerpt":{"rendered":"Partager cet article Partager la publication \u00ab\u00a0La Mexicaine Fernanda Lira s\u2019impose haut la main \u00e0 Islantilla, les Fran\u00e7aises&hellip;\n","protected":false},"author":2,"featured_media":260550,"comment_status":"","ping_status":"","sticky":false,"template":"","format":"standard","meta":{"footnotes":""},"categories":[1418],"tags":[1011,27,1472,60],"class_list":{"0":"post-260549","1":"post","2":"type-post","3":"status-publish","4":"format-standard","5":"has-post-thumbnail","7":"category-golf","8":"tag-fr","9":"tag-france","10":"tag-golf","11":"tag-sports"},"share_on_mastodon":{"url":"https:\/\/pubeurope.com\/@fr\/114884291329066169","error":""},"_links":{"self":[{"href":"https:\/\/www.europesays.com\/fr\/wp-json\/wp\/v2\/posts\/260549","targetHints":{"allow":["GET"]}}],"collection":[{"href":"https:\/\/www.europesays.com\/fr\/wp-json\/wp\/v2\/posts"}],"about":[{"href":"https:\/\/www.europesays.com\/fr\/wp-json\/wp\/v2\/types\/post"}],"author":[{"embeddable":true,"href":"https:\/\/www.europesays.com\/fr\/wp-json\/wp\/v2\/users\/2"}],"replies":[{"embeddable":true,"href":"https:\/\/www.europesays.com\/fr\/wp-json\/wp\/v2\/comments?post=260549"}],"version-history":[{"count":0,"href":"https:\/\/www.europesays.com\/fr\/wp-json\/wp\/v2\/posts\/260549\/revisions"}],"wp:featuredmedia":[{"embeddable":true,"href":"https:\/\/www.europesays.com\/fr\/wp-json\/wp\/v2\/media\/260550"}],"wp:attachment":[{"href":"https:\/\/www.europesays.com\/fr\/wp-json\/wp\/v2\/media?parent=260549"}],"wp:term":[{"taxonomy":"category","embeddable":true,"href":"https:\/\/www.europesays.com\/fr\/wp-json\/wp\/v2\/categories?post=260549"},{"taxonomy":"post_tag","embeddable":true,"href":"https:\/\/www.europesays.com\/fr\/wp-json\/wp\/v2\/tags?post=260549"}],"curies":[{"name":"wp","href":"https:\/\/api.w.org\/{rel}","templated":true}]}}