{"id":260551,"date":"2025-07-20T07:06:12","date_gmt":"2025-07-20T07:06:12","guid":{"rendered":"https:\/\/www.europesays.com\/fr\/260551\/"},"modified":"2025-07-20T07:06:12","modified_gmt":"2025-07-20T07:06:12","slug":"le-carnet-de-notes-des-bleus-en-nouvelle-zelande-guillard-et-fischer-epatent-barre-et-colombe-en-perdition-le-figaro","status":"publish","type":"post","link":"https:\/\/www.europesays.com\/fr\/260551\/","title":{"rendered":"Le carnet de notes des Bleus en Nouvelle-Z\u00e9lande : Guillard et Fischer \u00e9patent, Barr\u00e9 et Colombe en perdition &#8211; Le Figaro"},"content":{"rendered":"<ol>\n<li><a href=\"https:\/\/news.google.com\/rss\/articles\/CBMi-AFBVV95cUxQYzRvN3dvXzZyQlI2aExwc0Z2eTFVSDBpZVVvbWFDZVE2MHk0WEhwZ2dCeXprZjhNa0NFRVkxV0lidzNJWUxvYlpsNG13aUxZMU9mRWtCV09SQ2ZDLUh6M3N5Xy1mVkMwX0RTc0VJQ1RlNEp1N0x5TUF3THZGRVktTXJiYVVlWDFwV25vMTZmRFI2eEFPZUZBa0NGcXZxYlNmYnJBZHI5aEdpd09FcmZIMUJ4b3JxNVhHMzBoX2g0OUFsWDV2Zzc2dVY5NkRSTGVRVmUzRkpRMUpqWUdFcGFRMUxkN3Y0QW5BS0JtMk96WnVwZWVxVE04eg?oc=5\" target=\"_blank\" rel=\"nofollow noopener\">Le carnet de notes des Bleus en Nouvelle-Z\u00e9lande : Guillard et Fischer \u00e9patent, Barr\u00e9 et Colombe en perdition<\/a>&nbsp;&nbsp;Le Figaro<\/li>\n<li><a href=\"https:\/\/news.google.com\/rss\/articles\/CBMixAFBVV95cUxPVUpzSmZPSEpMYnM3MWRkb09SR1d1bTBRNjlmXzgyTGplOHBRR1ZDbUZySXZnYU1TRm1wVjQ0N0NNTGRsTlpNVk5rckZORlVCSnlMOHFSbnVDMWhKbEFWTVJRYzlQQnZCYkF6d3JpNEItY0hKY3UyRXEtZVBSWjEwcjUxam9hUUtMb3RWbG9uVDhENk9HM0t0UG9pNHVvdEROR3hYeFhaSEczdjZZRlljZmNPWUVORGtQY3VBS1hiUGtYMFdn?oc=5\" target=\"_blank\" rel=\"nofollow noopener\">Nouvelle-Z\u00e9lande &#8211; France. Un homme dans le match : Micka\u00ebl Guillard, chef de meute<\/a>&nbsp;&nbsp;Rugbyrama<\/li>\n<li><a href=\"https:\/\/news.google.com\/rss\/articles\/CBMiwwFBVV95cUxNV0dWbXAzRkF6RE50YzU0REpza1JmN3h6bElaNEZIOWk3eTdqdlZjVVhZbFB4blgweDNZc3U2TGd0OWRQZ0ZZeEtvbTk5NHlWc1RnNEl1cjlxR2lHWEo5elFRd0MwODhiYWhNR0U4ZjBseUktb2t4YWtwVmx0S0JmNUlFYmZyQUhWcHdlVENBX2J3b2ZuMEtYUE1WRVZkRTExajZZc2pBNE9SQXRzUjVpLUJRblhGU0g4V1FIV0g4T0RaVjQ?oc=5\" target=\"_blank\" rel=\"nofollow noopener\">\u00ab J&rsquo;ai un petit bureau d\u00e9di\u00e9 \u00e0 \u00e7a \u00bb : Micka\u00ebl Guillard, le streamer du XV de France<\/a>&nbsp;&nbsp;L&rsquo;\u00c9quipe<\/li>\n<li><a href=\"https:\/\/news.google.com\/rss\/articles\/CBMi7wFBVV95cUxPaE1tOXJtTWxsWkNyd280bkVZZlVDM2x1UXVNWnVuaHBfOXRjaGZfS291SjEtV0lCMVNTVzlsbU91YXlhdGZybU5QYzExUkNuYXNCOUYxV0JlVGtNTTRvbE5GUzdtMGZ6SllKc0M3YUlJTElCY2lSNHJCS2VKLW13NEF1cVFSWW9zYjNzMkplQnlQeUJ4Nm9qaUlSeS1VYW1TQTRmQVk4Ukg5NkFRbUV5eVhjb3BnZ3RvSkJKSHVPNUE3RXF6Sm1SMkIydVloT01ST2Q4UGlVbGtvRU4yTWJMVG5KZGxLZUhpdE9JNHZzUQ?oc=5\" target=\"_blank\" rel=\"nofollow noopener\">XV de France &#8211; Micka\u00ebl Guillard, cadre en herbe : \u00ab\u00a0Plus le niveau monte, plus il \u00e9l\u00e8ve le sien\u00a0\u00bb<\/a>&nbsp;&nbsp;Eurosport<\/li>\n<li><a href=\"https:\/\/news.google.com\/rss\/articles\/CBMilwFBVV95cUxNdzhZb1ZXZmZyZVZaeTNBa1lBYjY5ZmZmc3JYcnFVNDAzQ0JYNjlfVmY2Yk4tZGhOUGo4YWZIZEEyUGhyQ0xOeTFfbDM3VDJzc3JoQ24tVnp6R1FpcExiUDl0VllpbXpRV0tCTzVJTFlubF8yTjNVdzZuVDV6bmRCelh3c0cwQ3VHd2RMY19MTUFJeVZEWk9F?oc=5\" target=\"_blank\" rel=\"nofollow noopener\">Guillard, LA r\u00e9v\u00e9lation de la tourn\u00e9e des Bleus en Nouvelle-Z\u00e9lande<\/a>&nbsp;&nbsp;Quinze Ovalie<\/li>\n<\/ol>\n","protected":false},"excerpt":{"rendered":"Le carnet de notes des Bleus en Nouvelle-Z\u00e9lande : Guillard et Fischer \u00e9patent, Barr\u00e9 et Colombe en perdition&nbsp;&nbsp;Le&hellip;\n","protected":false},"author":2,"featured_media":1445,"comment_status":"","ping_status":"","sticky":false,"template":"","format":"standard","meta":{"footnotes":""},"categories":[1416],"tags":[1011,27,479,1468,60],"class_list":{"0":"post-260551","1":"post","2":"type-post","3":"status-publish","4":"format-standard","5":"has-post-thumbnail","7":"category-rugby","8":"tag-fr","9":"tag-france","10":"tag-rugby","11":"tag-rugby-football","12":"tag-sports"},"share_on_mastodon":{"url":"https:\/\/pubeurope.com\/@fr\/114884298929467728","error":""},"_links":{"self":[{"href":"https:\/\/www.europesays.com\/fr\/wp-json\/wp\/v2\/posts\/260551","targetHints":{"allow":["GET"]}}],"collection":[{"href":"https:\/\/www.europesays.com\/fr\/wp-json\/wp\/v2\/posts"}],"about":[{"href":"https:\/\/www.europesays.com\/fr\/wp-json\/wp\/v2\/types\/post"}],"author":[{"embeddable":true,"href":"https:\/\/www.europesays.com\/fr\/wp-json\/wp\/v2\/users\/2"}],"replies":[{"embeddable":true,"href":"https:\/\/www.europesays.com\/fr\/wp-json\/wp\/v2\/comments?post=260551"}],"version-history":[{"count":0,"href":"https:\/\/www.europesays.com\/fr\/wp-json\/wp\/v2\/posts\/260551\/revisions"}],"wp:featuredmedia":[{"embeddable":true,"href":"https:\/\/www.europesays.com\/fr\/wp-json\/wp\/v2\/media\/1445"}],"wp:attachment":[{"href":"https:\/\/www.europesays.com\/fr\/wp-json\/wp\/v2\/media?parent=260551"}],"wp:term":[{"taxonomy":"category","embeddable":true,"href":"https:\/\/www.europesays.com\/fr\/wp-json\/wp\/v2\/categories?post=260551"},{"taxonomy":"post_tag","embeddable":true,"href":"https:\/\/www.europesays.com\/fr\/wp-json\/wp\/v2\/tags?post=260551"}],"curies":[{"name":"wp","href":"https:\/\/api.w.org\/{rel}","templated":true}]}}