{"id":260553,"date":"2025-07-20T07:09:09","date_gmt":"2025-07-20T07:09:09","guid":{"rendered":"https:\/\/www.europesays.com\/fr\/260553\/"},"modified":"2025-07-20T07:09:09","modified_gmt":"2025-07-20T07:09:09","slug":"motogp-cocorico-sur-le-podium-du-gp-de-republique-tcheque-grace-a-tech3-sprint","status":"publish","type":"post","link":"https:\/\/www.europesays.com\/fr\/260553\/","title":{"rendered":"MotoGP Cocorico sur le podium du GP de R\u00e9publique Tch\u00e8que, gr\u00e2ce \u00e0 Tech3 (sprint) !"},"content":{"rendered":"<p>C\u2019est une belle r\u00e9compense pour l\u2019\u00e9curie Tech3 en MotoGP, apr\u00e8s les blessures et maladies ayant touch\u00e9 les deux pilotes, ces derniers jours. M\u00eame si, d\u2019un point de vue moral, nous aurions aim\u00e9 que Maverick Vinal\u00e8s soit l\u2019auteur de la r\u00e9colte. N\u00e9anmoins, En\u00e9a Bastianini revient de loin, apr\u00e8s une fin de saison tr\u00e8s dure, en termes de time-attack. Mais apr\u00e8s de longs mois de travail, l\u2019Italien semble enfin avoir trouv\u00e9 son aise au guidon de la KTM.<\/p>\n<p>MotoGP : r\u00e9colte tch\u00e8que pour les Fran\u00e7ais de Tech3<\/p>\n<p>Une excellente nouvelle pour Tech3, qui c\u00e9l\u00e9brait hier un \u201cpetit\u201d podium, gr\u00e2ce \u00e0 la troisi\u00e8me place acquise avec brio par le transalpin. Sur une piste visiblement tr\u00e8s favorable \u00e0 la moto autrichienne.<\/p>\n<p>\u00ab C\u2019est incroyable d\u2019\u00eatre sur le podium aujourd\u2019hui apr\u00e8s si longtemps\u201c, commentait En\u00e9a Bastianini, c\u00e9l\u00e9brant son tout premier podium au guidon d\u2019une Ducati. \u201cC\u2019est notre premier avec KTM, et c\u2019est fantastique pour toute mon \u00e9quipe. Depuis le d\u00e9but de la saison, il m\u2019a \u00e9t\u00e9 difficile d\u2019\u00eatre rapide, et aujourd\u2019hui, nous nous sentions vraiment bien. Nous avons fait un grand pas en avant depuis hier, et le feeling est vraiment bon depuis le d\u00e9but du week-end, mais je ne pensais pas vraiment au podium. Cependant, j\u2019ai saisi toutes les opportunit\u00e9s qui se sont pr\u00e9sent\u00e9es, et quand j\u2019ai vu que j\u2019\u00e9tais proche du top 3, je me suis dit qu\u2019il fallait que j\u2019attaque encore plus et que j\u2019essaie d\u2019y parvenir ! \u00bb, concluait le pilote italien, samedi soir.<\/p>\n<p>Pourtant, Tech3, en d\u00e9pit de l\u2019absence de son pilote phare, parvenait \u00e0 positionner son pilote int\u00e9rimaire, oeuvrant pour KTM en qualit\u00e9 de d\u00e9veloppeur et d\u2019essayeur, dans les points ! Effectivement, le wild-card Pol Espargaro r\u00e9ussissait un petit exploit, compte tenu du peu de roulage en course pour lui, ces derniers mois. A savoir, conclure l\u2019\u00e9preuve \u00e0 la neuvi\u00e8me place. Notamment apr\u00e8s avoir d\u00e9bord\u00e9 l\u2019Aprilia de Jorge Martin.<\/p>\n<p>\u00ab Je pensais avoir plus de difficult\u00e9s aujourd\u2019hui, car il y a beaucoup de choses que je ne fais plus en essais, comme les contre-la-montre, la course et la bagarre avec les autres, mais je pense que nous avons fait du bon travail !\u201c, t\u00e9moignait le pilote ib\u00e9rique, quelques minutes apr\u00e8s le drapeau \u00e0 damier. \u201cBien s\u00fbr, les d\u00e9passements ont \u00e9t\u00e9 difficiles, mais nous avons pris un bon d\u00e9part, et je suis ensuite rest\u00e9 coinc\u00e9 derri\u00e8re Jorge Martin pendant un moment. Quoi qu\u2019il en soit, je suis tr\u00e8s heureux pour tous les membres de KTM, avec Enea et Pedro tous deux sur le podium aujourd\u2019hui, et je pense que nous aurons un grand potentiel pour demain. \u00bb<\/p>\n<blockquote class=\"twitter-tweet\">\n<p dir=\"ltr\" lang=\"en\">So happy for you and the team <a href=\"https:\/\/twitter.com\/Bestia23?ref_src=twsrc%5Etfw\" target=\"_blank\" rel=\"noopener\">@Bestia23<\/a> ! Let\u2019s keep it going \ud83d\udcaa <a href=\"https:\/\/t.co\/fjlcO2tKvn\">https:\/\/t.co\/fjlcO2tKvn<\/a><\/p>\n<p>\u2014 Tech3 Racing (@Tech3Racing) <a href=\"https:\/\/twitter.com\/Tech3Racing\/status\/1946627650585276715?ref_src=twsrc%5Etfw\" target=\"_blank\" rel=\"noopener\">July 19, 2025<\/a><\/p>\n<\/blockquote>\n<p>Nicolas Goyon, le Team Manager de l\u2019\u00e9curie tricolore, ne cachait \u00e9videmment pas sa joie, suite \u00e0 ce podium en sprint : \u00ab Ce fut un excellent samedi pour l\u2019\u00e9quipe Red Bull KTM Tech3 avec le premier podium sprint d\u2019Enea Bastianini avec nous ! Je pense que cela nous a tous surpris, car nous ne savions pas vraiment \u00e0 quoi nous attendre \u00e0 Brno, car Enea revenait de maladie, et nous devions comprendre son \u00e9tat physique. Hier a \u00e9t\u00e9 son meilleur vendredi de la saison, se qualifiant directement en Q2, et aujourd\u2019hui, il a atteint la 11e place sur la grille, apr\u00e8s avoir \u00e9t\u00e9 bloqu\u00e9 par un autre pilote lors de sa derni\u00e8re tentative. <\/p>\n<p>Quoi qu\u2019il en soit, il savait qu\u2019il avait un rythme solide et il a tout donn\u00e9 en piste au sprint. Excellent rythme avec le 4e temps du sprint, de beaux d\u00e9passements, et il a bien d\u00e9fendu sa place lors de la remont\u00e9e de Marco Bezzecchi \u00e0 la fin. F\u00e9licitations \u00e0 Enea pour son premier podium de la saison, cela va lui donner un \u00e9norme regain de confiance ! Chapeau \u00e9galement \u00e0 Pol Espargaro qui a marqu\u00e9 un point au sprint ! Il n\u2019a pas couru depuis de nombreux mois, c\u2019est une t\u00e2che tr\u00e8s difficile de remplacer un pilote pendant un week-end de course, et il s\u2019en est donn\u00e9 \u00e0 c\u0153ur joie. \u00ab Ils ont fait une belle course aujourd\u2019hui. Les gar\u00e7ons ont bien couru aujourd\u2019hui, nous abordons la course principale avec de grands espoirs ! \u00bb, commentait finalement l\u2019int\u00e9ress\u00e9, ambitieux, \u00e0 quelques heures du coup d\u2019envoi du Grand-Prix de R\u00e9publique Tch\u00e8que de MotoGP \u00e9dition 2025.<\/p>\n<p>Article publi\u00e9 le 20\/07\/2025 \u00e0 8h36<\/p>\n<p>                                                            <script async src=\"https:\/\/platform.twitter.com\/widgets.js\" charset=\"utf-8\"><\/script><\/p>\n","protected":false},"excerpt":{"rendered":"C\u2019est une belle r\u00e9compense pour l\u2019\u00e9curie Tech3 en MotoGP, apr\u00e8s les blessures et maladies ayant touch\u00e9 les deux&hellip;\n","protected":false},"author":2,"featured_media":260554,"comment_status":"","ping_status":"","sticky":false,"template":"","format":"standard","meta":{"footnotes":""},"categories":[1413],"tags":[1578,1011,27,1457,1456,1458,60,1580],"class_list":{"0":"post-260553","1":"post","2":"type-post","3":"status-publish","4":"format-standard","5":"has-post-thumbnail","7":"category-moto","8":"tag-enu00e9a-bastianini","9":"tag-fr","10":"tag-france","11":"tag-moto","12":"tag-motocycle","13":"tag-motogp","14":"tag-sports","15":"tag-tech3"},"share_on_mastodon":{"url":"https:\/\/pubeurope.com\/@fr\/114884310758795171","error":""},"_links":{"self":[{"href":"https:\/\/www.europesays.com\/fr\/wp-json\/wp\/v2\/posts\/260553","targetHints":{"allow":["GET"]}}],"collection":[{"href":"https:\/\/www.europesays.com\/fr\/wp-json\/wp\/v2\/posts"}],"about":[{"href":"https:\/\/www.europesays.com\/fr\/wp-json\/wp\/v2\/types\/post"}],"author":[{"embeddable":true,"href":"https:\/\/www.europesays.com\/fr\/wp-json\/wp\/v2\/users\/2"}],"replies":[{"embeddable":true,"href":"https:\/\/www.europesays.com\/fr\/wp-json\/wp\/v2\/comments?post=260553"}],"version-history":[{"count":0,"href":"https:\/\/www.europesays.com\/fr\/wp-json\/wp\/v2\/posts\/260553\/revisions"}],"wp:featuredmedia":[{"embeddable":true,"href":"https:\/\/www.europesays.com\/fr\/wp-json\/wp\/v2\/media\/260554"}],"wp:attachment":[{"href":"https:\/\/www.europesays.com\/fr\/wp-json\/wp\/v2\/media?parent=260553"}],"wp:term":[{"taxonomy":"category","embeddable":true,"href":"https:\/\/www.europesays.com\/fr\/wp-json\/wp\/v2\/categories?post=260553"},{"taxonomy":"post_tag","embeddable":true,"href":"https:\/\/www.europesays.com\/fr\/wp-json\/wp\/v2\/tags?post=260553"}],"curies":[{"name":"wp","href":"https:\/\/api.w.org\/{rel}","templated":true}]}}