{"id":260555,"date":"2025-07-20T07:10:12","date_gmt":"2025-07-20T07:10:12","guid":{"rendered":"https:\/\/www.europesays.com\/fr\/260555\/"},"modified":"2025-07-20T07:10:12","modified_gmt":"2025-07-20T07:10:12","slug":"max-verstappen-implique-dans-leviction-de-horner-marko-brise-le-silence","status":"publish","type":"post","link":"https:\/\/www.europesays.com\/fr\/260555\/","title":{"rendered":"Max Verstappen impliqu\u00e9 dans l&rsquo;\u00e9viction de Horner : Marko brise le silence"},"content":{"rendered":"<p itemprop=\"description\">Le conseiller de Red Bull confirme que<br \/>\nMax Verstappen a \u00e9t\u00e9 consult\u00e9 avant le d\u00e9part de Christian Horner.<br \/>\nIl reste serein face aux rumeurs envoyant le pilote chez<br \/>\nMercedes.<\/p>\n<p data-start=\"305\" data-end=\"633\">Le d\u00e9part soudain de Christian<br \/>\nHorner de la direction de Red Bull Racing a provoqu\u00e9 une onde de<br \/>\nchoc dans le paddock de la Formule 1. Aujourd\u2019hui, Helmut Marko a<br \/>\nlev\u00e9 le voile sur un \u00e9l\u00e9ment capital : Max Verstappen n\u2019a pas \u00e9t\u00e9<br \/>\ntenu \u00e0 l\u2019\u00e9cart des discussions. Bien au contraire, le quadruple<br \/>\nchampion du monde a \u00e9t\u00e9 consult\u00e9 en amont du limogeage.<\/p>\n<p data-start=\"635\" data-end=\"961\">\u00ab\u00a0Oui, Max \u00e9tait au courant<br \/>\nde ce qui allait arriver. Il faisait partie des personnes mises<br \/>\ndans la confidence\u00a0\u00bb a d\u00e9clar\u00e9 Marko, confirmant les rumeurs<br \/>\nqui circulaient depuis plusieurs jours. Toutefois, le conseiller de<br \/>\nRed Bull a refus\u00e9 de d\u00e9voiler l\u2019opinion de son pilote sur le sujet,<br \/>\npr\u00e9f\u00e9rant maintenir un certain flou.<\/p>\n<p>Des rumeurs persistantes<br \/>\nautour de Mercedes<\/p>\n<p data-start=\"1011\" data-end=\"1248\">En parall\u00e8le de cette affaire<br \/>\ninterne, les sp\u00e9culations autour d\u2019un \u00e9ventuel d\u00e9part de Verstappen<br \/>\nvers Mercedes se poursuivent. Des bruits de paddock \u00e9voquaient m\u00eame<br \/>\n<a href=\"https:\/\/f1i.autojournal.fr\/infos\/transfert-infos-2\/meeting-secret-entre-max-verstappen-et-toto-wolff-en-sardaigne\/\" target=\"_blank\" rel=\"noopener\"><br \/>\nune rencontre discr\u00e8te entre le N\u00e9erlandais et Toto Wolff en<br \/>\nSardaigne<\/a>.<\/p>\n<p data-start=\"1250\" data-end=\"1576\">Face \u00e0 ces rumeurs, Marko<br \/>\ns\u2019est voulu serein : \u00ab\u00a0Max est libre de parler avec qui il veut.<br \/>\nCela ne me pose aucun probl\u00e8me.\u00a0\u00bb L\u2019Autrichien rappelle<br \/>\ntoutefois un point essentiel : le contrat de Verstappen court<br \/>\njusqu\u2019en 2028 : \u00ab\u00a0Nous avons un engagement valable et nous<br \/>\npartons du principe qu\u2019il reste chez nous\u00a0\u00bb souligne-t-il.<\/p>\n<p data-start=\"1578\" data-end=\"1694\">Une fa\u00e7on de dire, \u00e0 demi-mot,<br \/>\nque toute tentative de d\u00e9bauchage entra\u00eenerait une compensation<br \/>\nfinanci\u00e8re colossale.<\/p>\n<p>L\u2019optimisme rena\u00eet pour la<br \/>\nfin de saison<\/p>\n<p data-start=\"1741\" data-end=\"1989\">Si les derni\u00e8res semaines ont<br \/>\n\u00e9t\u00e9 agit\u00e9es chez Red Bull, Marko garde espoir quant \u00e0 la suite du<br \/>\nchampionnat. Le conseiller affirme que des \u00e9volutions techniques<br \/>\nimportantes arrivent sur la RB21, notamment pour les Grands Prix de<br \/>\nSpa et de Budapest.<\/p>\n<p data-start=\"1991\" data-end=\"2385\">\u00ab\u00a0Il reste encore 332<br \/>\npoints \u00e0 distribuer. C\u2019est loin d\u2019\u00eatre termin\u00e9. Les nouveaut\u00e9s<br \/>\npr\u00e9vues pourraient faire une vraie diff\u00e9rence\u00a0\u00bb explique-t-il.<br \/>\nToutefois, les formats Sprint, avec des essais libres r\u00e9duits,<br \/>\nimposent une exigence maximale d\u00e8s le vendredi. \u00ab\u00a0Il faudra<br \/>\n\u00e9viter les erreurs d\u00e8s les premiers tours de roue. Nous ne pouvons<br \/>\nplus nous permettre un vendredi rat\u00e9\u00a0\u00bb pr\u00e9vient Marko.<\/p>\n","protected":false},"excerpt":{"rendered":"Le conseiller de Red Bull confirme que Max Verstappen a \u00e9t\u00e9 consult\u00e9 avant le d\u00e9part de Christian Horner.&hellip;\n","protected":false},"author":2,"featured_media":260556,"comment_status":"","ping_status":"","sticky":false,"template":"","format":"standard","meta":{"footnotes":""},"categories":[1412],"tags":[3380,1451,1452,1453,1454,1455,1011,27,10299,2236,2255,60],"class_list":{"0":"post-260555","1":"post","2":"type-post","3":"status-publish","4":"format-standard","5":"has-post-thumbnail","7":"category-f1","8":"tag-christian-horner","9":"tag-f1","10":"tag-formula-1","11":"tag-formula1","12":"tag-formule-1","13":"tag-formule1","14":"tag-fr","15":"tag-france","16":"tag-helmut-marko","17":"tag-max-verstappen","18":"tag-red-bull","19":"tag-sports"},"share_on_mastodon":{"url":"https:\/\/pubeurope.com\/@fr\/114884314679444808","error":""},"_links":{"self":[{"href":"https:\/\/www.europesays.com\/fr\/wp-json\/wp\/v2\/posts\/260555","targetHints":{"allow":["GET"]}}],"collection":[{"href":"https:\/\/www.europesays.com\/fr\/wp-json\/wp\/v2\/posts"}],"about":[{"href":"https:\/\/www.europesays.com\/fr\/wp-json\/wp\/v2\/types\/post"}],"author":[{"embeddable":true,"href":"https:\/\/www.europesays.com\/fr\/wp-json\/wp\/v2\/users\/2"}],"replies":[{"embeddable":true,"href":"https:\/\/www.europesays.com\/fr\/wp-json\/wp\/v2\/comments?post=260555"}],"version-history":[{"count":0,"href":"https:\/\/www.europesays.com\/fr\/wp-json\/wp\/v2\/posts\/260555\/revisions"}],"wp:featuredmedia":[{"embeddable":true,"href":"https:\/\/www.europesays.com\/fr\/wp-json\/wp\/v2\/media\/260556"}],"wp:attachment":[{"href":"https:\/\/www.europesays.com\/fr\/wp-json\/wp\/v2\/media?parent=260555"}],"wp:term":[{"taxonomy":"category","embeddable":true,"href":"https:\/\/www.europesays.com\/fr\/wp-json\/wp\/v2\/categories?post=260555"},{"taxonomy":"post_tag","embeddable":true,"href":"https:\/\/www.europesays.com\/fr\/wp-json\/wp\/v2\/tags?post=260555"}],"curies":[{"name":"wp","href":"https:\/\/api.w.org\/{rel}","templated":true}]}}