{"id":260565,"date":"2025-07-20T07:15:11","date_gmt":"2025-07-20T07:15:11","guid":{"rendered":"https:\/\/www.europesays.com\/fr\/260565\/"},"modified":"2025-07-20T07:15:11","modified_gmt":"2025-07-20T07:15:11","slug":"les-livres-a-glisser-dans-sa-valise-dapres-la-librairie-goulard-daix-en-provence","status":"publish","type":"post","link":"https:\/\/www.europesays.com\/fr\/260565\/","title":{"rendered":"Les livres \u00e0 glisser dans sa valise d&rsquo;apr\u00e8s la librairie Goulard d&rsquo;Aix-en-Provence"},"content":{"rendered":"<p>La Provence est all\u00e9e \u00e0 la rencontre de plusieurs libraires de la r\u00e9gion, afin de recueillir leurs recommandations. Une s\u00e9lection de livres pour l&rsquo;\u00e9t\u00e9 qui saura autant s\u00e9duire les fans de thrillers que les adeptes de bandes dessin\u00e9es. Zoom ce dimanche 20 juillet sur <a href=\"https:\/\/www.laprovence.com\/article\/region\/46549994608675\/aix-en-provence-la-librairie-goulard-se-diversifie-et-offre-un-vrai-terrain-de-jeux-a-feuilleter\" target=\"_blank\" rel=\"noopener\">la librairie Goulard \u00e0 Aix-en-Provence<\/a>. La libraire Aquilina Tannous partage ses trois coups de c\u0153ur litt\u00e9raires pour l&rsquo;\u00e9t\u00e9.<\/p>\n<p>\u00ab\u00a0Le\u202fCourrier de la bo\u00eete postale\u202f110\u00a0\u00bb, de Lee\u202fDo-woo<\/p>\n<p>Apr\u00e8s le succ\u00e8s de L&rsquo;Odeur des cl\u00e9mentines grill\u00e9es, l&rsquo;autrice sud-cor\u00e9enne Lee Do-woo revient avec le roman Le Courrier de la bo\u00eete postale 110 (24\u00a0\u20ac) aux \u00e9ditions Decrescenzo. D&rsquo;apr\u00e8s Aquilina, le livre est \u00ab\u00a0tout en sobri\u00e9t\u00e9 et \u00e9motion contenue\u00a0\u00bb. Gong Jinsol, r\u00e9dactrice radio au c\u0153ur sage, mais paralys\u00e9e par ses certitudes, m\u00e8ne une vie ordinaire, jusqu&rsquo;\u00e0 l&rsquo;arriv\u00e9e de Lee Geon. Leur rencontre, \u00ab\u00a0douce mais d\u00e9cisive\u00a0\u00bb, d\u00e9clenche une remise en question profonde. Gong Jinsol doit apprendre \u00e0 ch\u00e9rir l&rsquo;inattendu. Avec une plume simple, mais vibrante de po\u00e9sie, la romanci\u00e8re d\u00e9crit la magie d&rsquo;un amour naissant qui panse les peurs et ranime l&rsquo;\u00e2me. Ce roman est un \u00ab\u00a0baume tendre et lumineux, parfait pour qui r\u00eave d&rsquo;\u00e9motion discr\u00e8te et de renaissance int\u00e9rieure\u00a0\u00bb. Un livre\u00a0\u00ab\u00a0id\u00e9al pour qui cherche un \u00e9t\u00e9 fait de lenteur, de beaut\u00e9 cach\u00e9e et de rencontres inattendues.\u00a0\u00bb<\/p>\n<p>\u00ab\u00a0Le grand tout\u00a0\u00bb, d&rsquo;Olivier Mak-Bouchard<\/p>\n<p>Le roman initiatique Le grand tout, d&rsquo;Olivier Max-Bouchard (20\u00a0\u20ac) aux \u00e9ditions Le Tripode, est une succession de clins d&rsquo;\u0153il litt\u00e9raires entre la Californie et le cosmos. Le d\u00e9paysement est donc garanti. \u00ab\u00a0Un biblioth\u00e9caire veuf de Berkeley, peu coutumier de l&rsquo;aventure, voit son existence boulevers\u00e9e par l&rsquo;arriv\u00e9e de June, une colocataire p\u00e9tulante et myst\u00e9rieuse. Ensemble, ils suivront la trace d&rsquo;un sabre japonais. Ce roman dr\u00f4le et sinc\u00e8re porte la marque d&rsquo;une r\u00e9flexion sur le r\u00eave californien et les utopies perdues, sans jamais se d\u00e9partir d&rsquo;une \u00e9nergie contagieuse\u00a0\u00bb, confie Aquilina. Et de rajouter : \u00ab\u00a0Il est \u00e0 lire les pieds sous un parasol, le c\u0153ur pr\u00eat \u00e0 s&rsquo;\u00e9mouvoir et s&rsquo;\u00e9merveiller.\u00a0\u00bb Il y a enfin cette impression de \u00ab\u00a0lire une fable cosmique, \u00e9crite par un po\u00e8te discret, o\u00f9 l&rsquo;humour c\u00f4toie la gravit\u00e9, o\u00f9 le r\u00e9alisme se m\u00eale au fantastique. Et tout cela cr\u00e9e une sorte de vibration douce qui nous accompagne longtemps. C&rsquo;est un livre qui parle de deuil, de science, d&rsquo;amour, de vide mais avec une tendresse rare. Il m&rsquo;a rappel\u00e9 que la litt\u00e9rature peut \u00eatre une aventure sensorielle autant qu&rsquo;un voyage int\u00e9rieur\u00a0\u00bb.<\/p>\n<p>\u00ab\u00a0Un \u00e9t\u00e9 avec Alexandre Dumas\u00a0\u00bb, de Jean-Christophe Rufin<\/p>\n<p>Jean-Christophe Rufin est \u00ab\u00a0l&rsquo;acad\u00e9micien aux mille vies\u00a0\u00bb. Pour cet \u00e9t\u00e9, \u00ab\u00a0nous voici en bonne compagnie. L&rsquo;\u00e9crivain redonne chair et souffle au flamboyant et in\u00e9puisable Alexandre Dumas\u00a0\u00bb dans Un \u00e9t\u00e9 avec Alexandre Dumas (14,50\u00a0\u20ac) aux \u00e9ditions des \u00c9quateurs. Voici un livre qui pourrait s&rsquo;apparenter \u00e0 \u00ab\u00a0un guide id\u00e9al pour un voyage int\u00e9rieur et historique\u00a0\u00bb et qui donnerait presque envie de rencontrer Alexandre Dumas en chair et en os. \u00ab\u00a0Lire ce livre, c&rsquo;est comme partager une table estivale avec Dumas lui-m\u00eame volubile, flamboyant, irr\u00e9sistible.\u00a0\u00bb L&rsquo;occasion pour le lecteur \u00ab\u00a0de se replonger dans les grands romans de Dumas, comme on retrouve un vieux camarade.\u00a0\u00bb<\/p>\n","protected":false},"excerpt":{"rendered":"La Provence est all\u00e9e \u00e0 la rencontre de plusieurs libraires de la r\u00e9gion, afin de recueillir leurs recommandations.&hellip;\n","protected":false},"author":2,"featured_media":260566,"comment_status":"","ping_status":"","sticky":false,"template":"","format":"standard","meta":{"footnotes":""},"categories":[1357],"tags":[17,1379,251,40055,1446,58,59,1011,27,40054,151,14783,1380,8085],"class_list":{"0":"post-260565","1":"post","2":"type-post","3":"status-publish","4":"format-standard","5":"has-post-thumbnail","7":"category-livres","8":"tag-17","9":"tag-books","10":"tag-culture","11":"tag-dapres","12":"tag-dans","13":"tag-divertissement","14":"tag-entertainment","15":"tag-fr","16":"tag-france","17":"tag-glisser","18":"tag-les","19":"tag-librairie","20":"tag-livres","21":"tag-valise"},"share_on_mastodon":{"url":"https:\/\/pubeurope.com\/@fr\/114884334271683526","error":""},"_links":{"self":[{"href":"https:\/\/www.europesays.com\/fr\/wp-json\/wp\/v2\/posts\/260565","targetHints":{"allow":["GET"]}}],"collection":[{"href":"https:\/\/www.europesays.com\/fr\/wp-json\/wp\/v2\/posts"}],"about":[{"href":"https:\/\/www.europesays.com\/fr\/wp-json\/wp\/v2\/types\/post"}],"author":[{"embeddable":true,"href":"https:\/\/www.europesays.com\/fr\/wp-json\/wp\/v2\/users\/2"}],"replies":[{"embeddable":true,"href":"https:\/\/www.europesays.com\/fr\/wp-json\/wp\/v2\/comments?post=260565"}],"version-history":[{"count":0,"href":"https:\/\/www.europesays.com\/fr\/wp-json\/wp\/v2\/posts\/260565\/revisions"}],"wp:featuredmedia":[{"embeddable":true,"href":"https:\/\/www.europesays.com\/fr\/wp-json\/wp\/v2\/media\/260566"}],"wp:attachment":[{"href":"https:\/\/www.europesays.com\/fr\/wp-json\/wp\/v2\/media?parent=260565"}],"wp:term":[{"taxonomy":"category","embeddable":true,"href":"https:\/\/www.europesays.com\/fr\/wp-json\/wp\/v2\/categories?post=260565"},{"taxonomy":"post_tag","embeddable":true,"href":"https:\/\/www.europesays.com\/fr\/wp-json\/wp\/v2\/tags?post=260565"}],"curies":[{"name":"wp","href":"https:\/\/api.w.org\/{rel}","templated":true}]}}