{"id":260568,"date":"2025-07-20T07:17:09","date_gmt":"2025-07-20T07:17:09","guid":{"rendered":"https:\/\/www.europesays.com\/fr\/260568\/"},"modified":"2025-07-20T07:17:09","modified_gmt":"2025-07-20T07:17:09","slug":"jul-zaho-de-sagazan-la-chanson-francaise-renait-mais-les-plateformes-preferent-langlais","status":"publish","type":"post","link":"https:\/\/www.europesays.com\/fr\/260568\/","title":{"rendered":"Jul, Zaho de Sagazan&#8230;La chanson fran\u00e7aise rena\u00eet, mais les plateformes pr\u00e9f\u00e8rent l\u2019anglais"},"content":{"rendered":"<p><strong>D\u00c9CRYPTAGE <\/strong>&#8211;\u00a0Longtemps rel\u00e9gu\u00e9 au second plan face \u00e0 l\u2019anglais, le fran\u00e7ais retrouve de la voix chez les nouvelles g\u00e9n\u00e9rations de chanteurs. Mais nage toujours \u00e0 contre-courant dans un oc\u00e9an num\u00e9rique domin\u00e9 par l\u2019anglais et ses recommandations automatis\u00e9es.<\/p>\n<p class=\"fig-paragraph\">En 2021, PNL pulv\u00e9rise les compteurs:\u00a0<a href=\"https:\/\/www.lefigaro.fr\/musique\/deux-freres-de-pnl-a-la-recherche-du-temps-perdu-20190405?msockid=3acb08b921666ef2251a1e95202b6fdc\" target=\"_blank\" data-fig-type=\"Article\" rel=\"noopener\" data-gtm-custom-categorie=\"navigation\" data-gtm-custom-action=\"crossclick\" data-gtm-custom-label=\"Contextuel\" data-gtm-event=\"customEventSPE\" data-fig-domain=\"LEFIGARO\">leur album \u00abDeux Fr\u00e8res\u00bb<\/a> \u00a0\u00e9tablit un record d\u2019\u00e9coutes in\u00e9dit pour le rap francophone sur Spotify. La m\u00eame ann\u00e9e, Barbara Pravi fait r\u00e9sonner la langue de Moli\u00e8re jusqu\u2019aux portes de la victoire \u00e0 l\u2019Eurovision, d\u00e9crochant une deuxi\u00e8me place historique avec \u00abVoil\u00e0\u00bb. En 2022, pr\u00e8s des deux tiers des titres stream\u00e9s en France sont en fran\u00e7ais. Puis, en 2024, la francophonie franchit un cap symbolique: \u00abJe te laisserai des mots\u00bb du qu\u00e9b\u00e9cois Patrick Watson devient\u00a0<a href=\"https:\/\/www.lefigaro.fr\/musique\/une-chanson-franchophone-depasse-pour-la-premiere-fois-le-milliard-d-ecoutes-sur-spotify-20241212?msockid=3acb08b921666ef2251a1e95202b6fdc\" target=\"_blank\" data-fig-type=\"NewsFlash\" rel=\"noopener\" data-gtm-custom-categorie=\"navigation\" data-gtm-custom-action=\"crossclick\" data-gtm-custom-label=\"Contextuel\" data-gtm-event=\"customEventSPE\" data-fig-domain=\"LEFIGARO\">la premi\u00e8re chanson en langue fran\u00e7aise<\/a>\u00a0\u00e0 d\u00e9passer le milliard d\u2019\u00e9coutes sur Spotify. Enfin, \u00e0 l\u2019Eurovision 2025, cinq pays choisissent le fran\u00e7ais pour s\u2019exprimer sur sc\u00e8ne, une premi\u00e8re depuis 1978. Oui, la langue fran\u00e7aise a le vent en poupe, et elle le chante haut et fort.<\/p>\n<p class=\"fig-body-link\">\n            \u00c0 lire aussi<br \/>\n        <a class=\"fig-body-link__link fig-premium-mark\" href=\"http:\/\/www.lefigaro.fr\/langue-francaise\/actu-des-mots\/chokbar-goumin-mon-pain-comment-tiktok-rend-virales-les-expressions-communautaires-20250706\" target=\"_blank\" data-fig-type=\"Article\" rel=\"noopener\" data-gtm-custom-categorie=\"navigation\" data-gtm-custom-action=\"crossclick\" data-gtm-custom-label=\"Contextuel\" data-gtm-event=\"customEventSPE\" data-fig-domain=\"LEFIGARO\">\u00abChokbar\u00bb, \u00abgoumin\u00bb, \u00abmon pain\u00bb&#8230; Comment TikTok\u00a0rend virales les expressions communautaires<br \/>\n    <\/a>\n<\/p>\n<p class=\"fig-paragraph\">Pourtant, ce retour en gr\u00e2ce n\u2019avait rien d\u2019\u00e9vident. \u00abIl y a une dizaine d\u2019ann\u00e9es, quand on commen\u00e7ait \u00e0 se produire, tout le monde faisait de l\u2019anglais\u00bb, nous expliquait en 2023\u00a0<a href=\"https:\/\/www.lefigaro.fr\/musique\/arthur-teboul-leader-de-feu-chatterton-la-langue-c-est-une-arme-c-est-un-feu-c-est-sensuel-20240627?msockid=3acb08b921666ef2251a1e95202b6fdc\" target=\"_blank\" data-fig-type=\"Article\" rel=\"noopener\" data-gtm-custom-categorie=\"navigation\" data-gtm-custom-action=\"crossclick\" data-gtm-custom-label=\"Contextuel\" data-gtm-event=\"customEventSPE\" data-fig-domain=\"LEFIGARO\">Arthur Teboul, chanteur du groupe Feu! Chatterton<\/a><\/p>\n<p class=\"fig-premium-paywall__infos\">\n        Cet article est r\u00e9serv\u00e9 aux abonn\u00e9s.        Il vous reste 90% \u00e0 d\u00e9couvrir.\n    <\/p>\n<p>                <img  data- alt=\"Le Figaro\" class=\"fig-img--complete fig-img\"\/><\/p>\n<p class=\"fig-premium-paywall__title\">Vous avez envie de lire la suite ?<\/p>\n<p class=\"fig-premium-paywall__subtitle\">D\u00e9bloquez tous les articles imm\u00e9diatement.<\/p>\n<p class=\"fig-premium-paywall__connect\">\n                D\u00e9j\u00e0 abonn\u00e9\u00a0?                <a class=\"fig-premium-paywall__connect-link\" href=\"https:\/\/connect.lefigaro.fr\/login?client=horizon_web&amp;type=main&amp;redirect_uri=https%3A%2F%2Fwww.lefigaro.fr%2Flangue-francaise%2Factu-des-mots%2Fjul-zaho-de-sagazan-la-chanson-francaise-renait-mais-les-plateformes-preferent-l-anglais-20250720\" data-js-gtm=\"{&quot;customCategorie&quot;: &quot;conversion&quot;, &quot;customAction&quot;: &quot;before_Landing_Connexion_paywall_auto&quot;, &quot;customLabel&quot;: &quot;bGVmaWdhcm8uZnJfXzFmMDVlNjkwLTRiODgtNjEwOC1iYWU3LTYzNGMxYzEzMDUwZF9fQXJ0aWNsZQ==_Jul, Zaho de Sagazan...La chanson fran\u00e7aise rena\u00eet, mais les plateformes pr\u00e9f\u00e8rent l\u2019anglais_221&quot;, &quot;customIDSPE&quot;: &quot;bGVmaWdhcm8uZnJfXzFmMDVlNjkwLTRiODgtNjEwOC1iYWU3LTYzNGMxYzEzMDUwZF9fQXJ0aWNsZQ==&quot;, &quot;event&quot;: &quot;customEventSPE&quot;}\" target=\"_blank\" rel=\"noopener\"><br \/>\n                    Connectez-vous<br \/>\n                <\/a>\n            <\/p>\n","protected":false},"excerpt":{"rendered":"D\u00c9CRYPTAGE &#8211;\u00a0Longtemps rel\u00e9gu\u00e9 au second plan face \u00e0 l\u2019anglais, le fran\u00e7ais retrouve de la voix chez les nouvelles&hellip;\n","protected":false},"author":2,"featured_media":260569,"comment_status":"","ping_status":"","sticky":false,"template":"","format":"standard","meta":{"footnotes":""},"categories":[1355],"tags":[58,59,1011,27,5193,1361,873],"class_list":{"0":"post-260568","1":"post","2":"type-post","3":"status-publish","4":"format-standard","5":"has-post-thumbnail","7":"category-musique","8":"tag-divertissement","9":"tag-entertainment","10":"tag-fr","11":"tag-france","12":"tag-langue-francaise","13":"tag-music","14":"tag-musique"},"share_on_mastodon":{"url":"https:\/\/pubeurope.com\/@fr\/114884342137584887","error":""},"_links":{"self":[{"href":"https:\/\/www.europesays.com\/fr\/wp-json\/wp\/v2\/posts\/260568","targetHints":{"allow":["GET"]}}],"collection":[{"href":"https:\/\/www.europesays.com\/fr\/wp-json\/wp\/v2\/posts"}],"about":[{"href":"https:\/\/www.europesays.com\/fr\/wp-json\/wp\/v2\/types\/post"}],"author":[{"embeddable":true,"href":"https:\/\/www.europesays.com\/fr\/wp-json\/wp\/v2\/users\/2"}],"replies":[{"embeddable":true,"href":"https:\/\/www.europesays.com\/fr\/wp-json\/wp\/v2\/comments?post=260568"}],"version-history":[{"count":0,"href":"https:\/\/www.europesays.com\/fr\/wp-json\/wp\/v2\/posts\/260568\/revisions"}],"wp:featuredmedia":[{"embeddable":true,"href":"https:\/\/www.europesays.com\/fr\/wp-json\/wp\/v2\/media\/260569"}],"wp:attachment":[{"href":"https:\/\/www.europesays.com\/fr\/wp-json\/wp\/v2\/media?parent=260568"}],"wp:term":[{"taxonomy":"category","embeddable":true,"href":"https:\/\/www.europesays.com\/fr\/wp-json\/wp\/v2\/categories?post=260568"},{"taxonomy":"post_tag","embeddable":true,"href":"https:\/\/www.europesays.com\/fr\/wp-json\/wp\/v2\/tags?post=260568"}],"curies":[{"name":"wp","href":"https:\/\/api.w.org\/{rel}","templated":true}]}}