{"id":26057,"date":"2025-04-15T06:48:12","date_gmt":"2025-04-15T06:48:12","guid":{"rendered":"https:\/\/www.europesays.com\/fr\/26057\/"},"modified":"2025-04-15T06:48:12","modified_gmt":"2025-04-15T06:48:12","slug":"pronostic-caroline-garcia-anna-blinkova-wta-rouen","status":"publish","type":"post","link":"https:\/\/www.europesays.com\/fr\/26057\/","title":{"rendered":"Pronostic Caroline Garcia Anna Blinkova &#8211; WTA Rouen"},"content":{"rendered":"<p class=\"text-xs leading-5 text-gray-400 mb-2\">\n                        Publi\u00e9 le 13\/04\/2025 03:32<br \/>\n                        \u00a0par<br \/>\n                                                            <a href=\"https:\/\/www.sportytrader.com\/auteur\/leo-measson-54\/\" target=\"_blank\" rel=\"noopener\">L\u00e9o Measson<\/a><\/p>\n<p>                                                    |<br \/>\n                            Modifi\u00e9 le<br \/>\n                                13\/04\/2025<br \/>\n                                \u00e0 03:47<\/p>\n<p>                                                                                                            dans<br \/>\n                                <a data-trans=\"tips.published.sport %sport%\" href=\"https:\/\/www.sportytrader.com\/pronostics\/tennis\/\" target=\"_blank\" rel=\"noopener\"><br \/>\n                                    Pronostics Tennis<br \/>\n                                <\/a><\/p>\n<p>Les joueuses f\u00e9minines de tennis ont pris la direction du tournoi de Rouen pour sa 2e \u00e9dition ! Dans ce premier tour, on retrouve la fran\u00e7aise et locale Caroline Garcia et la russe\u00a0Anna Blinkova qui s&rsquo;affrontent pour rejoindre les 8e de finale.\u00a0<\/p>\n<p>Caroline Garcia entame sa saison sur terre battue dans ce tournoi fran\u00e7ais. En difficult\u00e9 r\u00e9cemment, la fran\u00e7aise a enchain\u00e9 victoires et d\u00e9faites et n&rsquo;a pas encore r\u00e9ussi \u00e0 enchainer 2 victoires cons\u00e9cutives cette ann\u00e9e. Mais elle parvient toutefois souvent \u00e0 remporter ses premiers tours, comme r\u00e9cemment \u00e0 Indian Wells et \u00e0 Miami. Quoi de mieux pour la\u00a0fran\u00e7aise de se servir de ce premier tour devant son public pour tenter de retrouver sa forme d&rsquo;antan et ajouter une victoire \u00e0 sa saison.\u00a0<\/p>\n<p>De son c\u00f4t\u00e9, Anna Blinkova vient de tenter sa chance sur la terre battue du Challenger de Charleston le 1er avril. Mais ce premier match sur terre battue de la saison n&rsquo;a pas sembl\u00e9 lui r\u00e9ussir puisqu&rsquo;elle s&rsquo;est inclin\u00e9e en 2 sets d\u00e8s le premier tour\u00a0face \u00e0 l&rsquo;am\u00e9ricaine\u00a0Ann Li. Une d\u00e9faite qui fait suite \u00e0 son \u00e9chec en 16e de finale du tournoi de Miami le mois dernier face \u00e0 l&rsquo;ukrainienne\u00a0Marta Kostyuk.\u00a0<\/p>\n","protected":false},"excerpt":{"rendered":"Publi\u00e9 le 13\/04\/2025 03:32 \u00a0par L\u00e9o Measson | Modifi\u00e9 le 13\/04\/2025 \u00e0 03:47 dans Pronostics Tennis Les joueuses&hellip;\n","protected":false},"author":2,"featured_media":26058,"comment_status":"","ping_status":"","sticky":false,"template":"","format":"standard","meta":{"footnotes":""},"categories":[1415],"tags":[9291,9290,1011,27,1817,1821,60,1467,9292],"class_list":{"0":"post-26057","1":"post","2":"type-post","3":"status-publish","4":"format-standard","5":"has-post-thumbnail","7":"category-tennis","8":"tag-anna-blinkova","9":"tag-caroline-garcia","10":"tag-fr","11":"tag-france","12":"tag-pronostic","13":"tag-pronostics","14":"tag-sports","15":"tag-tennis","16":"tag-wta-rouen"},"share_on_mastodon":{"url":"https:\/\/pubeurope.com\/@fr\/114340646326151122","error":""},"_links":{"self":[{"href":"https:\/\/www.europesays.com\/fr\/wp-json\/wp\/v2\/posts\/26057","targetHints":{"allow":["GET"]}}],"collection":[{"href":"https:\/\/www.europesays.com\/fr\/wp-json\/wp\/v2\/posts"}],"about":[{"href":"https:\/\/www.europesays.com\/fr\/wp-json\/wp\/v2\/types\/post"}],"author":[{"embeddable":true,"href":"https:\/\/www.europesays.com\/fr\/wp-json\/wp\/v2\/users\/2"}],"replies":[{"embeddable":true,"href":"https:\/\/www.europesays.com\/fr\/wp-json\/wp\/v2\/comments?post=26057"}],"version-history":[{"count":0,"href":"https:\/\/www.europesays.com\/fr\/wp-json\/wp\/v2\/posts\/26057\/revisions"}],"wp:featuredmedia":[{"embeddable":true,"href":"https:\/\/www.europesays.com\/fr\/wp-json\/wp\/v2\/media\/26058"}],"wp:attachment":[{"href":"https:\/\/www.europesays.com\/fr\/wp-json\/wp\/v2\/media?parent=26057"}],"wp:term":[{"taxonomy":"category","embeddable":true,"href":"https:\/\/www.europesays.com\/fr\/wp-json\/wp\/v2\/categories?post=26057"},{"taxonomy":"post_tag","embeddable":true,"href":"https:\/\/www.europesays.com\/fr\/wp-json\/wp\/v2\/tags?post=26057"}],"curies":[{"name":"wp","href":"https:\/\/api.w.org\/{rel}","templated":true}]}}