{"id":260574,"date":"2025-07-20T07:20:15","date_gmt":"2025-07-20T07:20:15","guid":{"rendered":"https:\/\/www.europesays.com\/fr\/260574\/"},"modified":"2025-07-20T07:20:15","modified_gmt":"2025-07-20T07:20:15","slug":"allemagne-oui-les-bleues-ont-subi-lelimination-la-plus-traumatisante-de-leur-histoire","status":"publish","type":"post","link":"https:\/\/www.europesays.com\/fr\/260574\/","title":{"rendered":"Allemagne\u00a0: Oui, les Bleues ont subi l\u2019\u00e9limination la plus traumatisante de leur histoire"},"content":{"rendered":"<p>Le m\u00e8me de <a href=\"https:\/\/www.youtube.com\/watch?v=75foOdIsRh8\" rel=\"nofollow noopener\" target=\"_blank\" class=\"color-ultramarine c-link\">Bill Murray dans Un Jour sans fin<\/a> peut difficilement mieux coller \u00e0 une (m\u00e9s)aventure collective qu\u2019\u00e0 <a href=\"https:\/\/www.20minutes.fr\/dossier\/equipe_de_france_feminine\" class=\"color-ultramarine c-link\" target=\"_blank\" rel=\"noopener\">l\u2019\u00e9quipe de France f\u00e9minine<\/a> de football. En \u00e9tant (encore) <a href=\"https:\/\/www.20minutes.fr\/sport\/football\/euro-feminin-football\/4163915-20250719-direct-france-allemagne-bleues-veulent-poursuivre-belle-aventure-euro-contre-bete-noire-suivez-quart-finale-20h30\" class=\"color-ultramarine c-link\" target=\"_blank\" rel=\"noopener\">\u00e9limin\u00e9es par la s\u00e9lection allemande (1-1, 5-6 aux tirs au but)<\/a>, samedi lors de <a href=\"https:\/\/www.20minutes.fr\/sport\/football\/euro-2025-feminin\/\" class=\"color-ultramarine c-link\" target=\"_blank\" rel=\"noopener\">l\u2019Euro\u00a02025<\/a> \u00e0 B\u00e2le (Suisse), les Bleues ont tout simplement v\u00e9cu leur 8e couac lors de leurs 9 derniers quarts de finale de tournois majeurs. Une r\u00e9gularit\u00e9 dans la lose quasi-chronique qui interpelle forc\u00e9ment, tant les s\u00e9lectionneurs passent sans parvenir \u00e0 enrayer cette s\u00e9rie noire depuis\u00a02013.<\/p>\n<p>M\u00eame une spirale \u00e9minemment positive avec <a href=\"https:\/\/www.20minutes.fr\/sport\/football\/euro-feminin-football\/4162003-20250709-euro-feminin-2025-proche-joueuses-ambitieux-si-laurent-bonadei-profil-ideal-bleues\" class=\"color-ultramarine c-link\" target=\"_blank\" rel=\"noopener\">Laurent Bonadei<\/a> (11 succ\u00e8s de rang, un 3\/3 en poule \u00e0 l\u2019Euro avec 11 buts inscrits, dont deux victoires r\u00e9f\u00e9rences contre l\u2019Angleterre et les Pays-Bas) a vol\u00e9 en \u00e9clat au bout d\u2019une soir\u00e9e cauchemardesque. \u00ab\u00a0Aujourd\u2019hui, on n\u2019a pas eu de chance, estime Selma Bacha. Il y a eu deux buts refus\u00e9s, une barre, et la gardienne adverse qui a fait des exploits. On avait tout pour passer, on les a domin\u00e9es de A \u00e0 Z. Cette \u00e9limination fait trop mal.\u00a0\u00bb<\/p>\n<p>Des statistiques (9 tirs cadr\u00e9s \u00e0 2, 75\u00a0% de possession de balle, 37 centres \u00e0 4) \u00e0 l\u2019impression visuelle, on se rend vite compte que l\u2019\u00e9quipe de France f\u00e9minine vient de vivre la pire soir\u00e9e de son histoire, pourtant on ne peut plus riche en d\u00e9sillusions. Cinq faits de jeu improbables durant ces 140 minutes illustrent un traumatisme +++, dont la bande \u00e0 Griedge Mbock aura du mal \u00e0 se relever.<\/p>\n<\/p>\n<p>11e\u00a0: Une double peine cadeau (ou pas)<\/p>\n<p>Il est extr\u00eamement rare, dans les grandes comp\u00e9titions internationales des ann\u00e9es\u00a02020, d\u2019encore voir la fameuse double peine (penalty +\u00a0carton rouge) \u00eatre appliqu\u00e9e. L\u00e0, d\u00e8s la 11e minute de jeu, sur un coup franc anodin de Selma Bacha (mal) repris de la t\u00eate par Marie-Antoinette Katoto, les Bleues ont eu droit \u00e0 ce cadeau du ciel, enfin du VAR. La gardienne allemande \u00e9tait alors sur le point de frapper son six m\u00e8tres, tandis qu\u2019absolument personne ne contestait quoi que ce soit.<\/p>\n<p>Et quelques instants plus tard, \u00e0 la vue d\u2019un <a href=\"https:\/\/www.sudouest.fr\/sport\/football\/equipe-de-france\/france-allemagne-un-tirage-de-cheveux-et-un-carton-rouge-kathrin-hendrich-perd-ses-nerfs-sur-griedge-mbock-25308840.php\" rel=\"nofollow noopener\" target=\"_blank\" class=\"color-ultramarine c-link\">tirage de cheveux stupide de Kathrin Hendrich sur Griedge Mbock<\/a> (qui n\u2019avait aucune chance de reprendre ce ballon) via les images du VAR, Tess Olofsson a donc d\u00e9cid\u00e9 d\u2019expulser la d\u00e9fenseuse allemande, tout en permettant \u00e0 Grace Geyoro d\u2019ouvrir le score sur penalty (14e). Le genre de fait de jeu favorable qu\u2019on obtient une fois dans une vie, et qui garantit presque de s\u2019offrir enfin le scalp de sa b\u00eate noire.<\/p>\n<p>\u00ab\u00a0Je pensais qu\u2019on avait fait le plus dur en ouvrant le score, face \u00e0 une \u00e9quipe r\u00e9duite \u00e0 dix, a reconnu le s\u00e9lectionneur Laurent Bonadei <a href=\"https:\/\/x.com\/TF1\/status\/1946705261554516302\" rel=\"nofollow\" target=\"_blank\" class=\"color-ultramarine c-link\">sur TF1<\/a>. Mais on n\u2019a pas su profiter de cette sup\u00e9riorit\u00e9 num\u00e9rique et l\u2019Allemagne a fait un match h\u00e9ro\u00efque.\u00a0\u00bb On n\u2019en dira pas autant des Bleues, brutalement crisp\u00e9es apr\u00e8s avoir vite conc\u00e9d\u00e9 <a href=\"https:\/\/x.com\/TF1\/status\/1946654652080038133\" rel=\"nofollow\" target=\"_blank\" class=\"color-ultramarine c-link\">une \u00e9galisation<\/a> pleine de na\u00efvet\u00e9 sur corner (1-1, 25e).<\/p>\n<p><img decoding=\"async\" alt=\"De mani\u00e8re incompr\u00e9hensible, Kathrin Hendrich a tir\u00e9 les cheveux de la capitaine fran\u00e7aise Griedge Mbock, ce qui a entra\u00een\u00e9 \u00e0 la fois un penalty pour les Bleues et l'expulsion de la d\u00e9fenseuse allemande, samedi d\u00e8s la 13e minute de jeu. \" class=\"c-img\" loading=\"lazy\" fetchpriority=\"auto\" width=\"718\"  src=\"https:\/\/img.20mn.fr\/sxnEfKxgS4yGteQR43mYISk\/718x0-0.09999999999998899x4.0023437499999925-99.9\" \/>De mani\u00e8re incompr\u00e9hensible, Kathrin Hendrich a tir\u00e9 les cheveux de la capitaine fran\u00e7aise Griedge Mbock, ce qui a entra\u00een\u00e9 \u00e0 la fois un penalty pour les Bleues et l&rsquo;expulsion de la d\u00e9fenseuse allemande, samedi d\u00e8s la 13e minute de jeu. \u2002-\u00a0G. Kefalas\/AP\/SIPA40e\u00a0: Un but refus\u00e9 pour un hors-jeu d\u2019un demi-bras<\/p>\n<p>Le seul v\u00e9ritable \u00e9clair collectif d\u2019un match tendu\/hach\u00e9 de bout en bout aura donc \u00e9t\u00e9 refus\u00e9 pour un micro hors-jeu. Voil\u00e0 comment d\u00e9cupler la frustration de nos Bleues. Sakina Karchaoui trouve dans l\u2019axe Delphine Cascarino, qui s\u2019appuie en retrait sur Marie-Antoinette Katoto. La n\u00e9o-Lyonnaise ouvre vers Grace Geyoro dont le centre en une touche est repris par une Madjer divine de Cascarino. Une action \u00ab\u00a0total r\u00e9gal\u00a0\u00bb que l\u2019arbitre assistante a vite estim\u00e9e illicite.<\/p>\n<p>Quelques minutes plus tard, \u00e0 la d\u00e9couverte du ralenti VAR, on a une \u00e9ni\u00e8me fois eu envie d\u2019\u00e9triper cet outil vid\u00e9o, le but ayant \u00e9t\u00e9 refus\u00e9 pour trois orteils et un demi-bras. A tous les proches des joueuses tricolores, on vous conseille de ne pas leur remontrer cette image durant leurs vacances (ni m\u00eame avant leur mort d\u2019ailleurs). En deuxi\u00e8me p\u00e9riode, une reprise victorieuse de Grace Geyoro (57e) sera elle aussi refus\u00e9e, mais pour une incontestable action de jeu effectu\u00e9e par Ma\u00eblle Lakrar, nettement hors-jeu sur le coup.<\/p>\n<p>103e\u00a0: Une parade surr\u00e9aliste de Berger<\/p>\n<p>Bien qu\u2019ayant chang\u00e9 l\u2019int\u00e9gralit\u00e9 de leur ligne d\u2019attaque, les Bleues se montrent inoffensives en prolongation. Et ce jusqu\u2019\u00e0 un centre dans la bo\u00eete de Sakina Karchaoui. La capitaine allemande Janina Minge a la mauvaise inspiration de d\u00e9vier ce ballon d\u2019une t\u00eate lob\u00e9e en direction de son but. Et l\u00e0, prise \u00e0 contrepied et d\u00e9cal\u00e9e, Ann-Katrin Berger r\u00e9alise <a href=\"https:\/\/x.com\/TF1\/status\/1946689832752644535\" rel=\"nofollow\" target=\"_blank\" class=\"color-ultramarine c-link\">l\u2019un des arr\u00eats les plus prodigieux<\/a> de l\u2019histoire de l\u2019Euro f\u00e9minin.<\/p>\n<p class=\"mb-xxl@xs color-ultramarine font-weight-semi-bold@xs font-source-serif-pro heading-s@xs\">L\u2019acc\u00e8s \u00e0 ce contenu a \u00e9t\u00e9 bloqu\u00e9 afin de respecter votre choix de consentement<\/p>\n<p class=\"mb-m@xs text-l@xs\">En cliquant sur\u00ab J\u2019accepte \u00bb, vous acceptez le d\u00e9p\u00f4t de cookies par des services externes et aurez ainsi acc\u00e8s aux contenus de nos partenaires.<\/p>\n<p class=\"mb-xl@xs text-s@xs\">Plus d\u2019informations sur la page<a href=\"https:\/\/www.20minutes.fr\/gestion-cookies\" class=\"mx-xxs@xs color-ultramarine\" target=\"_blank\" rel=\"noopener\">Politique de gestion des cookies<\/a><\/p>\n<p>J\u2019accepte<\/p>\n<p>Son bond sur sa ligne, avec le mode Dhalsim activ\u00e9, lui a valu une s\u00e9rieuse alerte physique \u00e0 l\u2019\u00e9paule jusqu\u2019\u00e0 la fin de la rencontre. Mais Berger a ainsi maintenu en vie son \u00e9quipe, tout en tordant sacr\u00e9ment le cou au fameux clich\u00e9 sur le niveau suppos\u00e9 d\u00e9sastreux d\u2019absolument toutes les gardiennes de but professionnelles. Le genre d\u2019action iconique que l\u2019UEFA passera en boucle sur ses r\u00e9seaux sociaux, et qui nous a d\u00e9finitivement convaincus que la France ne prendrait pas encore sa revanche sur sa b\u00eate noire \u00e0 B\u00e2le.<\/p>\n<p>120e +\u00a03\u00a0: Une transversale inattendue de Malard<\/p>\n<p>On sait depuis de looooooongues minutes que la seule issue possible \u00e0 cette soir\u00e9e si \u00e9lectrique est une s\u00e9ance de tirs au but. Le jeu ne ressemble plus \u00e0 grand-chose depuis un moment, et Clara Mateo, Sandy Baltimore et Melvine Malard, les trois renforts offensifs, ratent tout ou presque. Et puis sur l\u2019une des rares br\u00e8ches laiss\u00e9es par l\u2019impitoyable d\u00e9fense allemande, Melvine Malard voit la possibilit\u00e9 de repiquer dans l\u2019axe depuis l\u2019aile gauche.<\/p>\n<p>Elle d\u00e9clenche alors un ahurissant missile de 30 m\u00e8tres qui fonce s\u2019\u00e9clater sur le haut de la transversale d\u2019une Ann-Katrin Berger pas malheureuse sur ce coup. L\u00e0 aussi, il y a cette id\u00e9e du highlight au buzzer susceptible de changer absolument tout dans la trajectoire de Malard\/le d\u00e9roulement de ce tournoi\/l\u2019histoire jusque-l\u00e0 maudite de cette s\u00e9lection. Typiquement l\u2019action <a href=\"https:\/\/x.com\/TF1\/status\/1946700517255590226\" rel=\"nofollow\" target=\"_blank\" class=\"color-ultramarine c-link\">qui a pouss\u00e9 Grace Geyoro<\/a> \u00e0 glisser \u00e0 chaud \u00e0 TF1\u00a0: \u00ab\u00a0C\u2019est tr\u00e8s cruel, on se demande quand est-ce que \u00e7a va enfin nous sourire\u00a0\u00bb.<\/p>\n<p>23h49\u00a0: Une course d\u2019\u00e9lan lunaire de Majri<\/p>\n<p>On le sait, le football fran\u00e7ais a globalement <a href=\"https:\/\/www.20minutes.fr\/sport\/football\/4026533-20230308-ligue-champions-football-francais-cote-plaque-preparation-tirs-but\" class=\"color-ultramarine c-link\" target=\"_blank\" rel=\"noopener\">une histoire contrari\u00e9e avec les s\u00e9ries de tirs au but<\/a>, et les Bleues ont encore perp\u00e9tu\u00e9 la tradition samedi, en subissant leur 5e d\u00e9faite dans l\u2019exercice sur six rendez-vous. La seule exception avait eu lieu en quart de finale de la Coupe du monde\u00a02011 contre l\u2019Angleterre. Autant dire il y a tr\u00e8s longtemps, et contre un adversaire encore plus traumatis\u00e9 que nous par les tirs au but.<\/p>\n<p><img decoding=\"async\" alt=\"Amel Majri a r\u00e9volutionn\u00e9 samedi l'histoire des courses d'\u00e9lan lors d'une s\u00e9ance de tirs au but.\" class=\"c-img\" loading=\"lazy\" fetchpriority=\"auto\" width=\"718\"  src=\"https:\/\/img.20mn.fr\/qsFGLONHQbq5dMbqnkgYmSk\/718x0\" \/>Amel Majri a r\u00e9volutionn\u00e9 samedi l&rsquo;histoire des courses d&rsquo;\u00e9lan lors d&rsquo;une s\u00e9ance de tirs au but.\u2002-\u00a0Capture d&rsquo;\u00e9cran TF1<\/p>\n<p>Non, malgr\u00e9 <a href=\"https:\/\/x.com\/TF1\/status\/1946670718910910653\" rel=\"nofollow\" target=\"_blank\" class=\"color-ultramarine c-link\">le penalty de Sjoeke N\u00fcsken repouss\u00e9<\/a> un peu plus t\u00f4t par Pauline Peyraud-Magnin (69e), cette s\u00e9rie a aussi mal tourn\u00e9 que <a href=\"https:\/\/www.20minutes.fr\/sport\/football\/4048474-20230812-france-australie-direct-bleues-mission-face-matildas-52-000-supporteurs-brisbane-suivez-quart-choc\" class=\"color-ultramarine c-link\" target=\"_blank\" rel=\"noopener\">lors du quart du Mondial australien<\/a> face au pays h\u00f4te deux ans plus t\u00f4t. Ann-Katrin Berger avait exactement <a href=\"https:\/\/x.com\/Daniel_MRQ\/status\/1946700729202180516\" rel=\"nofollow\" target=\"_blank\" class=\"color-ultramarine c-link\">les bonnes indications sur sa bouteille<\/a> d\u2019eau concernant les trajectoires des tirs d\u2019Amel Majri et d\u2019Alice Sombath. Et surtout, l\u2019exp\u00e9riment\u00e9e milieue lyonnaise (32 ans), d\u00e9sign\u00e9e premi\u00e8re tireuse tricolore, s\u2019est fendue d\u2019une course d\u2019\u00e9lan gaguesque et in\u00e9dite au haut niveau.<\/p>\n<p><a href=\"https:\/\/www.20minutes.fr\/sport\/football\/euro-2025-feminin\/\" class=\"c-link c-btn c-btn--primary\" target=\"_blank\" rel=\"noopener\">Notre dossier sur l&rsquo;Euro f\u00e9minin<\/a><\/p>\n<p>La pure gauch\u00e8re s\u2019est ainsi <a href=\"https:\/\/x.com\/TheSam17\/status\/1946690432177467485\" rel=\"nofollow\" target=\"_blank\" class=\"color-ultramarine c-link\">d\u00e9cal\u00e9e \u00e0 droite avant d\u2019amorcer une trajectoire horizontale<\/a>, puis de totalement freiner son \u00e9lan pour tenter de se recentrer. Pas besoin de s\u2019appeler \u00ab\u00a0Dibu\u00a0\u00bb Martinez pour comprendre dans quelle zone Amel Majri s\u2019\u00e9tait quasiment oblig\u00e9e \u00e0 frapper. Clairement une s\u00e9quence \u00e0 regrets pour les Bleues tant elle a \u00e9t\u00e9 mal n\u00e9goci\u00e9e. Disons au m\u00eame niveau de faillite mentale que cette action disput\u00e9e \u00e0 11 contre 9 en prolongation et g\u00e2ch\u00e9e par un hors-jeu sur attaque archi-plac\u00e9e, devant huit d\u00e9fenseuses (113e). De quoi relativiser l\u2019absence de \u00ab\u00a0chance\u00a0\u00bb point\u00e9e par Selma Bacha, non\u00a0?<\/p>\n","protected":false},"excerpt":{"rendered":"Le m\u00e8me de Bill Murray dans Un Jour sans fin peut difficilement mieux coller \u00e0 une (m\u00e9s)aventure collective&hellip;\n","protected":false},"author":2,"featured_media":260575,"comment_status":"","ping_status":"","sticky":false,"template":"","format":"standard","meta":{"footnotes":""},"categories":[9],"tags":[672,6713,2067,38852,40056,63,3236,1011,27,517,60],"class_list":{"0":"post-260574","1":"post","2":"type-post","3":"status-publish","4":"format-standard","5":"has-post-thumbnail","7":"category-sports","8":"tag-allemagne","9":"tag-equipe-de-france-de-football","10":"tag-equipe-de-france-feminine","11":"tag-euro-de-football-feminin","12":"tag-euro-feminin-2025","13":"tag-football","14":"tag-football-feminin","15":"tag-fr","16":"tag-france","17":"tag-sport","18":"tag-sports"},"share_on_mastodon":{"url":"https:\/\/pubeurope.com\/@fr\/114884354051918962","error":""},"_links":{"self":[{"href":"https:\/\/www.europesays.com\/fr\/wp-json\/wp\/v2\/posts\/260574","targetHints":{"allow":["GET"]}}],"collection":[{"href":"https:\/\/www.europesays.com\/fr\/wp-json\/wp\/v2\/posts"}],"about":[{"href":"https:\/\/www.europesays.com\/fr\/wp-json\/wp\/v2\/types\/post"}],"author":[{"embeddable":true,"href":"https:\/\/www.europesays.com\/fr\/wp-json\/wp\/v2\/users\/2"}],"replies":[{"embeddable":true,"href":"https:\/\/www.europesays.com\/fr\/wp-json\/wp\/v2\/comments?post=260574"}],"version-history":[{"count":0,"href":"https:\/\/www.europesays.com\/fr\/wp-json\/wp\/v2\/posts\/260574\/revisions"}],"wp:featuredmedia":[{"embeddable":true,"href":"https:\/\/www.europesays.com\/fr\/wp-json\/wp\/v2\/media\/260575"}],"wp:attachment":[{"href":"https:\/\/www.europesays.com\/fr\/wp-json\/wp\/v2\/media?parent=260574"}],"wp:term":[{"taxonomy":"category","embeddable":true,"href":"https:\/\/www.europesays.com\/fr\/wp-json\/wp\/v2\/categories?post=260574"},{"taxonomy":"post_tag","embeddable":true,"href":"https:\/\/www.europesays.com\/fr\/wp-json\/wp\/v2\/tags?post=260574"}],"curies":[{"name":"wp","href":"https:\/\/api.w.org\/{rel}","templated":true}]}}