{"id":260578,"date":"2025-07-20T07:22:13","date_gmt":"2025-07-20T07:22:13","guid":{"rendered":"https:\/\/www.europesays.com\/fr\/260578\/"},"modified":"2025-07-20T07:22:13","modified_gmt":"2025-07-20T07:22:13","slug":"la-recente-xiaomi-pad-7-pro-avec-son-ecran-2-5k-est-deja-100-e-moins-chere-pour-les-soldes-chez-fnac-et-darty","status":"publish","type":"post","link":"https:\/\/www.europesays.com\/fr\/260578\/","title":{"rendered":"La r\u00e9cente Xiaomi Pad 7 Pro avec son \u00e9cran 2.5K est d\u00e9j\u00e0 100 \u20ac moins ch\u00e8re pour les soldes chez Fnac et Darty"},"content":{"rendered":"<p>La Xiaomi Pad 7 Pro est en promo aujourd\u2019hui, dans sa version 8\/256 Go Wi-Fi. Avec son \u00e9cran 144 Hz, son SoC Snapdragon 8s Gen 3 et ses quatre haut-parleurs, elle est pr\u00eate \u00e0 d\u00e9fier les t\u00e9nors du genre. Chez Darty et la Fnac, la tablette passe de 530,99 euros \u00e0 seulement 430,99 euros<\/p>\n<p><a href=\"https:\/\/images.frandroid.com\/wp-content\/uploads\/2025\/07\/xiaomi-pad-7-pro-bons-plans-soldes-ete-frandroid.jpg\" target=\"_blank\" class=\"article-content__figure\" rel=\"noopener\"><img fetchpriority=\"high\" decoding=\"async\" loading=\"eager\" width=\"1200\" height=\"799\" src=\"https:\/\/www.europesays.com\/fr\/wp-content\/uploads\/2025\/07\/xiaomi-pad-7-pro-bons-plans-soldes-ete-frandroid.jpg\" alt=\"\" class=\"wp-image-2735453 wp-image wp-image\"  \/><\/a><\/p>\n<p>La Xiaomi Pad 7 Pro vient marcher sur les platebandes des tablettes premium<a href=\"https:\/\/www.frandroid.com\/marques\/samsung\/231892_test-samsung-galaxy-tab-s\" target=\"_blank\" rel=\"noopener\"> comme la Galaxy Tab S10<\/a>. Avec son \u00e9cran LCD de 12,1 pouces en 2,5K et surtout un taux de rafra\u00eechissement qui grimpe jusqu\u2019\u00e0 144 Hz, elle vise les usages les plus exigeants, du streaming de qualit\u00e9 au jeu en passant par la bureautique. Les soldes <a href=\"https:\/\/www.frandroid.com\/marques\/xiaomi\/2552897_test-de-la-xiaomi-pad-7-pro-un-ecran-qui-brille\" target=\"_blank\" rel=\"noopener\">permettent \u00e0 la tablette not\u00e9e 8\/10 par la r\u00e9daction<\/a> de <a href=\"https:\/\/shop.frandroid.com\/plsalr8r\" target=\"_blank\" rel=\"noreferrer noopener affiliate nofollow\" data-gtm=\"{&quot;event&quot;:&quot;afficlic&quot;,&quot;nom_marchand&quot;:&quot;darty&quot;,&quot;nom_produit&quot;:&quot;inconnu&quot;,&quot;categorie_produit&quot;:&quot;inconnu&quot;,&quot;module_produit&quot;:&quot;editolink&quot;,&quot;position_marchand&quot;:0,&quot;texte&quot;:&quot;perdre-100-euros-sur-la-darty&quot;,&quot;offer_url&quot;:&quot;https:\/\/shop.frandroid.com\/plsalr8r&quot;,&quot;zone&quot;:&quot;contenu-page&quot;}\">perdre 100 euros<\/a>.<\/p>\n<p>Les 3 choses \u00e0 retenir sur la Xiaomi Pad 7 Pro<\/p>\n<ul class=\"wp-block-list\">\n<li>Une dalle LCD de 12,1 pouces 2,5K \u00e0 144 Hz<\/li>\n<li>Un CPU Snapdragon 8s Gen 3 avec 8 Go de RAM et 256 Go de stockage<\/li>\n<li>4 haut-parleurs Dolby Atmos<\/li>\n<\/ul>\n<p>Au lieu de 530,99 euros, la Xiaomi Pad 7 Pro est <a href=\"https:\/\/shop.frandroid.com\/plsalr8r\" data-type=\"link\" data-id=\"https:\/\/www.darty.com\/nav\/achat\/informatique\/portables\/tablette\/xiaomi_pad7pro_256_gris.html\" target=\"_blank\" rel=\"noreferrer noopener affiliate nofollow\" data-gtm=\"{&quot;event&quot;:&quot;afficlic&quot;,&quot;nom_marchand&quot;:&quot;darty&quot;,&quot;nom_produit&quot;:&quot;inconnu&quot;,&quot;categorie_produit&quot;:&quot;inconnu&quot;,&quot;module_produit&quot;:&quot;editolink&quot;,&quot;position_marchand&quot;:0,&quot;texte&quot;:&quot;aujourd-hui-disponible-en-promotion-a-430-99-euros-sur-darty&quot;,&quot;offer_url&quot;:&quot;https:\/\/shop.frandroid.com\/plsalr8r&quot;,&quot;zone&quot;:&quot;contenu-page&quot;}\">aujourd\u2019hui disponible en promotion \u00e0 430,99 euros sur Darty<\/a> et <a href=\"https:\/\/shop.frandroid.com\/of34xk7l\" target=\"_blank\" rel=\"noreferrer noopener affiliate nofollow\" data-gtm=\"{&quot;event&quot;:&quot;afficlic&quot;,&quot;nom_marchand&quot;:&quot;fnac&quot;,&quot;nom_produit&quot;:&quot;inconnu&quot;,&quot;categorie_produit&quot;:&quot;inconnu&quot;,&quot;module_produit&quot;:&quot;editolink&quot;,&quot;position_marchand&quot;:0,&quot;texte&quot;:&quot;aussi-la-fnac&quot;,&quot;offer_url&quot;:&quot;https:\/\/shop.frandroid.com\/of34xk7l&quot;,&quot;zone&quot;:&quot;contenu-page&quot;}\">aussi la Fnac<\/a>.<\/p>\n<p>Si, par la suite, l\u2019offre mentionn\u00e9e dans cet article n\u2019est plus disponible, merci de jeter un coup d\u2019\u0153il ci-dessous afin de d\u00e9nicher d\u2019autres offres concernant la Xiaomi Pad 7 Pro. Le tableau s\u2019actualise automatiquement. <\/p>\n<p>Un \u00e9cran et un design qui en imposent<\/p>\n<p>La Xiaomi Pad 7 Pro soigne ses finitions avec un design fin, anguleux, dans la lign\u00e9e des tablettes haut de gamme. L\u2019\u00e9cran est la star ici : une dalle LCD 2,5K <a href=\"https:\/\/www.frandroid.com\/dossiers\/864303_latence-hz-framerate-input-lag-dossier-gaming\" target=\"_blank\" rel=\"noopener\">ultra fluide \u00e0 144 Hz<\/a>, qui assure une belle pr\u00e9cision d\u2019affichage et une vraie r\u00e9activit\u00e9 au doigt. Pour la lecture, le jeu ou simplement scroller sur ses applis pr\u00e9f\u00e9r\u00e9es, c\u2019est un gros plus.<\/p>\n<p>Avec une diagonale de 12,1 pouces, la tablette trouve le bon compromis entre confort visuel et encombrement. Xiaomi a aussi bien travaill\u00e9 sur la gestion des bordures pour maximiser l\u2019affichage sans trop alourdir l\u2019ensemble. Bref, c\u2019est propre et agr\u00e9able en main.<\/p>\n<p>C\u00f4t\u00e9 robustesse, rien \u00e0 signaler. Le ch\u00e2ssis en m\u00e9tal inspire confiance, tout en gardant un poids raisonnable qui permet de l\u2019utiliser longuement sans fatigue.<\/p>\n<p>Une puissance bien calibr\u00e9e pour le quotidien<\/p>\n<p>Le <a href=\"https:\/\/www.frandroid.com\/produits-android\/hardware\/1965012_voici-la-future-puce-des-smartphones-puissants-un-peu-moins-chers\" target=\"_blank\" rel=\"noopener\">Snapdragon 8s Gen 3 n\u2019est plus \u00e0 pr\u00e9senter<\/a>. Ce processeur haut de gamme propulse la Pad 7 Pro sans sourciller, que ce soit pour de la productivit\u00e9, <a href=\"https:\/\/www.frandroid.com\/android\/applications\/jeux-android-applications\/367439_meilleurs-jeux-android-gratuits-de-2016\" target=\"_blank\" rel=\"noopener\">du gaming<\/a> ou du multit\u00e2che. Coupl\u00e9 \u00e0 8 Go de RAM et un stockage rapide de 256 Go, il permet \u00e0 la tablette d\u2019assurer une belle fluidit\u00e9 sur l\u2019ensemble des usages.<\/p>\n<p>Xiaomi a aussi pens\u00e9 \u00e0 l\u2019endurance avec une batterie bien dimensionn\u00e9e de 8 850 mAh, <a href=\"https:\/\/www.frandroid.com\/guide-dachat\/503832_quel-chargeur-rapide-choisir-pour-son-smartphone-samsung-huawei-oneplus-nokia-ou-xiaomi\" target=\"_blank\" rel=\"noopener\">compatible charge rapide 67 W<\/a>. De quoi tenir plusieurs jours en usage mixte, et ne pas perdre de temps sur la recharge.<\/p>\n<p>C\u00f4t\u00e9 logiciel, la tablette tourne sous HyperOS, l\u2019interface maison de Xiaomi. C\u2019est propre, fluide, et \u00e7a vient avec tout un tas d\u2019optimisations pour mieux profiter du grand \u00e9cran, en usage solo ou en multit\u00e2che, mais aussi quelques bloatwares (applications pr\u00e9-install\u00e9es). Enfin, Xiaomi soigne l\u2019exp\u00e9rience sonore avec pas moins de quatre haut-parleurs st\u00e9r\u00e9o <a href=\"https:\/\/www.frandroid.com\/produits-android\/1505784_dolby-atmos-dtsx-dolby-digital-tout-savoir-sur-les-formats-audio-des-barres-de-son-et-du-home-cinema#:~:text=Pour%20r%C3%A9sumer%2C%20le%20Dolby%20Atmos,d&#039;une%20barre%20de%20son\" target=\"_blank\" rel=\"noopener\">compatibles Dolby Atmos<\/a>. <\/p>\n<p>Pour en savoir encore plus, lisez <a href=\"https:\/\/www.frandroid.com\/marques\/xiaomi\/2552897_test-de-la-xiaomi-pad-7-pro-un-ecran-qui-brille\" target=\"_blank\" rel=\"noopener\">notre test complet sur la Xiaomi Pad 7 Pro<\/a>.<\/p>\n<p>Afin de comparer la Xiaomi Pad 7 Pro avec d\u2019autres produits de la m\u00eame cat\u00e9gorie, nous vous invitons d\u00e8s maintenant \u00e0 consulter <a href=\"https:\/\/www.frandroid.com\/guide-dachat\/guide-tablettes\/320702_guide-dachat-tablette-choisir-noel\" target=\"_blank\" rel=\"noopener\">notre guide sur les meilleures tablettes du moment<\/a>.<\/p>\n<p>Les Soldes d\u2019\u00e9t\u00e9 2025 <\/p>\n<p>Jusqu\u2019au 22 juillet prochain, ce sont <a href=\"https:\/\/www.frandroid.com\/bons-plans\/2717571_soldes-dete-amazon-et-dautres-cassent-les-prix-pour-la-2e-demarque-voici-les-meilleures-offres-en-direct\" data-type=\"link\" data-id=\"https:\/\/www.frandroid.com\/bons-plans\/2717571_soldes-dete-amazon-et-dautres-cassent-les-prix-pour-la-2e-demarque-voici-les-meilleures-offres-en-direct\" target=\"_blank\" rel=\"noreferrer noopener\">les soldes d\u2019\u00e9t\u00e9 en France<\/a>. En cette occasion, la r\u00e9daction de Frandroid met \u00e0 votre service son expertise en mati\u00e8re de nouvelles technologies pour vous aider \u00e0 faire votre choix dans votre prochain achat Tech \u00e0 prix r\u00e9duit. Il y a plusieurs articles avec diff\u00e9rentes th\u00e9matiques, \u00e0 vous de choisir :<\/p>\n<p>Et pour \u00eatre s\u00fbr de ne manquer aucun bon plan de l\u2019\u00e9dition 2025 des soldes d\u2019\u00e9t\u00e9 et du Prime Day, vous pouvez aussi :<\/p>\n<ul class=\"wp-block-list\">\n<li>Nous suivre sur notre compte X\u00a0<a href=\"https:\/\/twitter.com\/FrandroidPromos\" target=\"_blank\" rel=\"noopener noreferrer\">@FrandroidPromos<\/a> uniquement d\u00e9di\u00e9 aux bons plans (pensez \u00e0 activer la cloche pour recevoir les notifications en temps r\u00e9el)<\/li>\n<li>\n<a href=\"https:\/\/whatsapp.com\/channel\/0029VabYxm5LI8YhSlD8xc05\" target=\"_blank\" rel=\"noopener\">Rejoindre notre canal WhatsApp<\/a> pour recevoir une fois par jour un condens\u00e9 des meilleures offres<\/li>\n<li>T\u00e9l\u00e9charger notre <a href=\"https:\/\/www.frandroid.com\/telecharger\/apps\/frandroid\" target=\"_blank\" rel=\"noopener\">application Frandroid<\/a> (disponible sur iOS et Android) pour activer les notifications de la cat\u00e9gorie \u00ab Bons Plans \u00bb et ainsi recevoir en temps r\u00e9el les nouveaux articles publi\u00e9s<\/li>\n<li>S\u2019abonner \u00e0 notre newsletter pour \u00eatre s\u00fbr de recevoir les offres en avant-premi\u00e8re (pas plus d\u2019un mail par jour, d\u00e9sinscription en 1 clic, aucune diffusion \u00e0 des tiers) :<\/li>\n<\/ul>\n<p class=\"newsletter-form__title is-size-6 is-size-7-mobile is-uppercase has-text-good-deals has-text-weight-semibold mb-4 px-5\">Frandroid Bons plans<\/p>\n<p class=\"has-text-centered-tablet newsletter-form__subtitle is-size-4 has-text-weight-bold has-text-primary column is-9-tablet is-10-mobile\">\n                C\u2019est enregistr\u00e9 ! Surveillez votre bo\u00eete aux lettres, vous allez entendre parler de nous\u00a0!\n            <\/p>\n<p class=\"newsletter-form__subtitle is-size-4 has-text-weight-bold has-text-gradient-pink\">Ne manquez aucun bon plan avec notre newsletter<\/p>\n<p class=\"is-size-7\">\n                Les donn\u00e9es transmises par le biais de ce formulaire sont destin\u00e9es \u00e0 Humanoid,<br \/>\n                soci\u00e9t\u00e9 \u00e9ditrice du site Frandroid en sa qualit\u00e9 de responsable de traitement.<br \/>\n                Elles ne seront en aucun cas c\u00e9d\u00e9es \u00e0 des tiers. Ces donn\u00e9es sont trait\u00e9es sous r\u00e9serve d\u2019obtention de<br \/>\n                votre consentement pour vous envoyer par e-mail des actualit\u00e9s et informations relatives aux contenus<br \/>\n                \u00e9ditoriaux publi\u00e9s sur Frandroid. Vous pouvez vous opposer \u00e0 tout moment \u00e0 ces e-mails<br \/>\n                en cliquant sur les liens de d\u00e9sinscriptions pr\u00e9sents dans chacun d\u2019eux. Pour plus d\u2019informations, vous<br \/>\n                pouvez consulter l\u2019int\u00e9gralit\u00e9 de notre <a href=\"https:\/\/www.frandroid.com\/politique-donnees-personnelles\" target=\"_blank\" rel=\"noopener\"><br \/>\n                politique de traitement de vos donn\u00e9es personnelles<\/a>.<br \/>\n                Vous disposez d\u2019un droit d\u2019acc\u00e8s, de rectification, d\u2019effacement, de limitation, de portabilit\u00e9 et<br \/>\n                d\u2019opposition pour motif l\u00e9gitime aux donn\u00e9es personnelles vous concernant. Pour exercer l\u2019un de ces droits,<br \/>\n                merci d\u2019effectuer votre demande via notre <a href=\"https:\/\/www.frandroid.com\/contact\/#RGPD\" target=\"_blank\" rel=\"noopener\">formulaire<br \/>\n                de demandes d\u2019exercices de droits d\u00e9di\u00e9<\/a>.\n            <\/p>\n<p>            <script async src=\"https:\/\/platform.twitter.com\/widgets.js\" charset=\"utf-8\"><\/script><\/p>\n","protected":false},"excerpt":{"rendered":"La Xiaomi Pad 7 Pro est en promo aujourd\u2019hui, dans sa version 8\/256 Go Wi-Fi. Avec son \u00e9cran&hellip;\n","protected":false},"author":2,"featured_media":260579,"comment_status":"","ping_status":"","sticky":false,"template":"","format":"standard","meta":{"footnotes":""},"categories":[7],"tags":[943,944,1011,27,43,40,41,39,34230,42,44,4852],"class_list":{"0":"post-260578","1":"post","2":"type-post","3":"status-publish","4":"format-standard","5":"has-post-thumbnail","7":"category-sciences-et-technologies","8":"tag-bons-plans-darty","9":"tag-bons-plans-fnac","10":"tag-fr","11":"tag-france","12":"tag-science","13":"tag-science-and-technology","14":"tag-sciences","15":"tag-sciences-et-technologies","16":"tag-soldes-dete-2025","17":"tag-technologies","18":"tag-technology","19":"tag-xiaomi-pad-7-pro"},"share_on_mastodon":{"url":"https:\/\/pubeurope.com\/@fr\/114884361850752239","error":""},"_links":{"self":[{"href":"https:\/\/www.europesays.com\/fr\/wp-json\/wp\/v2\/posts\/260578","targetHints":{"allow":["GET"]}}],"collection":[{"href":"https:\/\/www.europesays.com\/fr\/wp-json\/wp\/v2\/posts"}],"about":[{"href":"https:\/\/www.europesays.com\/fr\/wp-json\/wp\/v2\/types\/post"}],"author":[{"embeddable":true,"href":"https:\/\/www.europesays.com\/fr\/wp-json\/wp\/v2\/users\/2"}],"replies":[{"embeddable":true,"href":"https:\/\/www.europesays.com\/fr\/wp-json\/wp\/v2\/comments?post=260578"}],"version-history":[{"count":0,"href":"https:\/\/www.europesays.com\/fr\/wp-json\/wp\/v2\/posts\/260578\/revisions"}],"wp:featuredmedia":[{"embeddable":true,"href":"https:\/\/www.europesays.com\/fr\/wp-json\/wp\/v2\/media\/260579"}],"wp:attachment":[{"href":"https:\/\/www.europesays.com\/fr\/wp-json\/wp\/v2\/media?parent=260578"}],"wp:term":[{"taxonomy":"category","embeddable":true,"href":"https:\/\/www.europesays.com\/fr\/wp-json\/wp\/v2\/categories?post=260578"},{"taxonomy":"post_tag","embeddable":true,"href":"https:\/\/www.europesays.com\/fr\/wp-json\/wp\/v2\/tags?post=260578"}],"curies":[{"name":"wp","href":"https:\/\/api.w.org\/{rel}","templated":true}]}}