{"id":260584,"date":"2025-07-20T07:25:09","date_gmt":"2025-07-20T07:25:09","guid":{"rendered":"https:\/\/www.europesays.com\/fr\/260584\/"},"modified":"2025-07-20T07:25:09","modified_gmt":"2025-07-20T07:25:09","slug":"un-homme-poignarde-a-mort-a-saint-fons-un-suspect-sest-rendu-au-commissariat","status":"publish","type":"post","link":"https:\/\/www.europesays.com\/fr\/260584\/","title":{"rendered":"un homme poignard\u00e9 \u00e0 mort \u00e0 Saint-Fons, un suspect s&rsquo;est rendu au commissariat"},"content":{"rendered":"<p itemprop=\"description\"><strong>Saint-Fons a connu une fin de semaine agit\u00e9e.<\/strong><\/p>\n<p><strong>Mise \u00e0 jour <\/strong>: Le parquet de Lyon annonce qu&rsquo;un suspect, un homme de 24 ans, s&rsquo;est rendu en se pr\u00e9sentant samedi vers 15h au commissariat. Il a \u00e9t\u00e9 plac\u00e9 en garde \u00e0 vue.<\/p>\n<p>Sa victime \u00e2g\u00e9e de 35 ans avait \u00e9t\u00e9 tu\u00e9e \u00e0 5h20 le matin, rue Emile Zola, d&rsquo;un coup de couteau au thorax dans des conditions qui restent floues.<\/p>\n<p>L&rsquo;enqu\u00eate ouverte pour homicide volontaire et confi\u00e9e \u00e0 la division de la criminalit\u00e9 territoriale du Rh\u00f4ne se poursuit.<\/p>\n<p><strong>Article initial <\/strong>: Outre l&rsquo;incendie qui a touch\u00e9 une \u00e9cole vendredi soir, un meurtre a \u00e9t\u00e9 commis t\u00f4t ce samedi matin.<\/p>\n<p>Selon nos informations, un homme a \u00e9t\u00e9 poignard\u00e9 dans le quartier de l&rsquo;Arsenal et est d\u00e9c\u00e9d\u00e9 des suites de ses blessures.<\/p>\n<p>Les secours sont intervenus rue Emile Zola mais ne sont pas parvenus \u00e0 sauver la victime.<\/p>\n<p>Une enqu\u00eate a \u00e9t\u00e9 ouverte pour \u00e9claircir les circonstances et identifier le ou les auteurs de cette rixe mortelle.<\/p>\n","protected":false},"excerpt":{"rendered":"Saint-Fons a connu une fin de semaine agit\u00e9e. Mise \u00e0 jour : Le parquet de Lyon annonce qu&rsquo;un&hellip;\n","protected":false},"author":2,"featured_media":260095,"comment_status":"","ping_status":"","sticky":false,"template":"","format":"standard","meta":{"footnotes":""},"categories":[4],"tags":[1111,11,2813,2190,1109,251,1112,2811,118,1011,27,1922,1110,1114,2428,2810,12,241,316,25,2812,517,800],"class_list":{"0":"post-260584","1":"post","2":"type-post","3":"status-publish","4":"format-standard","5":"has-post-thumbnail","7":"category-france","8":"tag-actu","9":"tag-actualites","10":"tag-article","11":"tag-asvel","12":"tag-breves","13":"tag-culture","14":"tag-depeches","15":"tag-economique","16":"tag-faits-divers","17":"tag-fr","18":"tag-france","19":"tag-info","20":"tag-informations","21":"tag-infos","22":"tag-lyon","23":"tag-lyonmag","24":"tag-news","25":"tag-ol","26":"tag-politique","27":"tag-republique-francaise","28":"tag-sociale","29":"tag-sport","30":"tag-transports"},"share_on_mastodon":{"url":"https:\/\/pubeurope.com\/@fr\/114884373613378338","error":""},"_links":{"self":[{"href":"https:\/\/www.europesays.com\/fr\/wp-json\/wp\/v2\/posts\/260584","targetHints":{"allow":["GET"]}}],"collection":[{"href":"https:\/\/www.europesays.com\/fr\/wp-json\/wp\/v2\/posts"}],"about":[{"href":"https:\/\/www.europesays.com\/fr\/wp-json\/wp\/v2\/types\/post"}],"author":[{"embeddable":true,"href":"https:\/\/www.europesays.com\/fr\/wp-json\/wp\/v2\/users\/2"}],"replies":[{"embeddable":true,"href":"https:\/\/www.europesays.com\/fr\/wp-json\/wp\/v2\/comments?post=260584"}],"version-history":[{"count":0,"href":"https:\/\/www.europesays.com\/fr\/wp-json\/wp\/v2\/posts\/260584\/revisions"}],"wp:featuredmedia":[{"embeddable":true,"href":"https:\/\/www.europesays.com\/fr\/wp-json\/wp\/v2\/media\/260095"}],"wp:attachment":[{"href":"https:\/\/www.europesays.com\/fr\/wp-json\/wp\/v2\/media?parent=260584"}],"wp:term":[{"taxonomy":"category","embeddable":true,"href":"https:\/\/www.europesays.com\/fr\/wp-json\/wp\/v2\/categories?post=260584"},{"taxonomy":"post_tag","embeddable":true,"href":"https:\/\/www.europesays.com\/fr\/wp-json\/wp\/v2\/tags?post=260584"}],"curies":[{"name":"wp","href":"https:\/\/api.w.org\/{rel}","templated":true}]}}