{"id":260586,"date":"2025-07-20T07:28:15","date_gmt":"2025-07-20T07:28:15","guid":{"rendered":"https:\/\/www.europesays.com\/fr\/260586\/"},"modified":"2025-07-20T07:28:15","modified_gmt":"2025-07-20T07:28:15","slug":"notre-amitie-nous-permet-de-nous-tenir-debout-lincroyable-complicite-entre-la-soeur-du-pere-hamel-et-la-mere-du-terroriste-de-saint-etienne-du-rouvray","status":"publish","type":"post","link":"https:\/\/www.europesays.com\/fr\/260586\/","title":{"rendered":"\u00ab Notre amiti\u00e9 nous permet de nous tenir debout.\u202f\u00bb L&rsquo;incroyable complicit\u00e9\u00a0entre la s\u0153ur du p\u00e8re Hamel et la m\u00e8re du terroriste de Saint-\u00c9tienne-du-Rouvray"},"content":{"rendered":"<p>Comment une amiti\u00e9 a-t\u2011elle pu na\u00eetre entre la s\u0153ur du p\u00e8re Hamel, le cur\u00e9 de <a href=\"https:\/\/www.latribune.fr\/opinions\/blogs\/euromed\/comment-affronter-la-partie-immergee-du-terrorisme-de-daesh-590182.html\" target=\"_blank\" rel=\"noopener\">Saint-\u00c9tienne-du-Rouvray<\/a> (Seine-Maritime) sauvagement assassin\u00e9 dans son\u202f\u00e9glise\u202fle 26\u202fjuillet\u202f2016,\u202fet Nassera Kermiche, la m\u00e8re d&rsquo;Adel, l&rsquo;un des deux jeunes terroristes qui ont \u00e9gorg\u00e9 le pr\u00eatre de 85 ans \u00e0 la fin de la messe avant d&rsquo;\u00eatre abattus par la police ? Neuf ans apr\u00e8s le drame, la r\u00e9ponse est peut-\u00eatre dans le titre du bouleversant S\u0153urs de douleur\u2009*, d\u00e9j\u00e0 tir\u00e9 \u00e0 15.\u2009000\u202fexemplaires, que Roseline Hamel et Nassera Kermiche ont \u00e9crit avec Samuel Lieven, directeur de la r\u00e9daction de l&rsquo;hebdomadaire Le P\u00e8lerin.<\/p>\n<p>Dans ce r\u00e9cit \u00e0 trois voix paru au printemps, la douleur occupe la premi\u00e8re place. Douleur de la communaut\u00e9 nationale apr\u00e8s un acte barbare** qui s&rsquo;ajoute alors \u00e0 la pire s\u00e9rie d&rsquo;attaques terroristes que le pays ait connue\u2009 : d\u00e9but 2015 en \u00cele-de-France (Montrouge, <a href=\"https:\/\/www.latribune.fr\/la-tribune-dimanche\/societe\/dix-ans-apres-l-attentat-les-enfants-de-charlie-1015153.html\" target=\"_blank\" rel=\"noopener\">Charlie Hebdo <\/a>et Hyper Cacher, 7-9\u202fjanvier, 17\u202fmorts)\u2009; le 13\u202fnovembre 2015 \u00e0 Paris (Stade de France, terrasses et Bataclan, 130\u202fmorts)\u2009; le 14\u202fjuillet 2016 \u00e0 Nice (86\u202fmorts). \u00ab\u202fAttaquer une \u00e9glise, tuer un pr\u00eatre, c&rsquo;est profaner la R\u00e9publique\u202f\u00bb, d\u00e9clare le soir m\u00eame depuis l&rsquo;\u00c9lys\u00e9e -Fran\u00e7ois Hollande, alors chef de l&rsquo;\u00c9tat.<\/p>\n","protected":false},"excerpt":{"rendered":"Comment une amiti\u00e9 a-t\u2011elle pu na\u00eetre entre la s\u0153ur du p\u00e8re Hamel, le cur\u00e9 de Saint-\u00c9tienne-du-Rouvray (Seine-Maritime) sauvagement&hellip;\n","protected":false},"author":2,"featured_media":260587,"comment_status":"","ping_status":"","sticky":false,"template":"","format":"standard","meta":{"footnotes":""},"categories":[9653],"tags":[17,1111,11,7006,2430,40057,1777,674,1011,27,3102,12,14455,3946,8372,25,4001,26764],"class_list":{"0":"post-260586","1":"post","2":"type-post","3":"status-publish","4":"format-standard","5":"has-post-thumbnail","7":"category-saint-etienne","8":"tag-17","9":"tag-actu","10":"tag-actualites","11":"tag-amitie","12":"tag-auvergne-rhone-alpes","13":"tag-debout","14":"tag-eu","15":"tag-europe","16":"tag-fr","17":"tag-france","18":"tag-la-tribune-dimanche","19":"tag-news","20":"tag-notre","21":"tag-nous","22":"tag-permet","23":"tag-republique-francaise","24":"tag-saint-etienne","25":"tag-tenir"},"share_on_mastodon":{"url":"https:\/\/pubeurope.com\/@fr\/114884385557364504","error":""},"_links":{"self":[{"href":"https:\/\/www.europesays.com\/fr\/wp-json\/wp\/v2\/posts\/260586","targetHints":{"allow":["GET"]}}],"collection":[{"href":"https:\/\/www.europesays.com\/fr\/wp-json\/wp\/v2\/posts"}],"about":[{"href":"https:\/\/www.europesays.com\/fr\/wp-json\/wp\/v2\/types\/post"}],"author":[{"embeddable":true,"href":"https:\/\/www.europesays.com\/fr\/wp-json\/wp\/v2\/users\/2"}],"replies":[{"embeddable":true,"href":"https:\/\/www.europesays.com\/fr\/wp-json\/wp\/v2\/comments?post=260586"}],"version-history":[{"count":0,"href":"https:\/\/www.europesays.com\/fr\/wp-json\/wp\/v2\/posts\/260586\/revisions"}],"wp:featuredmedia":[{"embeddable":true,"href":"https:\/\/www.europesays.com\/fr\/wp-json\/wp\/v2\/media\/260587"}],"wp:attachment":[{"href":"https:\/\/www.europesays.com\/fr\/wp-json\/wp\/v2\/media?parent=260586"}],"wp:term":[{"taxonomy":"category","embeddable":true,"href":"https:\/\/www.europesays.com\/fr\/wp-json\/wp\/v2\/categories?post=260586"},{"taxonomy":"post_tag","embeddable":true,"href":"https:\/\/www.europesays.com\/fr\/wp-json\/wp\/v2\/tags?post=260586"}],"curies":[{"name":"wp","href":"https:\/\/api.w.org\/{rel}","templated":true}]}}