{"id":260600,"date":"2025-07-20T07:42:15","date_gmt":"2025-07-20T07:42:15","guid":{"rendered":"https:\/\/www.europesays.com\/fr\/260600\/"},"modified":"2025-07-20T07:42:15","modified_gmt":"2025-07-20T07:42:15","slug":"cachees-en-mauvais-etat-ou-sauvees-de-la-destruction-ces-oeuvres-dodorico-ont-retrouve-leur-splendeur-en-ille-et-vilaine","status":"publish","type":"post","link":"https:\/\/www.europesays.com\/fr\/260600\/","title":{"rendered":"Cach\u00e9es, en mauvais \u00e9tat ou sauv\u00e9es de la destruction\u00a0: ces \u0153uvres d\u2019Odorico ont retrouv\u00e9 leur splendeur en Ille-et-Vilaine"},"content":{"rendered":"<p>La restauration de l\u2019immeuble Poirier<\/p>\n<p>\u00c0 l\u2019angle de l\u2019avenue Janvier et de la rue Duhamel, un immeuble d\u2019angle se d\u00e9tache par son d\u00e9cor sign\u00e9 Odorico, en mosa\u00efques compos\u00e9 de tesselles d\u2018\u00a0or, bleues et grises. Un \u00e9difice exceptionnel qui doit de sa splendeur au travail de restauration de Michel Patrizio, mosa\u00efste de la troisi\u00e8me g\u00e9n\u00e9ration de l\u2019atelier italien Patrizio.<\/p>\n<p>Tout d\u00e9bute en 1928 quand Jean Poirier, architecte, coordonne la construction de cet \u00e9difice de cinq \u00e9tages qui prendra son nom. C\u2019est alors que l\u2019entreprise Odorico, sous la main d\u2019Isidore fils, est appel\u00e9e pour r\u00e9aliser le d\u00e9cor avant du b\u00e2timent. Le rev\u00eatement est cantonn\u00e9 au premier \u00e9tage, aux all\u00e8ges des fen\u00eatres et aux frontons.<\/p>\n<p><img decoding=\"async\" src=\"https:\/\/www.europesays.com\/fr\/wp-content\/uploads\/2025\/07\/6874dca3be0270d00704248c.1.jpeg\" width=\"480\" height=\"300\" class=\"web_golden_m\" loading=\"lazy\" alt=\"L\u2019immeuble est aujourd\u2019hui un point d\u2019\u00e9tape majeur pour d\u00e9couvrir Odorico \u00e0 Rennes.\"\/>L\u2019immeuble est aujourd\u2019hui un point d\u2019\u00e9tape majeur pour d\u00e9couvrir Odorico \u00e0 Rennes. (Photo K\u00e9vin Storme)<\/p>\n<p>Si aujourd\u2019hui le b\u00e2timent conserve sa fi\u00e8re allure, c\u2019est gr\u00e2ce \u00e0 une r\u00e9habilitation d\u2019ampleur, d\u00e9marr\u00e9e en 2016. Il en avait bien besoin : deux incendies, des tesselles de mosa\u00efques qui tombaient r\u00e9guli\u00e8rement sur le trottoir et des couleurs ternies par la pollution\u2026 Le chantier est confi\u00e9 \u00e0 un mosa\u00efste marseillais, Michel Patrizio, dont la famille est originaire du m\u00eame village du Frioul que celle d\u2019Odorico. Sur certaines parties du d\u00e9cor, le support a d\u00fb \u00eatre refait \u00e0 neuf pour accueillir les tesselles. Les carreaux ont \u00e9t\u00e9 restaur\u00e9s et repos\u00e9s \u00e0 leur emplacement initial quand d\u2019autres, trop endommag\u00e9s, ont \u00e9t\u00e9 remplac\u00e9s par des tesselles du stock Odorico et de la maison Patrizio.<\/p>\n<p>Une mosa\u00efque sous la moquette<\/p>\n<p>Elle \u00e9tait tapie sous une ancienne moquette : le 15 janvier 2025, une mosa\u00efque Odorico est retrouv\u00e9e par hasard, dans un h\u00f4tel de Saint-Malo. Alors que les travaux de r\u00e9novation d\u00e9butent au Jersey, les ouvriers d\u00e9couvrent un sol couvert de carreaux. Sur une dizaine de m\u00e8tres carr\u00e9s, la mosa\u00efque est compos\u00e9e de tesselles aux tons bleus et ocres avec des motifs marins. L\u2019\u00e9tablissement d\u00e9cide de conserver ce joyau et l\u2019int\u00e8gre \u00e0 sa nouvelle d\u00e9coration.<\/p>\n<p>Une anecdote qui t\u00e9moigne du passage en d\u00e9su\u00e9tude de la mosa\u00efque apr\u00e8s guerre. R\u00e9sultats, de nombreuses cr\u00e9ations, y compris celles d\u2019Odorico, ont \u00e9t\u00e9 cach\u00e9es ou d\u00e9truites. Aujourd\u2019hui, la tendance est inverse : on expose \u00e0 la lumi\u00e8re ce qui t\u00e9moigne de l\u2019histoire. Au passage, la d\u00e9couverte d\u2019une \u0153uvre Odorico chez des particuliers permet bien souvent de valoriser le bien immobilier\u2026<\/p>\n<p>Un terrazzo retrouve la lumi\u00e8re<\/p>\n<p>Le sol du bar le Hibou grand duc, \u00e0 Rennes, est longtemps rest\u00e9 recouvert. Aujourd\u2019hui tr\u00f4ne \u00e0 la place un joli sol, remis au jour par les actuels g\u00e9rants. L\u2019\u00e9tablissement, situ\u00e9 dans le quartier la Californie, se situe \u00e0 l\u2019angle de la rue Joseph Sauveur, juste \u00e0 c\u00f4t\u00e9 de la maison de l\u2019artiste italien.<\/p>\n<p>Bien que les g\u00e9rants du bistrot ne comptaient pas la d\u00e9truire cette \u0153uvre, la r\u00e9habiliter n\u2019a pas \u00e9t\u00e9 une mince affaire\u2026 Il a fallu gratter, poncer et d\u00e9coller. Ils d\u00e9couvrent alors des carreaux bleut\u00e9s et noirs en forme de rosace. La mosa\u00efque est parfaitement int\u00e9gr\u00e9e \u00e0 la d\u00e9coration de charme. Rien d\u2019\u00e9tonnant \u00e0 trouver l\u00e0 ce terrazzo : les lieux, avant de devenir un bar, abritaient les ateliers de l\u2019entreprise familiale Odorico.<\/p>\n<p>Un tr\u00e9sor derri\u00e8re les murs<\/p>\n<p>C\u2019est derri\u00e8re les \u00e9tag\u00e8res d\u2019un magasin de cigarettes \u00e9lectroniques Class\u2019Clope, \u00e0 Rennes, que des mosa\u00efques Odorico ont \u00e9t\u00e9 d\u00e9couvertes. Situ\u00e9 au 7, place Sainte-Anne, le g\u00e9rant de la boutique a eu la surprise de trouver cette merveille.<\/p>\n<p><img decoding=\"async\" src=\"https:\/\/www.europesays.com\/fr\/wp-content\/uploads\/2025\/07\/6874dca22e08c8cc03082984.1.jpeg\" width=\"480\" height=\"300\" class=\"web_golden_m\" loading=\"lazy\" alt=\"Lors de son installation dans un magasin place Sainte-Anne \u00e0 Rennes en 2022, Yann Guelec avait d\u00e9couvert tout un mur orn\u00e9 de mosa\u00efques Odorico.\"\/>Lors de son installation dans un magasin place Sainte-Anne \u00e0 Rennes en 2022, Yann Guelec avait d\u00e9couvert tout un mur orn\u00e9 de mosa\u00efques Odorico. (Le T\u00e9l\u00e9gramme\/L\u00e9a Le Denmat)<\/p>\n<p>Une \u0153uvre de l\u2019artiste rennais Odorico fils mise en lumi\u00e8re lorsque des travaux de transformation sont r\u00e9alis\u00e9s dans l\u2019ancien magasin d\u2019optique. D\u2019autres murs de mosa\u00efques ont d\u00e9j\u00e0 \u00e9t\u00e9 d\u00e9couverts dans la boutique. Et pour cause, l\u2019int\u00e9rieur du b\u00e2timent \u00e9tait recouvert enti\u00e8rement de carreaux de mosa\u00efque dans les ann\u00e9es 1930, une poissonnerie s\u2019y \u00e9tait install\u00e9e.<\/p>\n","protected":false},"excerpt":{"rendered":"La restauration de l\u2019immeuble Poirier \u00c0 l\u2019angle de l\u2019avenue Janvier et de la rue Duhamel, un immeuble d\u2019angle&hellip;\n","protected":false},"author":2,"featured_media":260601,"comment_status":"","ping_status":"","sticky":false,"template":"","format":"standard","meta":{"footnotes":""},"categories":[2821],"tags":[1111,11,829,1777,674,1011,27,848,12,584,25],"class_list":{"0":"post-260600","1":"post","2":"type-post","3":"status-publish","4":"format-standard","5":"has-post-thumbnail","7":"category-rennes","8":"tag-actu","9":"tag-actualites","10":"tag-bretagne","11":"tag-eu","12":"tag-europe","13":"tag-fr","14":"tag-france","15":"tag-ille-et-vilaine","16":"tag-news","17":"tag-rennes","18":"tag-republique-francaise"},"share_on_mastodon":{"url":"https:\/\/pubeurope.com\/@fr\/114884440647007676","error":""},"_links":{"self":[{"href":"https:\/\/www.europesays.com\/fr\/wp-json\/wp\/v2\/posts\/260600","targetHints":{"allow":["GET"]}}],"collection":[{"href":"https:\/\/www.europesays.com\/fr\/wp-json\/wp\/v2\/posts"}],"about":[{"href":"https:\/\/www.europesays.com\/fr\/wp-json\/wp\/v2\/types\/post"}],"author":[{"embeddable":true,"href":"https:\/\/www.europesays.com\/fr\/wp-json\/wp\/v2\/users\/2"}],"replies":[{"embeddable":true,"href":"https:\/\/www.europesays.com\/fr\/wp-json\/wp\/v2\/comments?post=260600"}],"version-history":[{"count":0,"href":"https:\/\/www.europesays.com\/fr\/wp-json\/wp\/v2\/posts\/260600\/revisions"}],"wp:featuredmedia":[{"embeddable":true,"href":"https:\/\/www.europesays.com\/fr\/wp-json\/wp\/v2\/media\/260601"}],"wp:attachment":[{"href":"https:\/\/www.europesays.com\/fr\/wp-json\/wp\/v2\/media?parent=260600"}],"wp:term":[{"taxonomy":"category","embeddable":true,"href":"https:\/\/www.europesays.com\/fr\/wp-json\/wp\/v2\/categories?post=260600"},{"taxonomy":"post_tag","embeddable":true,"href":"https:\/\/www.europesays.com\/fr\/wp-json\/wp\/v2\/tags?post=260600"}],"curies":[{"name":"wp","href":"https:\/\/api.w.org\/{rel}","templated":true}]}}