{"id":260602,"date":"2025-07-20T07:43:17","date_gmt":"2025-07-20T07:43:17","guid":{"rendered":"https:\/\/www.europesays.com\/fr\/260602\/"},"modified":"2025-07-20T07:43:17","modified_gmt":"2025-07-20T07:43:17","slug":"les-coulisses-des-projections-sur-le-parlement-de-bretagne-cet-ete-a-rennes","status":"publish","type":"post","link":"https:\/\/www.europesays.com\/fr\/260602\/","title":{"rendered":"les coulisses des projections sur le Parlement de Bretagne cet \u00e9t\u00e9 \u00e0 Rennes"},"content":{"rendered":"<p>            Par<br \/>\n        <strong><br \/>\n            <a href=\"https:\/\/actu.fr\/auteur\/brian-legoff\" title=\"Consulter tous les articles de Brian Le Goff\" target=\"_blank\" rel=\"noopener\">Brian Le Goff<\/a><br \/>\n        <\/strong><\/p>\n<p>        Publi\u00e9 le<\/p>\n<p>            20 juil. 2025 \u00e0 8h42        <\/p>\n<p>\u00ab\u2009On ne <strong>peut conna\u00eetre v\u00e9ritablement le r\u00e9sultat<\/strong> du travail de plusieurs mois <strong>que sur les deux ou trois derni\u00e8res soir\u00e9es<\/strong> avant le d\u00e9but des projections au public. La marge de man\u0153uvre est tr\u00e8s serr\u00e9e.\u2009\u00bb Jeudi 17\u00a0juillet 2025, aux alentours de 23h, la tension et la fiert\u00e9 se m\u00ealaient pour <strong>Cl\u00e9ment Barr\u00e9<\/strong>, chez de projet chez Spectaculaires, et ses \u00e9quipes. Pour la premi\u00e8re fois, ils ont pu voir une partie de<strong> \u00ab\u2009Regards\u2009\u00bb. Le spectacle des projections<\/strong>\u00a0sur le <a href=\"https:\/\/actu.fr\/bretagne\/rennes_35238\/incendie-du-parlement-de-bretagne-30-ans-apres-tout-n-est-pas-fini-un-appel-aux-dons-lance_60691521.html\" target=\"_blank\" rel=\"noopener\">Parlement de Bretagne<\/a> \u00e0 Rennes qui <strong>d\u00e9butaient samedi 19\u00a0juillet \u00e0 23h<\/strong> (puis tous les soirs jusqu\u2019\u00e0 fin ao\u00fbt) et qu\u2019ils ont cr\u00e9\u00e9 dans leurs studios, \u00e0 Saint-Thurial, pendant de longs mois. <strong>De la feuille blanche aux premi\u00e8res id\u00e9es<\/strong> \u00e9mergentes en passant par les collaborations in\u00e9dites jusqu\u2019au montage et enfin l\u2019installation des vid\u00e9oprojecteurs, l\u2019ensemble des acteurs reviennent aupr\u00e8s d\u2019<a href=\"https:\/\/actu.fr\/rennes\/\" target=\"_blank\" rel=\"noopener\">actu Rennes<\/a> sur les coulisses de la pr\u00e9paration de cet \u00e9v\u00e9nement estival dans la capitale bretonne.<\/p>\n<p>Un appel d\u2019offres \u00e0 remporter<\/p>\n<p class=\" wall-content\">Mardi 15\u00a0juillet, en plein apr\u00e8s-midi, alors que le soleil brille de mille feux et que l\u2019air est pesant \u00e0 l\u2019ext\u00e9rieur, au sein des bureaux de Spectaculaires, au bord de la quatre-voies entre Rennes et Lorient, les stores sont baiss\u00e9s. Cl\u00e9ment Barr\u00e9, cheveux et barbe grisonnants, a les yeux riv\u00e9s sur son \u00e9cran. L\u2019heure est \u00e0 la correction des derniers d\u00e9tails sur le<strong> film de 19\u00a0minutes<\/strong> imagin\u00e9 pour \u00eatre projet\u00e9 tout l\u2019\u00e9t\u00e9.<\/p>\n<p>    <img decoding=\"async\" loading=\"lazy\" src=\"https:\/\/www.europesays.com\/fr\/wp-content\/uploads\/2025\/07\/projections-regards-parlement-de-bretagne-rennes-ete-2025-spectaculaires-heol-installation-esquisses.jpeg\" alt=\"v\" width=\"960\" height=\"640\"\/><br \/>\n    Cl\u00e9ment Barr\u00e9, chef de projet chez Spectaculaires, charg\u00e9 des projections sur le Parlement de Bretagne \u00e0 Rennes, pr\u00e9sente le travail des \u00e9quipes de l\u2019entreprise pour cette saison 2025, au sein de leurs bureaux. (\u00a9 Brian Le Goff \/ actu Rennes)<\/p>\n<p class=\" wall-content\"><strong>Logiciels<\/strong> ouverts sur son <strong>ordinateur<\/strong>, il retrace le processus de cr\u00e9ation du spectacle. \u00ab\u2009Comme chaque ann\u00e9e, on <strong>r\u00e9pond \u00e0 l\u2019appel d\u2019offres<\/strong> lanc\u00e9 par Rennes M\u00e9tropole qui s\u2019appuie sur le th\u00e8me des expositions estivales propos\u00e9es notamment au Couvent des Jacobins\u2009\u00bb, rappelle le chef de projet chez Spectaculaires. Pour 2025, <strong>le sujet se concentrait sur le portrait.<\/strong><\/p>\n<p>\u00ab\u00a0On met toutes les chances de notre c\u00f4t\u00e9\u00a0\u00bb<\/p>\n<p class=\" wall-content\">D\u00e8s lors, le travail d\u00e9bute pour les \u00e9quipes de l\u2019entreprise. \u00ab\u2009Pour remporter cet appel d\u2019offres, on met toutes les chances de notre c\u00f4t\u00e9. On <strong>pr\u00e9sente donc le plus d\u2019images possibles<\/strong> \u00e0 la collectivit\u00e9 afin qu\u2019elle nous choisisse pour cr\u00e9er les projections\u2009\u00bb, d\u00e9taille Cl\u00e9ment.<\/p>\n<p class=\" wall-content\">Cette fois,<strong> Spectaculaires a d\u00e9cid\u00e9 d\u2019innover,<\/strong> d\u2019aller encore plus loin que les ann\u00e9es pr\u00e9c\u00e9dentes. L\u2019entreprise a ainsi <strong>fait appel \u00e0 Agathe Jeanneau,<\/strong> com\u00e9dienne, autrice, chroniqueuse radio, qui a aussi travaill\u00e9 en tant que voix off et fait du doublage. \u00ab\u2009C\u2019\u00e9tait une premi\u00e8re collaboration entre Cl\u00e9ment et moi, explique-t-elle. Il y avait une contrainte forte, c\u2019\u00e9tait d\u2019<strong>\u00e9crire une histoire sans narration<\/strong>.\u2009\u00bb<\/p>\n<blockquote class=\"ac-article-quote wall-content\">\n<p>On est parti sur l&rsquo;id\u00e9e de \u00ab\u00a0Comment on pouvait travailler le portrait et l&rsquo;humain sur le b\u00e2timent ?\u00a0\u00bb Le fil s&rsquo;est d\u00e9termin\u00e9 sur la question du regard. Ainsi, c&rsquo;est un jeu de regards invers\u00e9s qui est n\u00e9. Comment on voit ce regard, ce b\u00e2timent, ce patrimoine, et comment ils nous voient.<\/p>\n<p>    <strong>Agathe Jeanneau<\/strong>\n            <\/p><\/blockquote>\n<p class=\" wall-content\">De ce postulat, Agathe et Cl\u00e9ment ont beaucoup \u00e9chang\u00e9 ensemble sur ce qui \u00e9tait faisable avec les projections.<strong> \u00ab\u2009Au d\u00e9part, il m\u2019a beaucoup dit non, \u00e7a, \u00e7a n\u2019est possible, \u00e7a non plus\u2009\u00bb<\/strong>, s\u2019amuse \u00e0 pr\u00e9sent la com\u00e9dienne et autrice.<\/p>\n<p>    <img decoding=\"async\" loading=\"lazy\" src=\"https:\/\/www.europesays.com\/fr\/wp-content\/uploads\/2025\/07\/1752997394_449_projections-regards-parlement-de-bretagne-rennes-ete-2025-spectaculaires-heol-installation-esquisses.jpeg\" alt=\"Cl\u00e9ment Barr\u00e9 (\u00e0 gauche), Damien Ory, coordinateur musical du spectacle Regards, et Agathe Jeanneau, autrice du sc\u00e9nario du spectacle.\" width=\"960\" height=\"640\"\/><br \/>\n    Cl\u00e9ment Barr\u00e9 (\u00e0 gauche), Damien Ory, coordinateur musical du spectacle Regards, et Agathe Jeanneau, autrice du sc\u00e9nario du spectacle. (\u00a9Brian Le Goff \/ actu Rennes)\u00ab\u00a0Chaque graphiste travaille un bout de sc\u00e8ne\u00a0\u00bb<\/p>\n<p class=\" wall-content\">Une fois les principales id\u00e9es en t\u00eate et couch\u00e9es sur le papier, Spectaculaires a pu pr\u00e9senter un sc\u00e9nario et quelques visuels \u00e0 Rennes M\u00e9tropole. Ses repr\u00e9sentants ont \u00e9t\u00e9 convaincus et les \u00ab\u2009allumeurs d\u2019images\u2009\u00bb ont lanc\u00e9 leur cr\u00e9ation. \u00ab\u2009Chaque graphiste prend un bout de sc\u00e8ne et<strong> le travaille dans la limite de temps contraint par le budget fix\u00e9\u2009\u00bb<\/strong>, d\u00e9veloppe Cl\u00e9ment Barr\u00e9.<\/p>\n<p class=\" wall-content\">C\u00f4t\u00e9 technique, chaque ann\u00e9e, au d\u00e9part, l\u2019\u00e9quipe retourne <strong>au Parlement pour le photographier sous toutes ses coutures<\/strong> afin d\u2019en r\u00e9aliser une <strong>mod\u00e9lisation num\u00e9rique<\/strong> \u00e0 partir de laquelle ils vont pouvoir venir appliquer les dessins, les couleurs, les formes qu\u2019ils veulent donner aux projections. \u00ab\u2009On va travailler les diff\u00e9rentes parties avec ce que l\u2019on appelle<strong> un filaire qui va venir suivre les lignes et red\u00e9couper tout le b\u00e2timent<\/strong> pour pouvoir s\u00e9lectionner chaque carreau, chaque pierre, chaque d\u00e9tail de l\u2019architecture.\u2009\u00bb<\/p>\n<p class=\" wall-content\">Au total, ce sont trois mois de travail cumul\u00e9 avec une <strong>dizaine de membres de l\u2019\u00e9quipe<\/strong> de Spectaculaires qui ont \u00e9t\u00e9 n\u00e9cessaires pour aboutir \u00e0 ce spectacle.<\/p>\n<p>    <img decoding=\"async\" loading=\"lazy\" src=\"https:\/\/www.europesays.com\/fr\/wp-content\/uploads\/2025\/07\/1752997395_365_projections-regards-parlement-de-bretagne-rennes-ete-2025-spectaculaires-heol-installation-esquisses.jpeg\" alt=\"Les projections se travaillent d'abord sur ordinateur.\" width=\"960\" height=\"640\"\/><br \/>\n    Les projections se travaillent d\u2019abord sur ordinateur. (\u00a9 Brian Le Goff \/ actu Rennes)Des collaborations avec \u00ab\u2009les ressources d\u2019ici\u2009\u00bb<\/p>\n<p class=\" wall-content\">Mais, une nouvelle fois, les experts des projections<strong> n\u2019ont pas voulu s\u2019arr\u00eater l\u00e0 dans la mise en lumi\u00e8re<\/strong> du Parlement de Bretagne. \u00ab\u2009On s\u2019est appuy\u00e9 sur les ressources d\u2019ici\u2009\u00bb, souligne Benoit Qu\u00e9ro, le fondateur de l\u2019entreprise.<\/p>\n<p class=\" wall-content\">En effet, en 2025, Spectaculaires signe <strong>deux collaborations in\u00e9dites<\/strong> avec des acteurs rennais de l\u2019art. D\u2019abord avec <strong>Heol, un street-artiste rennais<\/strong> qui a sign\u00e9 de nombreuses fresques dans les rues de la capitale bretonne, pour un tableau nomm\u00e9 \u00ab\u2009regards sur le monde\u2009\u00bb.<\/p>\n<blockquote class=\"ac-article-quote wall-content\">\n<p>Un jour, Cl\u00e9ment m&rsquo;a appel\u00e9 en me disant : \u00ab\u00a0\u00c7a ne te dirait pas de faire partie de l&rsquo;aventure ?\u00a0\u00bb J&rsquo;avais d\u00e9j\u00e0 fait l&rsquo;exp\u00e9rience de la peinture et du mapping vid\u00e9o m\u00e9lang\u00e9s. Alors, je n&rsquo;ai pas h\u00e9sit\u00e9. Je me suis habill\u00e9 en noir, grim\u00e9 en noir, pour appara\u00eetre \u00e0 l&rsquo;\u00e9cran comme une silhouette fantomatique.<\/p>\n<p>    <strong>Heol<\/strong><br \/>\n        Street-artiste rennais    <\/p><\/blockquote>\n<p class=\" wall-content\">Au sein de son atelier, Heol disposait d\u2019un <strong>pan de mur de 10\u00a0m\u00e8tres<\/strong> de large. Les<strong> lignes du Parlement<\/strong> ont \u00e9t\u00e9 <strong>projet\u00e9es<\/strong> dessus et le street-artiste a pu exprimer tout son talent avec les contraintes impos\u00e9es. \u00ab\u2009Il a <strong>dessin\u00e9 une fresque,<\/strong> en respectant les proportions demand\u00e9es, que l\u2019on a <strong>film\u00e9e pendant 8h30<\/strong> pour en faire un tableau de deux minutes dans les projections\u2009\u00bb, recontextualise Cl\u00e9ment Barr\u00e9, chef de projet chez Spectaculaires. La <strong>signature musicale,<\/strong> coordonn\u00e9e par Damien Ory dans tout le spectacle, a pour cette partie \u00e9t\u00e9 paraph\u00e9e par <a href=\"https:\/\/www.google.com\/search?q=m%C3%B4%27ti+t%C3%ABi&amp;rlz=1C1GCEA_enFR1171FR1171&amp;oq=N%C3%B4%27ti+&amp;gs_lcrp=EgZjaHJvbWUqCQgBEAAYDRiABDIGCAAQRRg5MgkIARAAGA0YgAQyCAgCEAAYDRgeMgoIAxAAGAgYDRgeMgoIBBAAGAgYDRgeMgoIBRAAGAgYDRgeMgoIBhAAGAgYDRgeMgoIBxAAGAgYDRgeMgoICBAAGAgYDRgeMgoICRAAGAgYDRge0gEINDY3MWowajeoAgCwAgA&amp;sourceid=chrome&amp;ie=UTF-8#fpstate=ive&amp;vld=cid:e1a1fbb9,vid:sLYvpx5feIA,st:0\" target=\"_blank\" rel=\"noopener\">M\u00f4\u2019Ti T\u00ebi<\/a>.<\/p>\n<p>    <img decoding=\"async\" loading=\"lazy\" src=\"https:\/\/www.europesays.com\/fr\/wp-content\/uploads\/2025\/07\/projections-regards-parlement-de-bretagne-rennes-ete-2025-spectaculaires-heol-installation-esquisses.png\" alt=\"La fresque r\u00e9alis\u00e9e par le street-artiste rennais Heol.\" width=\"960\" height=\"640\"\/><br \/>\n    La fresque r\u00e9alis\u00e9e par le street-artiste rennais Heol. (\u00a9 Spectaculaires)\u00ab\u00a0Montrer la diversit\u00e9, le m\u00e9tissage\u00a0\u00bb<\/p>\n<p class=\" wall-content\">Dans ce tableau grandeur nature, on y retrouve des portraits ethniques de jeunes filles et de jeunes gar\u00e7ons avec un chef au milieu dans un contraste de couleurs saisissant, avec des plumes, des grands colliers\u2026 \u00ab\u2009On voulait <strong>montrer la diversit\u00e9, le m\u00e9tissage\u2009\u00bb<\/strong>, insiste Cl\u00e9ment Barr\u00e9. \u00ab\u2009On voit en direct l\u2019\u00e9volution de l\u2019\u0153uvre \u00e0 partir du premier trait. Ce qui nous int\u00e9resse, c\u2019est le geste de l\u2019artiste. C\u2019est hypnotisant\u2009\u00bb, abonde Beno\u00eet Qu\u00e9ro.<\/p>\n<p>    <img decoding=\"async\" loading=\"lazy\" src=\"https:\/\/www.europesays.com\/fr\/wp-content\/uploads\/2025\/07\/1752997396_507_projections-regards-parlement-de-bretagne-rennes-ete-2025-spectaculaires-heol-installation-esquisses.jpeg\" alt=\"Le street-artiste rennais Heol et la directrice du Mus\u00e9e de Bretagne, C\u00e9line Hanas, ont collabor\u00e9 \u00e0 la cr\u00e9ation du nouveau spectacle des projections sur le Parlement de Bretagne.\" width=\"960\" height=\"640\"\/><br \/>\n    Le street-artiste rennais Heol et la directrice du Mus\u00e9e de Bretagne, C\u00e9line Chanas, ont collabor\u00e9 \u00e0 la cr\u00e9ation du nouveau spectacle des projections sur le Parlement de Bretagne. (\u00a9Brian Le Goff \/ actu Rennes)<\/p>\n<p class=\" wall-content\">Pour<strong> l\u2019autre collaboration<\/strong> marquante de ces projections 2025, Spectaculaires a bien \u00e9videmment suivi le th\u00e8me exig\u00e9 par la collectivit\u00e9\u2009: le portrait. Et qui de mieux plac\u00e9 que <strong>le mus\u00e9e de Bretagne et son fonds de photographies d\u2019archives<\/strong> de plusieurs centaines de milliers de fichiers pour en trouver. \u00ab\u2009On discute depuis quelques ann\u00e9es sur la mani\u00e8re de mettre \u00e0 disposition des collections num\u00e9ris\u00e9es\u2009\u00bb, rel\u00e8ve C\u00e9line Chanas, la directrice du mus\u00e9e.<\/p>\n<blockquote class=\"ac-article-quote wall-content\">\n<p>C&rsquo;est un gros chantier de num\u00e9risation, que l&rsquo;on a lanc\u00e9 depuis plusieurs ann\u00e9es, qui permet de proposer des collections libres de droit \u00e0 tous. C&rsquo;est vrai que, dans notre \u00e9change, j&rsquo;avais encore en t\u00eate la plong\u00e9e au c\u0153ur de nos archives du photographe Mathieu Pernot. Elle avait abouti \u00e0 une exposition autour de la vie en photo avec un concept de frise pour rendre compte d&rsquo;une forme d&rsquo;universalit\u00e9.<\/p>\n<p>    <strong>Heol<\/strong><br \/>\n        Street-artiste rennais    <\/p><\/blockquote>\n<p class=\" wall-content\">Spectaculaire s\u2019est donc appuy\u00e9 sur ce fonds et extrait des <strong>dizaines de portraits,<\/strong> que les \u00ab\u2009allumeurs d\u2019images\u2009\u00bb ont <strong>anim\u00e9s par l\u2019intelligence artificielle<\/strong> et recolor\u00e9s, afin d\u2019y faire ressortir une certaine ambiance et des \u00e9motions. \u00ab\u2009On a d\u00fb travailler des dizaines de prompts dans le but de donner vie \u00e0 ces portraits. <strong>Sans elle, \u00e7\u2019aurait \u00e9t\u00e9 compl\u00e8tement diff\u00e9rent,<\/strong> assure Cl\u00e9ment Barr\u00e9. L\u2019int\u00e9r\u00eat \u00e9tait de pouvoir raconter les \u00e9poques.\u2009\u00bb<\/p>\n<p>    <img decoding=\"async\" loading=\"lazy\" src=\"https:\/\/www.europesays.com\/fr\/wp-content\/uploads\/2025\/07\/1752997397_240_projections-regards-parlement-de-bretagne-rennes-ete-2025-spectaculaires-heol-installation-esquisses.png\" alt=\"v\" width=\"960\" height=\"640\"\/><br \/>\n    Quelques-uns des portraits du fonds de photographies du Mus\u00e9e de Bretagne utilis\u00e9s dans le spectacle Regards. (\u00a9 Spectaculaires)\u00ab\u00a0Plus de sens cach\u00e9 que les derni\u00e8res ann\u00e9es\u00a0\u00bb<\/p>\n<p class=\" wall-content\"><strong>Raconter requiert de donner un sens \u00e0 l\u2019histoire<\/strong>, c\u2019est ce que s\u2019est efforc\u00e9 \u00e0 faire Spectaculaires pour cette projection 2025 avec pr\u00e8s d\u2019une dizaine de sc\u00e8nes. \u00ab\u2009Il y a s\u00fbrement plus de sens cach\u00e9 que les derni\u00e8res ann\u00e9es\u2009\u00bb, confirme le chef de projet chez Spectaculaires.<\/p>\n<p class=\" wall-content\">Benoit Qu\u00e9ro, le fondateur de Spectaculaires en 1987, acquiesce\u2009: \u00ab\u2009Ce rendez-vous n\u2019est<strong> pas juste une animation de plus, mais une vraie cr\u00e9ation in\u00e9dite<\/strong>. Au-del\u00e0 des images et de notre injonction \u00e0 faire du beau, il y a aussi <strong>une \u00e9criture<\/strong> qui est particuli\u00e8rement d\u00e9velopp\u00e9e. Spectaculaires am\u00e8ne son regard avec l\u2019envie de le partager aux Rennais et aux visiteurs. C\u2019est un<strong> instrument de rayonnement de la ville<\/strong>.\u2009\u00bb<\/p>\n<p>Six vid\u00e9oprojecteurs, chacun de la taille d\u2019un coffre de toit<\/p>\n<p class=\" wall-content\">Pour ce faire, ce sont donc six vid\u00e9oprojecteurs de <strong>30\u2009000 lumens par unit\u00e9 \u2013 soit l\u2019\u00e9quivalent de 18\u2009000 ampoules Led \u2013<\/strong> faisant chacun la taille d\u2019un coffre de toit de voiture, qui ont \u00e9t\u00e9 install\u00e9s en moins d\u2019une semaine dans deux tourelles provisoires en bas de la place du Parlement de Bretagne.<\/p>\n<p class=\" wall-content\">Jusqu\u2019au dernier moment, ils doivent \u00eatre parfaitement plac\u00e9s, configur\u00e9s et <strong>reli\u00e9s \u00e0 des serveurs<\/strong> qui se chargeront de lancer la projection chaque soir \u00e0 la bonne humeur tout en coordonnant chacune des six parties qui composent le film.<\/p>\n<p class=\" wall-content\">\u00c0 48 heures, du lancement des projections, <strong>avec son \u0153il aff\u00fbt\u00e9, Benoit Qu\u00e9ro nous faisait remarquer<\/strong> qu\u2019un projecteur laissait entrevoir une ligne blanche.<\/p>\n<p>    <img decoding=\"async\" loading=\"lazy\" src=\"https:\/\/www.europesays.com\/fr\/wp-content\/uploads\/2025\/07\/1752997397_881_projections-regards-parlement-de-bretagne-rennes-ete-2025-spectaculaires-heol-installation-esquisses.jpeg\" alt=\"Jeudi 18 juillet, \u00e0 48 heures du lancement des projections, les \u00e9quipes de Spectaculaires travaillaient \u00e0 bien placer chacun des six vid\u00e9os projecteurs qui diffusent le film cr\u00e9\u00e9.\" width=\"960\" height=\"640\"\/><br \/>\n    Jeudi 17 juillet, \u00e0 48 heures du lancement des projections, les \u00e9quipes de Spectaculaires travaillaient \u00e0 bien placer chacun des six vid\u00e9os projecteurs qui diffusent le film cr\u00e9\u00e9. Ainsi, cette ligne blanche sur le Parlement montrait que la configuration n\u2019\u00e9tait pas totalement termin\u00e9e. (\u00a9 Brian Le Goff \/ actu Rennes)<\/p>\n<p class=\" wall-content\">Cela signifiait qu\u2019il devait encore \u00eatre bien plac\u00e9 et configur\u00e9 pour offrir le meilleur des spectacles. Et c\u2019est le travail des <strong>r\u00e9gisseurs mapping<\/strong>, post\u00e9s face au monument avec un tablette afin de proc\u00e9der au bouclage des derniers d\u00e9tails.<\/p>\n<p>    <img decoding=\"async\" loading=\"lazy\" src=\"https:\/\/www.europesays.com\/fr\/wp-content\/uploads\/2025\/07\/1752997397_40_projections-regards-parlement-de-bretagne-rennes-ete-2025-spectaculaires-heol-installation-esquisses.jpeg\" alt=\"Ils entrent en sc\u00e8ne dans les derniers instants de la pr\u00e9paration des projections, les r\u00e9gisseurs mapping r\u00e9glaient les derniers d\u00e9tails \u00e0 48 heures du lancement du spectacle, durant lesquelles le film peut \u00eatre vu pour la premi\u00e8re fois en grandeur nature.\" width=\"960\" height=\"640\"\/><br \/>\n    Ils entrent en sc\u00e8ne dans les derniers instants de la pr\u00e9paration des projections, les r\u00e9gisseurs mapping r\u00e9glaient les derniers d\u00e9tails \u00e0 48 heures du lancement du spectacle, durant lesquelles le film peut \u00eatre vu pour la premi\u00e8re fois en grandeur nature. (\u00a9Brian Le Goff \/ actu Rennes)<\/p>\n<p class=\" wall-content\">Mais<strong> rien de bien m\u00e9chant<\/strong> pour une \u00e9quipe qui organise aujourd\u2019hui des dizaines de projections chaque ann\u00e9e aux quatre coins de la plan\u00e8te.<\/p>\n<p>Projections monumentales d\u2019\u00e9t\u00e9 sur le Parlement de Bretagne \u00e0 Rennes. Jusqu\u2019au 23 ao\u00fbt, chaque soir (\u00e0 23h jusqu\u2019au 2 ao\u00fbt, puis \u00e0 22h30 \u00e0 partir du 3 ao\u00fbt).<\/p>\n<p class=\" wall-content\">Suivez toute l\u2019actualit\u00e9 de vos villes et m\u00e9dias favoris en vous inscrivant \u00e0 <a href=\"https:\/\/moncompte.actu.fr\" title=\"D\u00e9couvez Mon Actu\" rel=\"nofollow noopener\" data-trk=\"{&quot;cta&quot;:{&quot;action&quot;:&quot;https:\\\/\\\/moncompte.actu.fr&quot;,&quot;category&quot;:&quot;mon compte&quot;,&quot;from&quot;:&quot;article footer&quot;,&quot;name&quot;:&quot;Mon actu&quot;,&quot;type&quot;:&quot;cta&quot;}}\" target=\"_blank\">Mon Actu<\/a>.<\/p>\n","protected":false},"excerpt":{"rendered":"Par Brian Le Goff Publi\u00e9 le 20 juil. 2025 \u00e0 8h42 \u00ab\u2009On ne peut conna\u00eetre v\u00e9ritablement le r\u00e9sultat&hellip;\n","protected":false},"author":2,"featured_media":260603,"comment_status":"","ping_status":"","sticky":false,"template":"","format":"standard","meta":{"footnotes":""},"categories":[2821],"tags":[1111,11,1063,829,31700,1777,674,1011,27,223,1652,12,584,25],"class_list":{"0":"post-260602","1":"post","2":"type-post","3":"status-publish","4":"format-standard","5":"has-post-thumbnail","7":"category-rennes","8":"tag-actu","9":"tag-actualites","10":"tag-animations","11":"tag-bretagne","12":"tag-ete-a-rennes","13":"tag-eu","14":"tag-europe","15":"tag-fr","16":"tag-france","17":"tag-intelligence-artificielle","18":"tag-loisirs-culture","19":"tag-news","20":"tag-rennes","21":"tag-republique-francaise"},"share_on_mastodon":{"url":"https:\/\/pubeurope.com\/@fr\/114884445329085311","error":""},"_links":{"self":[{"href":"https:\/\/www.europesays.com\/fr\/wp-json\/wp\/v2\/posts\/260602","targetHints":{"allow":["GET"]}}],"collection":[{"href":"https:\/\/www.europesays.com\/fr\/wp-json\/wp\/v2\/posts"}],"about":[{"href":"https:\/\/www.europesays.com\/fr\/wp-json\/wp\/v2\/types\/post"}],"author":[{"embeddable":true,"href":"https:\/\/www.europesays.com\/fr\/wp-json\/wp\/v2\/users\/2"}],"replies":[{"embeddable":true,"href":"https:\/\/www.europesays.com\/fr\/wp-json\/wp\/v2\/comments?post=260602"}],"version-history":[{"count":0,"href":"https:\/\/www.europesays.com\/fr\/wp-json\/wp\/v2\/posts\/260602\/revisions"}],"wp:featuredmedia":[{"embeddable":true,"href":"https:\/\/www.europesays.com\/fr\/wp-json\/wp\/v2\/media\/260603"}],"wp:attachment":[{"href":"https:\/\/www.europesays.com\/fr\/wp-json\/wp\/v2\/media?parent=260602"}],"wp:term":[{"taxonomy":"category","embeddable":true,"href":"https:\/\/www.europesays.com\/fr\/wp-json\/wp\/v2\/categories?post=260602"},{"taxonomy":"post_tag","embeddable":true,"href":"https:\/\/www.europesays.com\/fr\/wp-json\/wp\/v2\/tags?post=260602"}],"curies":[{"name":"wp","href":"https:\/\/api.w.org\/{rel}","templated":true}]}}