{"id":260624,"date":"2025-07-20T07:56:15","date_gmt":"2025-07-20T07:56:15","guid":{"rendered":"https:\/\/www.europesays.com\/fr\/260624\/"},"modified":"2025-07-20T07:56:15","modified_gmt":"2025-07-20T07:56:15","slug":"aux-baumettes-frustre-de-ne-pas-participer-a-latelier-graffitis-il-donne-un-coup-de-boule-au-surveillant","status":"publish","type":"post","link":"https:\/\/www.europesays.com\/fr\/260624\/","title":{"rendered":"Aux Baumettes, frustr\u00e9 de ne pas participer \u00e0 l\u2019atelier \u00ab\u00a0graffitis\u00a0\u00bb, il donne un coup de boule au surveillant"},"content":{"rendered":"<p>Patrice V. a du mal avec la frustration. Le 1er\u00a0avril dernier, quand les surveillants p\u00e9nitentiaires de <a href=\"https:\/\/www.laprovence.com\/article\/faits-divers-justice\/9393385414815914\/a-la-prison-des-baumettes-a-marseille-la-detenue-escroquait-sa-voisine-de-coursive\" target=\"_blank\" rel=\"nofollow noopener\">la prison des Baumettes<\/a> \u00e0 <a href=\"https:\/\/www.laprovence.com\/bouches-du-rhone\/marseille-13055\" target=\"_blank\" rel=\"nofollow noopener\">Marseille<\/a> ont annonc\u00e9 \u00e0 ce d\u00e9tenu qu\u2019il ne participerait pas \u00e0 l\u2019atelier \u00ab\u00a0graffitis\u00a0\u00bb, le jeune homme de 25\u00a0ans a mal r\u00e9agi\u00a0: coup de poing, coup de t\u00eate sur un surveillant, crachats et insultes. Des faits qui ont valu au prisonnier de compara\u00eetre devant le tribunal correctionnel ce vendredi 18\u00a0juillet pour\u2026 la 25e fois de son existence.<\/p>\n<p>Le proc\u00e8s a \u00e9t\u00e9 rapide\u00a0: le regard vitreux, l\u2019\u00e9locution floue, le jeune homme a d\u00e9clar\u00e9 d\u2019entr\u00e9e de jeu\u00a0: \u00ab\u00a0Je vais garder le silence et laisser mon avocat parler\u00a0\u00bb.<\/p>\n<p>Il a seulement ajout\u00e9, alors que les juges parcouraient l\u2019enqu\u00eate de personnalit\u00e9 le concernant\u00a0: \u00ab\u00a0Je sais lire et \u00e9crire, c\u2019est tout\u00a0\u00bb. Ce pr\u00e9venu au lourd pass\u00e9 judiciaire et aux capacit\u00e9s cognitives diminu\u00e9es, avait expliqu\u00e9 \u00e0 <a href=\"https:\/\/www.laprovence.com\/article\/region\/5692031552032114\/on-me-doit-72-500-e-a-salon-de-provence-les-experts-judiciaires-denoncent-les-factures-impayees-de-l-etat\" target=\"_blank\" rel=\"nofollow noopener\">l\u2019expert psychiatre<\/a> mandat\u00e9 pour l\u2019expertiser qu\u2019il s\u2019\u00e9tait \u00ab\u00a0senti agress\u00e9\u00a0\u00bb par <a href=\"https:\/\/www.laprovence.com\/article\/region\/1172542730220815\/un-detenu-enferme-au-quartier-disciplinaire-agresse-des-surveillants-du-centre-de-detention-de-salon-de-provence\" target=\"_blank\" rel=\"nofollow noopener\">le surveillant<\/a>. Ce dernier a estim\u00e9 qu\u2019au moment des faits, son discernement \u00e9tait largement alt\u00e9r\u00e9, justifiant une diminution de sa peine.<\/p>\n<p>\u00ab\u00a0Cocktail de cheval d\u2019anxiolytiques et d\u2019antid\u00e9presseurs\u00a0\u00bb<\/p>\n<p>\u00ab\u00a0Il n\u2019\u00e9tait pas dans son \u00e9tat normal, sous un cocktail de cheval d\u2019anxiolytiques et d\u2019antid\u00e9presseur\u00a0\u00bb, a appuy\u00e9 dans sa plaidoirie son avocate, Me H\u00e9l\u00e8ne Blachon. Pour ce d\u00e9tenu au parcours difficile, au parcours carc\u00e9ral \u00e9maill\u00e9 d\u2019incidents ces trois derni\u00e8res ann\u00e9es, le procureur Pierre-Yves Pezzino a requis une peine de 6 mois de prison, pr\u00e9cisant qu\u2019il ne s\u2019opposerait pas \u00e0 une confusion de peine.<\/p>\n<p>Les juges ont finalement condamn\u00e9 Patrice V. \u00e0 4 mois de prison suppl\u00e9mentaires assortis d\u2019un sursis probatoire. Le jeune homme, dans un \u00e9tat second, a \u00e9t\u00e9 reconduit en prison.<\/p>\n","protected":false},"excerpt":{"rendered":"Patrice V. a du mal avec la frustration. Le 1er\u00a0avril dernier, quand les surveillants p\u00e9nitentiaires de la prison&hellip;\n","protected":false},"author":2,"featured_media":260625,"comment_status":"","ping_status":"","sticky":false,"template":"","format":"standard","meta":{"footnotes":""},"categories":[2814],"tags":[17,1111,11,1007,2829,1777,674,274,1011,27,40061,39649,35056,884,12,11667,5261,882,25],"class_list":{"0":"post-260624","1":"post","2":"type-post","3":"status-publish","4":"format-standard","5":"has-post-thumbnail","7":"category-marseille","8":"tag-17","9":"tag-actu","10":"tag-actualites","11":"tag-aux","12":"tag-baumettes","13":"tag-eu","14":"tag-europe","15":"tag-faits-divers-justice","16":"tag-fr","17":"tag-france","18":"tag-frustre","19":"tag-graffitis","20":"tag-latelier","21":"tag-marseille","22":"tag-news","23":"tag-participer","24":"tag-pas","25":"tag-provence-alpes-cote-dazur","26":"tag-republique-francaise"},"share_on_mastodon":{"url":"https:\/\/pubeurope.com\/@fr\/114884495530818617","error":""},"_links":{"self":[{"href":"https:\/\/www.europesays.com\/fr\/wp-json\/wp\/v2\/posts\/260624","targetHints":{"allow":["GET"]}}],"collection":[{"href":"https:\/\/www.europesays.com\/fr\/wp-json\/wp\/v2\/posts"}],"about":[{"href":"https:\/\/www.europesays.com\/fr\/wp-json\/wp\/v2\/types\/post"}],"author":[{"embeddable":true,"href":"https:\/\/www.europesays.com\/fr\/wp-json\/wp\/v2\/users\/2"}],"replies":[{"embeddable":true,"href":"https:\/\/www.europesays.com\/fr\/wp-json\/wp\/v2\/comments?post=260624"}],"version-history":[{"count":0,"href":"https:\/\/www.europesays.com\/fr\/wp-json\/wp\/v2\/posts\/260624\/revisions"}],"wp:featuredmedia":[{"embeddable":true,"href":"https:\/\/www.europesays.com\/fr\/wp-json\/wp\/v2\/media\/260625"}],"wp:attachment":[{"href":"https:\/\/www.europesays.com\/fr\/wp-json\/wp\/v2\/media?parent=260624"}],"wp:term":[{"taxonomy":"category","embeddable":true,"href":"https:\/\/www.europesays.com\/fr\/wp-json\/wp\/v2\/categories?post=260624"},{"taxonomy":"post_tag","embeddable":true,"href":"https:\/\/www.europesays.com\/fr\/wp-json\/wp\/v2\/tags?post=260624"}],"curies":[{"name":"wp","href":"https:\/\/api.w.org\/{rel}","templated":true}]}}