{"id":260626,"date":"2025-07-20T07:57:11","date_gmt":"2025-07-20T07:57:11","guid":{"rendered":"https:\/\/www.europesays.com\/fr\/260626\/"},"modified":"2025-07-20T07:57:11","modified_gmt":"2025-07-20T07:57:11","slug":"on-a-teste-pour-vous-les-activites-nautiques-de-lete-marseillais","status":"publish","type":"post","link":"https:\/\/www.europesays.com\/fr\/260626\/","title":{"rendered":"on a test\u00e9 pour vous les activit\u00e9s nautiques de l\u2019\u00c9t\u00e9 marseillais"},"content":{"rendered":"<p>Choisir entre une sortie kayak, paddle ou bateau \u00e0 voile n\u2019a pas \u00e9t\u00e9 ais\u00e9. On a finalement opt\u00e9 pour le kayak, en hommage \u00e0 nos premiers \u00e9t\u00e9s en colonie de vacances. Cette activit\u00e9 est propos\u00e9e gratuitement en juillet et en ao\u00fbt, dans le cadre de l\u2019\u00c9t\u00e9 marseillais, sur les bases nautiques municipales Corbi\u00e8res (16e) et Florence Arthaud (8e). On a privil\u00e9gi\u00e9 un cours \u00e0 la marina olympique, pour voir de plus pr\u00e8s le r\u00e9am\u00e9nagement de cet \u00e9quipement sportif marseillais, h\u00e9rit\u00e9 des <a href=\"https:\/\/www.laprovence.com\/article\/societe\/64965465807528\/la-marina-olympique-du-roucas-blanc-renommee-florence-arthaud-par-benoit-payan\" target=\"_blank\" rel=\"noopener\">Jeux olympiques<\/a> 2024.<\/p>\n<p>L\u2019inscription se fait via internet ou sur place. Sur le site de l\u2019<a href=\"https:\/\/etemarseillais.fr\/evenements\/activites-nautiques-au-stade-nautique-florence-arthaud\" target=\"_blank\" rel=\"noopener\">\u00c9t\u00e9 marseillais<\/a>, on peut r\u00e9server jusqu\u2019\u00e0 deux semaines en avance et une semaine \u00e0 l\u2019avance en se rendant directement \u00e0 la base nautique, sur la promenade Georges Pompidou. Malgr\u00e9 les quatre sessions par jour avec chacune huit places, les cr\u00e9neaux sont vite remplis\u00a0; il vaut donc mieux \u00eatre organis\u00e9. C\u2019est notre cas\u00a0: la date r\u00e9serv\u00e9e est dans dix jours.<\/p>\n<p>Le jour J, on se pr\u00e9sente une demi-heure avant l\u2019horaire de notre cours, comme indiqu\u00e9 dans la confirmation num\u00e9rique que l\u2019on a re\u00e7ue. Dans les locaux climatis\u00e9s de la base, on remplit un petit formulaire indiquant que l\u2019on sait nager, tout en faisant connaissance avec les autres stagiaires, principalement des touristes, d\u2019origines et \u00e2ges vari\u00e9s.<\/p>\n","protected":false},"excerpt":{"rendered":"Choisir entre une sortie kayak, paddle ou bateau \u00e0 voile n\u2019a pas \u00e9t\u00e9 ais\u00e9. On a finalement opt\u00e9&hellip;\n","protected":false},"author":2,"featured_media":260627,"comment_status":"","ping_status":"","sticky":false,"template":"","format":"standard","meta":{"footnotes":""},"categories":[2814],"tags":[17,9835,1111,11,1777,674,1011,27,151,884,40062,12,471,882,16,25,4104,4568],"class_list":{"0":"post-260626","1":"post","2":"type-post","3":"status-publish","4":"format-standard","5":"has-post-thumbnail","7":"category-marseille","8":"tag-17","9":"tag-activites","10":"tag-actu","11":"tag-actualites","12":"tag-eu","13":"tag-europe","14":"tag-fr","15":"tag-france","16":"tag-les","17":"tag-marseille","18":"tag-nautiques","19":"tag-news","20":"tag-pour","21":"tag-provence-alpes-cote-dazur","22":"tag-region","23":"tag-republique-francaise","24":"tag-teste","25":"tag-vous"},"share_on_mastodon":{"url":"https:\/\/pubeurope.com\/@fr\/114884499419332467","error":""},"_links":{"self":[{"href":"https:\/\/www.europesays.com\/fr\/wp-json\/wp\/v2\/posts\/260626","targetHints":{"allow":["GET"]}}],"collection":[{"href":"https:\/\/www.europesays.com\/fr\/wp-json\/wp\/v2\/posts"}],"about":[{"href":"https:\/\/www.europesays.com\/fr\/wp-json\/wp\/v2\/types\/post"}],"author":[{"embeddable":true,"href":"https:\/\/www.europesays.com\/fr\/wp-json\/wp\/v2\/users\/2"}],"replies":[{"embeddable":true,"href":"https:\/\/www.europesays.com\/fr\/wp-json\/wp\/v2\/comments?post=260626"}],"version-history":[{"count":0,"href":"https:\/\/www.europesays.com\/fr\/wp-json\/wp\/v2\/posts\/260626\/revisions"}],"wp:featuredmedia":[{"embeddable":true,"href":"https:\/\/www.europesays.com\/fr\/wp-json\/wp\/v2\/media\/260627"}],"wp:attachment":[{"href":"https:\/\/www.europesays.com\/fr\/wp-json\/wp\/v2\/media?parent=260626"}],"wp:term":[{"taxonomy":"category","embeddable":true,"href":"https:\/\/www.europesays.com\/fr\/wp-json\/wp\/v2\/categories?post=260626"},{"taxonomy":"post_tag","embeddable":true,"href":"https:\/\/www.europesays.com\/fr\/wp-json\/wp\/v2\/tags?post=260626"}],"curies":[{"name":"wp","href":"https:\/\/api.w.org\/{rel}","templated":true}]}}