{"id":260630,"date":"2025-07-20T07:59:09","date_gmt":"2025-07-20T07:59:09","guid":{"rendered":"https:\/\/www.europesays.com\/fr\/260630\/"},"modified":"2025-07-20T07:59:09","modified_gmt":"2025-07-20T07:59:09","slug":"lyon-des-orages-de-grele-violents-annonces-dans-le-rhone-voici-les-secteurs-concernes","status":"publish","type":"post","link":"https:\/\/www.europesays.com\/fr\/260630\/","title":{"rendered":"Lyon. Des orages de gr\u00eale violents annonc\u00e9s dans le Rh\u00f4ne : voici les secteurs concern\u00e9s"},"content":{"rendered":"<p>            Par<br \/>\n        <strong><br \/>\n            <a href=\"https:\/\/actu.fr\/auteur\/anthony-soudani\" title=\"Consulter tous les articles de Anthony Soudani\" rel=\"nofollow noopener\" target=\"_blank\">Anthony Soudani<\/a><br \/>\n        <\/strong><\/p>\n<p>        Publi\u00e9 le<\/p>\n<p>            20 juil. 2025 \u00e0 9h54        <\/p>\n<p>Les <a href=\"https:\/\/actu.fr\/auvergne-rhone-alpes\/lyon_69123\/lyon-de-violents-orages-de-grele-vont-frapper-le-rhone-les-secteurs-ou-ca-peut-tomber-fort_62926548.html\" rel=\"nofollow noopener\" target=\"_blank\">orages<\/a> font leur retour \u00e0 <a href=\"https:\/\/actu.fr\/lyon\/\" rel=\"nofollow noopener\" target=\"_blank\">Lyon<\/a> et dans le Rh\u00f4ne ce dimanche 20 juillet. Parfois violents, ils devraient se produire notamment en fin de journ\u00e9e sur le territoire, d\u2019apr\u00e8s M\u00e9t\u00e9o-France qui a plac\u00e9 le d\u00e9partement en <strong>vigilance jaune<\/strong>. Un risque de gr\u00eale est annonc\u00e9.<\/p>\n<p class=\" wall-content\">Voici les secteurs concern\u00e9s.<\/p>\n<p>Des orages de gr\u00eale dans le nord du Rh\u00f4ne<\/p>\n<p class=\" wall-content\">D\u00e9j\u00e0 ce matin, des perturbations orageuses se font sentir au nord du <a href=\"https:\/\/actu.fr\/auvergne-rhone-alpes\/rhone_69\" rel=\"nofollow noopener\" target=\"_blank\">Rh\u00f4ne<\/a>, particuli\u00e8rement au niveau du Beaujolais mais aussi \u00e0 l\u2019ouest, \u00e0 L\u2019Arbresle ou encore \u00e0 Saint-Symphorien-sur-Coise. Mais le plus gros arrive dans l\u2019apr\u00e8s-midi.\u00a0<\/p>\n<p class=\" wall-content\">Des orages potentiellement accompagn\u00e9s de <strong>gr\u00eale<\/strong> vont \u00e9clater un peu partout, toujours dans la partie nord et ouest du d\u00e9partement. La gr\u00eale pourrait toucher le Beaujolais, les secteurs de Villefranche-sur-Sa\u00f4ne, Tarare ou encore Thizy.<\/p>\n<p>\u00c0 Lyon, des orages possibles entre 15h et 21h<\/p>\n<p class=\" wall-content\"><strong>\u00c0 Lyon, la gr\u00eale ne devrait pas tomber<\/strong> mais des orages sont attendus en milieu d\u2019apr\u00e8s-midi. Ils seront accompagn\u00e9s d\u2019averses. Ils devraient se poursuivre jusque dans la soir\u00e9e. M\u00e9t\u00e9o-France estime qu\u2019ils pourraient se produire entre 15h et 21h.\u00a0<\/p>\n<p class=\" wall-content\">Le sud du Rh\u00f4ne est \u00e9galement concern\u00e9 par ces perturbations orageuses. Mais l\u00e0 aussi, la gr\u00eale ne devrait pas tomber. Seule la pluie devrait accompagner les orages \u00e0 Soucieu-en-Jarrest, Pusignan ou encore Vienne en <a href=\"https:\/\/actu.fr\/auvergne-rhone-alpes\/isere_38\" rel=\"nofollow noopener\" target=\"_blank\">Is\u00e8re<\/a>.\u00a0<\/p>\n<p class=\" wall-content\">Le temps devrait se calmer dans la deuxi\u00e8me partie de soir\u00e9e. La nuit devrait \u00eatre calme dans le Rh\u00f4ne.<\/p>\n<p class=\" wall-content\">Suivez toute l\u2019actualit\u00e9 de vos villes et m\u00e9dias favoris en vous inscrivant \u00e0 <a href=\"https:\/\/moncompte.actu.fr\" title=\"D\u00e9couvez Mon Actu\" rel=\"nofollow noopener\" data-trk=\"{&quot;cta&quot;:{&quot;action&quot;:&quot;https:\\\/\\\/moncompte.actu.fr&quot;,&quot;category&quot;:&quot;mon compte&quot;,&quot;from&quot;:&quot;article footer&quot;,&quot;name&quot;:&quot;Mon actu&quot;,&quot;type&quot;:&quot;cta&quot;}}\" target=\"_blank\">Mon Actu<\/a>.<\/p>\n","protected":false},"excerpt":{"rendered":"Par Anthony Soudani Publi\u00e9 le 20 juil. 2025 \u00e0 9h54 Les orages font leur retour \u00e0 Lyon et&hellip;\n","protected":false},"author":2,"featured_media":260631,"comment_status":"","ping_status":"","sticky":false,"template":"","format":"standard","meta":{"footnotes":""},"categories":[1889],"tags":[1111,11,2430,1777,674,1011,27,2428,2487,2357,12,4594,25],"class_list":{"0":"post-260630","1":"post","2":"type-post","3":"status-publish","4":"format-standard","5":"has-post-thumbnail","7":"category-lyon","8":"tag-actu","9":"tag-actualites","10":"tag-auvergne-rhone-alpes","11":"tag-eu","12":"tag-europe","13":"tag-fr","14":"tag-france","15":"tag-lyon","16":"tag-meteo","17":"tag-meteo-france","18":"tag-news","19":"tag-orages","20":"tag-republique-francaise"},"share_on_mastodon":{"url":"https:\/\/pubeurope.com\/@fr\/114884507276150909","error":""},"_links":{"self":[{"href":"https:\/\/www.europesays.com\/fr\/wp-json\/wp\/v2\/posts\/260630","targetHints":{"allow":["GET"]}}],"collection":[{"href":"https:\/\/www.europesays.com\/fr\/wp-json\/wp\/v2\/posts"}],"about":[{"href":"https:\/\/www.europesays.com\/fr\/wp-json\/wp\/v2\/types\/post"}],"author":[{"embeddable":true,"href":"https:\/\/www.europesays.com\/fr\/wp-json\/wp\/v2\/users\/2"}],"replies":[{"embeddable":true,"href":"https:\/\/www.europesays.com\/fr\/wp-json\/wp\/v2\/comments?post=260630"}],"version-history":[{"count":0,"href":"https:\/\/www.europesays.com\/fr\/wp-json\/wp\/v2\/posts\/260630\/revisions"}],"wp:featuredmedia":[{"embeddable":true,"href":"https:\/\/www.europesays.com\/fr\/wp-json\/wp\/v2\/media\/260631"}],"wp:attachment":[{"href":"https:\/\/www.europesays.com\/fr\/wp-json\/wp\/v2\/media?parent=260630"}],"wp:term":[{"taxonomy":"category","embeddable":true,"href":"https:\/\/www.europesays.com\/fr\/wp-json\/wp\/v2\/categories?post=260630"},{"taxonomy":"post_tag","embeddable":true,"href":"https:\/\/www.europesays.com\/fr\/wp-json\/wp\/v2\/tags?post=260630"}],"curies":[{"name":"wp","href":"https:\/\/api.w.org\/{rel}","templated":true}]}}