{"id":260632,"date":"2025-07-20T08:02:10","date_gmt":"2025-07-20T08:02:10","guid":{"rendered":"https:\/\/www.europesays.com\/fr\/260632\/"},"modified":"2025-07-20T08:02:10","modified_gmt":"2025-07-20T08:02:10","slug":"plus-de-50-000-personnes-ont-nage-dans-le-fleuve","status":"publish","type":"post","link":"https:\/\/www.europesays.com\/fr\/260632\/","title":{"rendered":"plus de 50 000 personnes ont nag\u00e9 dans le fleuve"},"content":{"rendered":"<p>            Par<br \/>\n        <strong><br \/>\n            <a href=\"https:\/\/actu.fr\/auteur\/antoine-grotteria02\" title=\"Consulter tous les articles de Antoine Grotteria\" target=\"_blank\" rel=\"noopener\">Antoine Grotteria<\/a><br \/>\n        <\/strong><\/p>\n<p>        Publi\u00e9 le<\/p>\n<p>            20 juil. 2025 \u00e0 9h34        <\/p>\n<p>\u00ab\u2009Un succ\u00e8s\u2009\u00bb, selon la ministre des Sports. Interrog\u00e9e sur <a href=\"https:\/\/www.franceinfo.fr\/societe\/paris-plus-de-50-000-personnes-se-sont-baignees-dans-la-seine-depuis-le-5-juillet-malgre-plusieurs-fermetures_7387129.html\" target=\"_blank\" rel=\"noopener\">franceinfo<\/a>, samedi 19\u00a0juillet 2025, <strong>Marie Barsacq<\/strong> a fait savoir que l\u2019ouverture \u00e0 la <a href=\"https:\/\/actu.fr\/societe\/baignade-dans-la-seine-et-la-marne-tout-ce-qu-il-faut-savoir-pour-piquer-une-tete-en-ile-de-france-cet-ete_62634789.html\" target=\"_blank\" rel=\"noopener\">baignade dans la Seine<\/a> \u00e0 <a href=\"https:\/\/actu.fr\/paris\/\" target=\"_blank\" rel=\"noopener\">Paris<\/a> avait attir\u00e9 <strong>plus de 50\u2009000\u00a0personnes<\/strong> depuis son ouverture, le 5\u00a0juillet. Ce chiffre englobe les trois sites situ\u00e9s \u00e0 <a href=\"https:\/\/actu.fr\/ile-de-france\/paris_75056\/baignade-dans-la-seine-a-paris-un-meccano-geant-pour-accueillir-plus-d-une-centaine-de-nageurs-cet-ete_62792453.html\" target=\"_blank\" rel=\"noopener\">Beaugrenelle<\/a> (15e), au <strong>bras Marie<\/strong> (4e) et \u00e0 <strong>Bercy<\/strong> (12e).<\/p>\n<p>Eau d\u00e9grad\u00e9e par les pluies<\/p>\n<p class=\" wall-content\">Pourtant, les conditions m\u00e9t\u00e9orologiques mitig\u00e9es du mois en cours ont d\u00e9j\u00e0 occasionn\u00e9 <a href=\"https:\/\/actu.fr\/ile-de-france\/paris_75056\/fermeture-de-la-baignade-dans-la-seine-et-le-canal-saint-martin-quand-pourra-t-on-a-nouveau-nager-a-paris_62886786.html\" target=\"_blank\" rel=\"noopener\">plusieurs fermetures<\/a>. Ce dimanche 20\u00a0juillet, les <strong>drapeaux rouges<\/strong>, synonymes d\u2019interdiction, ont \u00e9t\u00e9 brandis sur toutes les zones de baignade. Seul le bras Marie a le feu vert, indique le <a href=\"https:\/\/www.paris.fr\/paris-en-seine-2025\" target=\"_blank\" rel=\"noopener\">site<\/a> Paris en Seine. Les autorit\u00e9s ont ainsi d\u00e9cid\u00e9 de prohiber la baignade en raison de la <strong>d\u00e9gradation de la qualit\u00e9 de l\u2019eau<\/strong>, cons\u00e9cutive aux pluies qui se sont abattues dans la capitale samedi.<\/p>\n<p class=\" wall-content\">La baignade dans la Seine n\u2019avait pas \u00e9t\u00e9 autoris\u00e9e depuis <strong>environ un si\u00e8cle<\/strong>. Elle a \u00e9t\u00e9 rendue possible gr\u00e2ce \u00e0 un investissement de 1,4 milliard d\u2019euros par l\u2019\u00c9tat et les collectivit\u00e9s, dans le cadre des <a href=\"https:\/\/actu.fr\/tag\/jo-paris-2024\" target=\"_blank\" rel=\"noopener\">Jeux olympiques de Paris 2024<\/a>. Soumis \u00e0 une pollution engendr\u00e9e par le d\u00e9versement des eaux us\u00e9es, le fleuve fait l\u2019objet d\u2019un travail de <strong>filtrage<\/strong>. Ce dernier ne s\u2019av\u00e8re toutefois pas toujours suffisant. L\u2019ann\u00e9e derni\u00e8re, les \u00e9preuves olympiques de triathlon avaient ainsi \u00e9t\u00e9 repouss\u00e9es \u00e0 cause de la pollution.<\/p>\n<p class=\" wall-content\">Un an plus tard, les trois sites parisiens resteront ouverts jusqu\u2019au 31\u00a0ao\u00fbt. Pour les autres curieux, <a href=\"https:\/\/actu.fr\/ile-de-france\/maisons-alfort_94046\/baignade-dans-la-marne-voici-les-deux-sites-du-val-de-marne-qui-devraient-ouvrir-en-juin-prochain_62607012.html\" target=\"_blank\" rel=\"noopener\"><strong>la Marne<\/strong><\/a>, un affluent du fleuve, reste \u00e9galement accessible tout l\u2019\u00e9t\u00e9 dans le Val-de-Marne, \u00e0 Joinville-le-Pont, <a href=\"https:\/\/actu.fr\/ile-de-france\/maisons-alfort_94046\/une-plage-a-20-minutes-du-metro-c-est-ouf-a-maisons-alfort-la-baignade-dans-la-marne-enfin-autorisee_62856296.html\" target=\"_blank\" rel=\"noopener\">Maisons-Alfort<\/a>, Saint-Maur-des-Foss\u00e9s et Champigny-sur-Marne.<\/p>\n<p class=\" wall-content\">Suivez toute l\u2019actualit\u00e9 de vos villes et m\u00e9dias favoris en vous inscrivant \u00e0 <a href=\"https:\/\/moncompte.actu.fr\" title=\"D\u00e9couvez Mon Actu\" rel=\"nofollow noopener\" data-trk=\"{&quot;cta&quot;:{&quot;action&quot;:&quot;https:\\\/\\\/moncompte.actu.fr&quot;,&quot;category&quot;:&quot;mon compte&quot;,&quot;from&quot;:&quot;article footer&quot;,&quot;name&quot;:&quot;Mon actu&quot;,&quot;type&quot;:&quot;cta&quot;}}\" target=\"_blank\">Mon Actu<\/a>.<\/p>\n","protected":false},"excerpt":{"rendered":"Par Antoine Grotteria Publi\u00e9 le 20 juil. 2025 \u00e0 9h34 \u00ab\u2009Un succ\u00e8s\u2009\u00bb, selon la ministre des Sports. Interrog\u00e9e&hellip;\n","protected":false},"author":2,"featured_media":260633,"comment_status":"","ping_status":"","sticky":false,"template":"","format":"standard","meta":{"footnotes":""},"categories":[1888],"tags":[1111,1928,11,1927,1777,674,1011,27,7941,5353,12,1926,626,1925,25,104],"class_list":{"0":"post-260632","1":"post","2":"type-post","3":"status-publish","4":"format-standard","5":"has-post-thumbnail","7":"category-paris","8":"tag-actu","9":"tag-actu-paris","10":"tag-actualites","11":"tag-actualites-paris","12":"tag-eu","13":"tag-europe","14":"tag-fr","15":"tag-france","16":"tag-jo-paris-2024","17":"tag-la-seine","18":"tag-news","19":"tag-news-paris","20":"tag-paris","21":"tag-paris-news","22":"tag-republique-francaise","23":"tag-societe"},"share_on_mastodon":{"url":"https:\/\/pubeurope.com\/@fr\/114884519084821346","error":""},"_links":{"self":[{"href":"https:\/\/www.europesays.com\/fr\/wp-json\/wp\/v2\/posts\/260632","targetHints":{"allow":["GET"]}}],"collection":[{"href":"https:\/\/www.europesays.com\/fr\/wp-json\/wp\/v2\/posts"}],"about":[{"href":"https:\/\/www.europesays.com\/fr\/wp-json\/wp\/v2\/types\/post"}],"author":[{"embeddable":true,"href":"https:\/\/www.europesays.com\/fr\/wp-json\/wp\/v2\/users\/2"}],"replies":[{"embeddable":true,"href":"https:\/\/www.europesays.com\/fr\/wp-json\/wp\/v2\/comments?post=260632"}],"version-history":[{"count":0,"href":"https:\/\/www.europesays.com\/fr\/wp-json\/wp\/v2\/posts\/260632\/revisions"}],"wp:featuredmedia":[{"embeddable":true,"href":"https:\/\/www.europesays.com\/fr\/wp-json\/wp\/v2\/media\/260633"}],"wp:attachment":[{"href":"https:\/\/www.europesays.com\/fr\/wp-json\/wp\/v2\/media?parent=260632"}],"wp:term":[{"taxonomy":"category","embeddable":true,"href":"https:\/\/www.europesays.com\/fr\/wp-json\/wp\/v2\/categories?post=260632"},{"taxonomy":"post_tag","embeddable":true,"href":"https:\/\/www.europesays.com\/fr\/wp-json\/wp\/v2\/tags?post=260632"}],"curies":[{"name":"wp","href":"https:\/\/api.w.org\/{rel}","templated":true}]}}