{"id":260634,"date":"2025-07-20T08:03:14","date_gmt":"2025-07-20T08:03:14","guid":{"rendered":"https:\/\/www.europesays.com\/fr\/260634\/"},"modified":"2025-07-20T08:03:14","modified_gmt":"2025-07-20T08:03:14","slug":"paris-jean-castex-celebre-les-125-ans-du-metro-en-posant-une-plaque-a-la-station-porte-maillot","status":"publish","type":"post","link":"https:\/\/www.europesays.com\/fr\/260634\/","title":{"rendered":"Paris\u00a0: Jean Castex c\u00e9l\u00e8bre les 125\u00a0ans du m\u00e9tro en posant une plaque \u00e0 la station Porte Maillot"},"content":{"rendered":"<p class=\"paragraph text_align_left lp-f-body-02\">Il \u00e9tait temps de r\u00e9parer cette absence. <a href=\"https:\/\/www.leparisien.fr\/politique\/jean-castex\/\" target=\"_blank\" rel=\"noreferrer noopener\">Jean Castex<\/a>, le PDG du groupe RATP, a inaugur\u00e9 ce samedi 19 juillet la premi\u00e8re plaque comm\u00e9morant la naissance du m\u00e9tro parisien. Le panneau explicatif est visible \u00e0 la station porte Maillot, sur le quai de la ligne 1, en direction de Ch\u00e2teau de Vincennes.<\/p>\n<p class=\"paragraph text_align_left lp-f-body-02\">C\u2019est \u00e0 quelques pas de l\u00e0 <a href=\"https:\/\/www.leparisien.fr\/info-paris-ile-de-france-oise\/transports\/il-y-a-120-ans-les-parisiens-prenaient-le-metro-pour-la-premiere-fois-19-07-2020-8355174.php\" target=\"_blank\" rel=\"noreferrer noopener\">que le tout premier train souterrain du \u00ab m\u00e9tropolitain \u00bb<\/a> a transport\u00e9 ses premiers passagers, il y a exactement 125 ans, le 19 juillet 1900, vers 13 heures. F\u00e9ru d\u2019histoire ferroviaire, Jean Castex a pris le temps de raconter la \u00ab saga \u00bb de la naissance du m\u00e9tro parisien.<\/p>\n","protected":false},"excerpt":{"rendered":"Il \u00e9tait temps de r\u00e9parer cette absence. Jean Castex, le PDG du groupe RATP, a inaugur\u00e9 ce samedi&hellip;\n","protected":false},"author":2,"featured_media":260635,"comment_status":"","ping_status":"","sticky":false,"template":"","format":"standard","meta":{"footnotes":""},"categories":[1888],"tags":[1111,1928,11,1927,1777,674,1011,27,1944,12,1926,626,1925,25,2382],"class_list":{"0":"post-260634","1":"post","2":"type-post","3":"status-publish","4":"format-standard","5":"has-post-thumbnail","7":"category-paris","8":"tag-actu","9":"tag-actu-paris","10":"tag-actualites","11":"tag-actualites-paris","12":"tag-eu","13":"tag-europe","14":"tag-fr","15":"tag-france","16":"tag-ma-ville","17":"tag-news","18":"tag-news-paris","19":"tag-paris","20":"tag-paris-news","21":"tag-republique-francaise","22":"tag-transport-idf-oise"},"share_on_mastodon":{"url":"https:\/\/pubeurope.com\/@fr\/114884523015607733","error":""},"_links":{"self":[{"href":"https:\/\/www.europesays.com\/fr\/wp-json\/wp\/v2\/posts\/260634","targetHints":{"allow":["GET"]}}],"collection":[{"href":"https:\/\/www.europesays.com\/fr\/wp-json\/wp\/v2\/posts"}],"about":[{"href":"https:\/\/www.europesays.com\/fr\/wp-json\/wp\/v2\/types\/post"}],"author":[{"embeddable":true,"href":"https:\/\/www.europesays.com\/fr\/wp-json\/wp\/v2\/users\/2"}],"replies":[{"embeddable":true,"href":"https:\/\/www.europesays.com\/fr\/wp-json\/wp\/v2\/comments?post=260634"}],"version-history":[{"count":0,"href":"https:\/\/www.europesays.com\/fr\/wp-json\/wp\/v2\/posts\/260634\/revisions"}],"wp:featuredmedia":[{"embeddable":true,"href":"https:\/\/www.europesays.com\/fr\/wp-json\/wp\/v2\/media\/260635"}],"wp:attachment":[{"href":"https:\/\/www.europesays.com\/fr\/wp-json\/wp\/v2\/media?parent=260634"}],"wp:term":[{"taxonomy":"category","embeddable":true,"href":"https:\/\/www.europesays.com\/fr\/wp-json\/wp\/v2\/categories?post=260634"},{"taxonomy":"post_tag","embeddable":true,"href":"https:\/\/www.europesays.com\/fr\/wp-json\/wp\/v2\/tags?post=260634"}],"curies":[{"name":"wp","href":"https:\/\/api.w.org\/{rel}","templated":true}]}}