{"id":260640,"date":"2025-07-20T08:06:10","date_gmt":"2025-07-20T08:06:10","guid":{"rendered":"https:\/\/www.europesays.com\/fr\/260640\/"},"modified":"2025-07-20T08:06:10","modified_gmt":"2025-07-20T08:06:10","slug":"invasion-de-lukraine-la-russie-signale-de-nouvelles-attaques-de-drones-ukrainiens-contre-moscou","status":"publish","type":"post","link":"https:\/\/www.europesays.com\/fr\/260640\/","title":{"rendered":"Invasion de l?Ukraine &#8211; La Russie signale de nouvelles attaques de drones ukrainiens contre Moscou"},"content":{"rendered":"<p class=\"ap-StoryElement ap-StoryElement--mb ap-StoryText\">Une dizaine de r\u00e9gions ont \u00e9t\u00e9 touch\u00e9es, notamment celles de Briansk et de Koursk, limitrophes de l&rsquo;Ukraine. Pour l&rsquo;instant, on ne signale aucun d\u00e9g\u00e2t s\u00e9rieux ni aucune victime.<\/p>\n<p class=\"ap-StoryElement ap-StoryElement--mb ap-StoryText\">Pour des raisons de s\u00e9curit\u00e9, le trafic a\u00e9rien dans les quatre a\u00e9roports moscovites de Sheremetovo, Domodedovo, Zhukovsky et Vnukovo a \u00e9t\u00e9 temporairement interrompu, a rapport\u00e9 l&rsquo;agence de presse russe Tass.<\/p>\n","protected":false},"excerpt":{"rendered":"Une dizaine de r\u00e9gions ont \u00e9t\u00e9 touch\u00e9es, notamment celles de Briansk et de Koursk, limitrophes de l&rsquo;Ukraine. Pour&hellip;\n","protected":false},"author":2,"featured_media":2837,"comment_status":"","ping_status":"","sticky":false,"template":"","format":"standard","meta":{"footnotes":""},"categories":[1591],"tags":[11,1887,1146,12,1885,1886,132,220,809],"class_list":{"0":"post-260640","1":"post","2":"type-post","3":"status-publish","4":"format-standard","5":"has-post-thumbnail","7":"category-russie","8":"tag-actualites","9":"tag-federation-de-russie","10":"tag-guerre","11":"tag-news","12":"tag-russia","13":"tag-russian-federation","14":"tag-russie","15":"tag-ukraine","16":"tag-violence"},"share_on_mastodon":{"url":"https:\/\/pubeurope.com\/@fr\/114884534937371538","error":""},"_links":{"self":[{"href":"https:\/\/www.europesays.com\/fr\/wp-json\/wp\/v2\/posts\/260640","targetHints":{"allow":["GET"]}}],"collection":[{"href":"https:\/\/www.europesays.com\/fr\/wp-json\/wp\/v2\/posts"}],"about":[{"href":"https:\/\/www.europesays.com\/fr\/wp-json\/wp\/v2\/types\/post"}],"author":[{"embeddable":true,"href":"https:\/\/www.europesays.com\/fr\/wp-json\/wp\/v2\/users\/2"}],"replies":[{"embeddable":true,"href":"https:\/\/www.europesays.com\/fr\/wp-json\/wp\/v2\/comments?post=260640"}],"version-history":[{"count":0,"href":"https:\/\/www.europesays.com\/fr\/wp-json\/wp\/v2\/posts\/260640\/revisions"}],"wp:featuredmedia":[{"embeddable":true,"href":"https:\/\/www.europesays.com\/fr\/wp-json\/wp\/v2\/media\/2837"}],"wp:attachment":[{"href":"https:\/\/www.europesays.com\/fr\/wp-json\/wp\/v2\/media?parent=260640"}],"wp:term":[{"taxonomy":"category","embeddable":true,"href":"https:\/\/www.europesays.com\/fr\/wp-json\/wp\/v2\/categories?post=260640"},{"taxonomy":"post_tag","embeddable":true,"href":"https:\/\/www.europesays.com\/fr\/wp-json\/wp\/v2\/tags?post=260640"}],"curies":[{"name":"wp","href":"https:\/\/api.w.org\/{rel}","templated":true}]}}