{"id":260645,"date":"2025-07-20T08:09:12","date_gmt":"2025-07-20T08:09:12","guid":{"rendered":"https:\/\/www.europesays.com\/fr\/260645\/"},"modified":"2025-07-20T08:09:12","modified_gmt":"2025-07-20T08:09:12","slug":"le-royaume-uni-va-viser-apple-et-google-pour-de-nouvelles-amendes","status":"publish","type":"post","link":"https:\/\/www.europesays.com\/fr\/260645\/","title":{"rendered":"Le Royaume-Uni va viser Apple et Google pour de nouvelles amendes"},"content":{"rendered":"<p><strong>Le Royaume-Uni se pr\u00e9pare \u00e0 classer Apple et Google comme des entreprises d\u00e9tenant un \u00ab avantage de march\u00e9 strat\u00e9gique \u00bb sous sa nouvelle loi sur les march\u00e9s num\u00e9riques, la concurrence et les consommateurs (DMCC). Cette d\u00e9signation pourrait intervenir d\u00e8s la semaine prochaine, malgr\u00e9 les discussions commerciales en cours entre le Premier ministre britannique Keir Starmer et l\u2019administration Trump.<\/strong><\/p>\n<p><img loading=\"lazy\" decoding=\"async\" class=\"aligncenter size-large wp-image-410912\" src=\"https:\/\/www.europesays.com\/fr\/wp-content\/uploads\/2025\/07\/Apple-Store-Logo-1080x720.jpg\" alt=\"Apple Store Logo\" width=\"739\" height=\"493\"  \/><\/p>\n<p>Une r\u00e9glementation calqu\u00e9e sur le mod\u00e8le europ\u00e9en<\/p>\n<p>Selon le <a href=\"https:\/\/www.washingtonexaminer.com\/policy\/technology\/3475529\/uk-new-penalties-apple-google-trade-discussions-trump\/\" rel=\"external nofollow noopener\" target=\"_blank\">Washington Examiner<\/a>, cette annonce exposera Apple et Google \u00e0 de nouvelles amendes gouvernementales et \u00e0 des r\u00e9glementations sur mesure. L\u2019Autorit\u00e9 de la concurrence et des march\u00e9s (CMA) britannique <a href=\"https:\/\/iphoneaddict.fr\/post\/news-400312-apple-google-lobjet-dune-enquete-antitrust-royaume-uni-leurs-plateformes-mobiles\" rel=\"nofollow noopener\" target=\"_blank\">avait ouvert des enqu\u00eates sur Apple et Google en janvier<\/a>, marquant ainsi les premi\u00e8res entreprises am\u00e9ricaines \u00e0 \u00eatre \u00e9valu\u00e9es sous le statut de \u00ab march\u00e9 strat\u00e9gique \u00bb du DMCC.<\/p>\n<p>La loi DMCC, entr\u00e9e en vigueur plus t\u00f4t cette ann\u00e9e, reproduit \u00e9troitement les dispositions de la l\u00e9gislation sur les march\u00e9s num\u00e9riques (DMA) de l\u2019Union europ\u00e9enne. Cette derni\u00e8re avait d\u00e9j\u00e0 class\u00e9 Apple et Alphabet, la maison-m\u00e8re de Google, comme \u00ab gardiens \u00bb et avait collect\u00e9 des millions, voire des milliards d\u2019euros d\u2019amendes aupr\u00e8s de ces entreprises.<\/p>\n<p>En avril, la Commission europ\u00e9enne <a href=\"https:\/\/iphoneaddict.fr\/post\/news-405063-dma-apple-ecope-dune-amende-500-millions-euros-commission-europeenne\" rel=\"nofollow noopener\" target=\"_blank\">avait inflig\u00e9 une amende de 500 millions d\u2019euros \u00e0 Apple<\/a> pour sa non-conformit\u00e9 aux conditions du DMA concernant ses politiques relatives \u00e0 l\u2019App Store. En mai, l\u2019UE avait \u00e9galement trouv\u00e9 Google et Alphabet en violation du DMA pour avoir privil\u00e9gi\u00e9 leurs propres outils propri\u00e9taires dans les r\u00e9sultats de recherche en ligne.<\/p>\n<p>Apple exprime ses pr\u00e9occupations<\/p>\n<p>Un porte-parole d\u2019Apple a confirm\u00e9 au Washington Examiner que l\u2019entreprise se dit \u00ab\u00a0pr\u00e9occup\u00e9e\u00a0\u00bb par cette d\u00e9signation imminente. La firme de Cupertino estime que cette mesure \u00ab saperait les protections de confidentialit\u00e9 et de s\u00e9curit\u00e9 que nos utilisateurs attendent, entraverait notre capacit\u00e9 \u00e0 innover et nous forcerait \u00e0 donner gratuitement notre technologie \u00e0 des concurrents \u00e9trangers \u00bb.<\/p>\n<p>\u00ab\u00a0Nous continuerons \u00e0 dialoguer avec le r\u00e9gulateur pour nous assurer qu\u2019il comprend pleinement ces risques\u00a0\u00bb, a ajout\u00e9 le porte-parole. Cette r\u00e9action illustre les tensions croissantes entre les g\u00e9ants de la tech am\u00e9ricains et les r\u00e9gulateurs internationaux qui cherchent \u00e0 limiter leur influence dominante.<\/p>\n<p>Un contexte g\u00e9opolitique d\u00e9licat<\/p>\n<p>Cette initiative britannique intervient dans un contexte g\u00e9opolitique particulier, alors que Donald Trump a longuement critiqu\u00e9 le DMA europ\u00e9en. Le pr\u00e9sident am\u00e9ricain a qualifi\u00e9 cette l\u00e9gislation de l\u2019une des barri\u00e8res les plus probl\u00e9matiques auxquelles font face les entreprises technologiques am\u00e9ricaines \u00e0 l\u2019\u00e9tranger, tant pendant sa campagne qu\u2019une fois en fonction.<\/p>\n<p>Des responsables de la Maison-Blanche ont indiqu\u00e9 qu\u2019ils \u00e9taient au courant des intentions britanniques mais que celles-ci n\u2019affecteraient pas l\u2019accord commercial de mai entre Donald Trump et le Royaume-Uni, ni ses projets de voyage en \u00c9cosse et en Angleterre dans les semaines \u00e0 venir.<\/p>\n<p>Cette position sugg\u00e8re une approche diplomatique nuanc\u00e9e. N\u00e9anmoins, cette nouvelle r\u00e9glementation britannique s\u2019ajoute \u00e0 la pression r\u00e9glementaire croissante que subissent Apple et les autres sur les march\u00e9s internationaux, apr\u00e8s les mesures europ\u00e9ennes similaires.<\/p>\n","protected":false},"excerpt":{"rendered":"Le Royaume-Uni se pr\u00e9pare \u00e0 classer Apple et Google comme des entreprises d\u00e9tenant un \u00ab avantage de march\u00e9&hellip;\n","protected":false},"author":2,"featured_media":260646,"comment_status":"","ping_status":"","sticky":false,"template":"","format":"standard","meta":{"footnotes":""},"categories":[1588],"tags":[11,1777,674,323,12,473,1853,1851,1850,1852],"class_list":{"0":"post-260645","1":"post","2":"type-post","3":"status-publish","4":"format-standard","5":"has-post-thumbnail","7":"category-royaume-uni","8":"tag-actualites","9":"tag-eu","10":"tag-europe","11":"tag-google","12":"tag-news","13":"tag-royaume-uni","14":"tag-royaume-uni-de-grande-bretagne-et-dirlande-du-nord","15":"tag-uk","16":"tag-united-kingdom","17":"tag-united-kingdom-of-great-britain-and-northern-ireland"},"share_on_mastodon":{"url":"https:\/\/pubeurope.com\/@fr\/114884546708808023","error":""},"_links":{"self":[{"href":"https:\/\/www.europesays.com\/fr\/wp-json\/wp\/v2\/posts\/260645","targetHints":{"allow":["GET"]}}],"collection":[{"href":"https:\/\/www.europesays.com\/fr\/wp-json\/wp\/v2\/posts"}],"about":[{"href":"https:\/\/www.europesays.com\/fr\/wp-json\/wp\/v2\/types\/post"}],"author":[{"embeddable":true,"href":"https:\/\/www.europesays.com\/fr\/wp-json\/wp\/v2\/users\/2"}],"replies":[{"embeddable":true,"href":"https:\/\/www.europesays.com\/fr\/wp-json\/wp\/v2\/comments?post=260645"}],"version-history":[{"count":0,"href":"https:\/\/www.europesays.com\/fr\/wp-json\/wp\/v2\/posts\/260645\/revisions"}],"wp:featuredmedia":[{"embeddable":true,"href":"https:\/\/www.europesays.com\/fr\/wp-json\/wp\/v2\/media\/260646"}],"wp:attachment":[{"href":"https:\/\/www.europesays.com\/fr\/wp-json\/wp\/v2\/media?parent=260645"}],"wp:term":[{"taxonomy":"category","embeddable":true,"href":"https:\/\/www.europesays.com\/fr\/wp-json\/wp\/v2\/categories?post=260645"},{"taxonomy":"post_tag","embeddable":true,"href":"https:\/\/www.europesays.com\/fr\/wp-json\/wp\/v2\/tags?post=260645"}],"curies":[{"name":"wp","href":"https:\/\/api.w.org\/{rel}","templated":true}]}}