{"id":260647,"date":"2025-07-20T08:10:16","date_gmt":"2025-07-20T08:10:16","guid":{"rendered":"https:\/\/www.europesays.com\/fr\/260647\/"},"modified":"2025-07-20T08:10:16","modified_gmt":"2025-07-20T08:10:16","slug":"limprobable-course-delan-de-majri-avant-son-tir-au-but-rate-enflamme-les-reseaux-sociaux","status":"publish","type":"post","link":"https:\/\/www.europesays.com\/fr\/260647\/","title":{"rendered":"l&rsquo;improbable course d\u2019\u00e9lan de Majri avant son tir au but rat\u00e9 enflamme les r\u00e9seaux sociaux"},"content":{"rendered":"<p>Premi\u00e8re tireuse tricolore lors de la s\u00e9ance de tirs au but perdue face \u00e0 l\u2019Allemagne, en quart de finale de l\u2019Euro 2025 samedi \u00e0 B\u00e2le, la milieu de terrain Amel Majri a \u00e9chou\u00e9 apr\u00e8s une improbable course d\u2019\u00e9lan. Il n\u2019en fallait pas davantage pour enflammer les r\u00e9seaux sociaux.<\/p>\n<p>Les Bleues au tapis. L\u2019\u00e9quipe de France ne disputera pas les demi-finales de l\u2019Euro 2025 en Suisse. Les joueuses tricolores ont \u00e9t\u00e9 <a href=\"https:\/\/rmcsport.bfmtv.com\/football\/feminin\/euro\/direct-france-allemagne-suivez-le-quart-de-finale-de-l-euro-feminin-2025-en-live_LS-202507190054.html\" title=\"France-Allemagne: les Bleues \u00e9limin\u00e9es de l&#039;Euro 2025 avec d&#039;immenses regrets\" class=\"internal_link\" rel=\"nofollow noopener\" target=\"_blank\">\u00e9limin\u00e9es par leur b\u00eate noire, l\u2019Allemagne<\/a> \u00e0 l\u2019issue d\u2019une cruelle s\u00e9ance de tirs au but (1-1, 5 tab \u00e0 6). Amel Majri et Alice Sombath sont les deux Tricolores \u00e0 avoir \u00e9chou\u00e9 dans cet exercice.<\/p>\n<p>S\u2019il n\u2019y a pas grand-chose \u00e0 dire sur le penalty de la jeune d\u00e9fenseuse centrale, la milieu de terrain de 32 ans, premi\u00e8re tireuse fran\u00e7aise, s\u2019est illustr\u00e9e avec une course d\u2019\u00e9lan un peu particuli\u00e8re.<\/p>\n<p>Excentr\u00e9e sur le c\u00f4t\u00e9 droit, la gauch\u00e8re a d\u2019abord sembl\u00e9 imiter la trajectoire d\u2019un rugbyman au moment de tirer une p\u00e9nalit\u00e9 avant de pi\u00e9tiner face au ballon juste avant de tirer. Son tir a \u00e9t\u00e9 facilement repouss\u00e9 par la gardienne allemande Ann-Katrin Berger.<\/p>\n<p>\u00ab\u00a0Manette mal calibr\u00e9e, le joystick est rest\u00e9 plant\u00e9 \u00e0 droite&#8230;\u00a0\u00bb<\/p>\n<p>L\u2019\u00e9quipe de France \u00e9tait mal engag\u00e9e avec cette tentative de la Lyonnaise, imm\u00e9diatement moqu\u00e9e sur les r\u00e9seaux sociaux. \u00ab\u00a0C\u2019est du foot ou du saut en hauteur\u00a0\u00bb, s\u2019interroge un internaute. \u00ab\u00a0Manette mal calibr\u00e9e, le joystick est rest\u00e9 plant\u00e9 \u00e0 droite, c&rsquo;est la seule explication que je vois\u00a0\u00bb, s&rsquo;amuse un supporter tandis que les d\u00e9tournements se multiplient la toile. Et puis il y a ceux qui enragent vraiment : \u00ab\u00a0C\u2019est une honte\u00a0\u00bb, s\u2019emporte un fan qui a visiblement beaucoup de mal \u00e0 dig\u00e9rer la d\u00e9faite contre l&rsquo;Allemagne.<\/p>\n<p>Au-del\u00e0 de la malheureuse tentative de Majri, Laure Lepailleur, consultante pour RMC Sport, <a href=\"https:\/\/rmcsport.bfmtv.com\/football\/feminin\/euro\/c-est-scandaleux-lepailleur-fustige-le-match-des-bleues-eliminees-de-l-euro-2025-par-l-allemagne_AV-202507200090.html\" title=\"&quot;C&#039;est scandaleux&quot;: Lepailleur fustige le match des Bleues, \u00e9limin\u00e9es de l&#039;Euro 2025 par l&#039;Allemagne\" class=\"internal_link\" rel=\"nofollow noopener\" target=\"_blank\">a elle d\u00e9plor\u00e9 la prestation d&rsquo;ensemble des Bleues<\/a>. \u00ab\u00a0Pourquoi je dis que c&rsquo;est scandaleux? Parce que le sc\u00e9nario du match \u00e9tait favorable \u00e0 l&rsquo;\u00e9quipe de France\u00a0\u00bb, a lanc\u00e9 celle qui a port\u00e9 \u00e0 38 reprises le maillot des Bleues. \u00ab\u00a0Au d\u00e9part, il y avait deux \u00e9quipes qui s&rsquo;observaient et puis il y a ce fait de jeu qui te permet d&rsquo;obtenir d&rsquo;avoir un p\u00e9nalty et une exclusion de l&rsquo;autre c\u00f4t\u00e9.\u00a0\u00bb \u00ab\u00a0Tu m\u00e8nes 1-0 et tu vas jouer 75 minutes \u00e0 11 contre 10. Derri\u00e8re, il y a cette f\u00e9brilit\u00e9 qui s&rsquo;installe du c\u00f4t\u00e9 de l&rsquo;\u00e9quipe de France\u00a0\u00bb, a jug\u00e9 Lepailleur, \u00e9galement \u00ab\u00a0surprise\u00a0\u00bb par \u00ab\u00a0la pauvret\u00e9 technique\u00a0\u00bb de ce match.<\/p>\n","protected":false},"excerpt":{"rendered":"Premi\u00e8re tireuse tricolore lors de la s\u00e9ance de tirs au but perdue face \u00e0 l\u2019Allemagne, en quart de&hellip;\n","protected":false},"author":2,"featured_media":260648,"comment_status":"","ping_status":"","sticky":false,"template":"","format":"standard","meta":{"footnotes":""},"categories":[1587],"tags":[11,672,1804,1805,1803,1777,674,1801,12,1802],"class_list":{"0":"post-260647","1":"post","2":"type-post","3":"status-publish","4":"format-standard","5":"has-post-thumbnail","7":"category-allemagne","8":"tag-actualites","9":"tag-allemagne","10":"tag-bundesrepublik-deutschland","11":"tag-de","12":"tag-deutschland","13":"tag-eu","14":"tag-europe","15":"tag-germany","16":"tag-news","17":"tag-republique-federale-dallemagne"},"share_on_mastodon":{"url":"https:\/\/pubeurope.com\/@fr\/114884550635473128","error":""},"_links":{"self":[{"href":"https:\/\/www.europesays.com\/fr\/wp-json\/wp\/v2\/posts\/260647","targetHints":{"allow":["GET"]}}],"collection":[{"href":"https:\/\/www.europesays.com\/fr\/wp-json\/wp\/v2\/posts"}],"about":[{"href":"https:\/\/www.europesays.com\/fr\/wp-json\/wp\/v2\/types\/post"}],"author":[{"embeddable":true,"href":"https:\/\/www.europesays.com\/fr\/wp-json\/wp\/v2\/users\/2"}],"replies":[{"embeddable":true,"href":"https:\/\/www.europesays.com\/fr\/wp-json\/wp\/v2\/comments?post=260647"}],"version-history":[{"count":0,"href":"https:\/\/www.europesays.com\/fr\/wp-json\/wp\/v2\/posts\/260647\/revisions"}],"wp:featuredmedia":[{"embeddable":true,"href":"https:\/\/www.europesays.com\/fr\/wp-json\/wp\/v2\/media\/260648"}],"wp:attachment":[{"href":"https:\/\/www.europesays.com\/fr\/wp-json\/wp\/v2\/media?parent=260647"}],"wp:term":[{"taxonomy":"category","embeddable":true,"href":"https:\/\/www.europesays.com\/fr\/wp-json\/wp\/v2\/categories?post=260647"},{"taxonomy":"post_tag","embeddable":true,"href":"https:\/\/www.europesays.com\/fr\/wp-json\/wp\/v2\/tags?post=260647"}],"curies":[{"name":"wp","href":"https:\/\/api.w.org\/{rel}","templated":true}]}}