{"id":260655,"date":"2025-07-20T08:14:24","date_gmt":"2025-07-20T08:14:24","guid":{"rendered":"https:\/\/www.europesays.com\/fr\/260655\/"},"modified":"2025-07-20T08:14:24","modified_gmt":"2025-07-20T08:14:24","slug":"le-prince-albert-ii-fete-ses-20-ans-de-regne-en-communion-avec-les-monegasques","status":"publish","type":"post","link":"https:\/\/www.europesays.com\/fr\/260655\/","title":{"rendered":"Le prince Albert II f\u00eate ses 20 ans de r\u00e8gne en communion avec les Mon\u00e9gasques"},"content":{"rendered":"<p>Convivialit\u00e9 et simplicit\u00e9 \u00e9taient les ma\u00eetres mots de cette soir\u00e9e d\u2019anniversaire organis\u00e9e par le prince Albert II de Monaco sur la place du Palais princier. Le prince souverain a f\u00eat\u00e9 ses 20 ans de r\u00e8gne avec la princesse Charl\u00e8ne, leurs jumeaux, le prince h\u00e9r\u00e9ditaire Jacques et la princesse Gabriella. Le prince Albert II voulait que cet anniversaire se d\u00e9roule en communion avec la population. Avant les discours et l\u2019arriv\u00e9e de l\u2019impressionnante pi\u00e8ce mont\u00e9e aux couleurs de Monaco, les princesses Caroline et St\u00e9phanie sont arriv\u00e9es avec leurs enfants, beaux-enfants et petits-enfants.<\/p>\n<p><strong>Lire aussi : <a href=\"https:\/\/histoiresroyales.fr\/princesse-charlene-robe-style-antique-76e-gala-croix-rouge-monegasque\/\" target=\"_blank\" rel=\"noopener\">La princesse Charl\u00e8ne porte ses diamants et une robe de style antique au 76e gala de la Croix-Rouge mon\u00e9gasque<\/a><\/strong><\/p>\n<p>C\u00e9l\u00e9brations des 20 ans de r\u00e8gne du prince Albert II de Monaco en toute convivialit\u00e9<\/p>\n<p>Ce 19 juillet 2025, le <a href=\"https:\/\/histoiresroyales.fr\/famille-princiere-monegasque\/albert-ii-de-monaco\/\" target=\"_blank\" rel=\"noopener\">prince Albert II<\/a> a tout autant c\u00e9l\u00e9br\u00e9 sa proximit\u00e9 avec la population mon\u00e9gasque que son anniversaire de r\u00e8gne. \u00c0 l\u2019occasion de ses 20 ans sur le tr\u00f4ne de la Principaut\u00e9, des festivit\u00e9s \u00e9taient organis\u00e9es sur la place du Palais. Stands de nourriture, activit\u00e9s et animations \u00e9taient au programme. Mon\u00e9gasques et r\u00e9sidents mon\u00e9gasques \u00e9taient invit\u00e9s \u00e0 faire la f\u00eate en toute simplicit\u00e9 autour du souverain et de sa famille.<\/p>\n<p><img fetchpriority=\"high\" decoding=\"async\" width=\"1300\" height=\"867\" src=\"https:\/\/www.europesays.com\/fr\/wp-content\/uploads\/2025\/07\/prince-albert-ii-fete-20-ans-regne.jpg\" alt=\"\" class=\"wp-image-213607 lazyload\" data-  \/>Le prince Albert II et la princesse Charl\u00e8ne avec leurs jumeaux ce 19 juillet 2025 (Photo : Olivier Huitel\/ABACAPRESS.COM)<\/p>\n<p><img loading=\"lazy\" decoding=\"async\" width=\"1300\" height=\"734\" src=\"https:\/\/www.europesays.com\/fr\/wp-content\/uploads\/2025\/07\/palais-princier-stands-20-ans-regne.jpg\" alt=\"\" class=\"wp-image-213603 lazyload\" data-  \/>Les Mon\u00e9gasques et les r\u00e9sidents mon\u00e9gasques r\u00e9unis sur la place du Palais (Image : Gouvernement princier)<\/p>\n<p><strong>Lire aussi : <a href=\"https:\/\/histoiresroyales.fr\/camille-gottlieb-hommage-princesse-grace-robe-iconique-portee-grand-mere-film-hitchcock\/\" target=\"_blank\" rel=\"noopener\">Camille Gottlieb rend hommage \u00e0 la princesse Grace dans une robe iconique port\u00e9e par sa grand-m\u00e8re dans un film d\u2019Hitchcock<\/a><\/strong><\/p>\n<p>Le 31 mars 2005, alors que la sant\u00e9 du prince Rainier III est d\u00e9clinante, le souverain confie la r\u00e9gence de la Principaut\u00e9 \u00e0 son fils Albert. La r\u00e9gence sera de courte dur\u00e9e, Rainier d\u00e9c\u00e8de \u00e0 81 ans, le 6 avril, et son fils, le prince Albert II lui succ\u00e8de ce jour-l\u00e0 sur le tr\u00f4ne mon\u00e9gasque. Comme le veut la tradition, une p\u00e9riode de deuil est respect\u00e9e et le nouveau souverain ne peut donc pas se r\u00e9jouir du r\u00e8gne qu\u2019il entame. C\u2019est pourquoi, le 12 juillet 2005, une fois la p\u00e9riode de deuil de trois mois termin\u00e9e, Albert a publiquement pris sa fonction de chef d\u2019\u00c9tat. Il fera ensuite co\u00efncider la f\u00eate nationale du 19 novembre avec les c\u00e9r\u00e9monies officielles d\u2019intronisation qui seront organis\u00e9es autour de cette date.<\/p>\n<p><img loading=\"lazy\" decoding=\"async\" width=\"1300\" height=\"1149\" src=\"https:\/\/www.europesays.com\/fr\/wp-content\/uploads\/2025\/07\/enfants-monaco-jacques-gabriella-20-ans-regne.jpg\" alt=\"\" class=\"wp-image-213609 lazyload\" data-  \/>Le prince Albert de Monaco \u00e0 la rencontre de la population devant le palais princier avec ses enfants et son \u00e9pouse (Photo : Olivier Huitel\/ABACAPRESS.COM)<\/p>\n<p><img loading=\"lazy\" decoding=\"async\" width=\"1346\" height=\"1776\" src=\"https:\/\/www.europesays.com\/fr\/wp-content\/uploads\/2025\/07\/Monaco-Ville-palais-princier-carte.jpg\" alt=\"\" class=\"wp-image-213601 lazyload\" data-  \/>Les festivit\u00e9s se sont d\u00e9roul\u00e9es sur la place du Palais princier (Image : Histoires Royales)<\/p>\n<p><strong>Lire aussi : <a href=\"https:\/\/histoiresroyales.fr\/prince-hereditaire-jacques-dgabriella-albert-charlene-assister-embrasement-saint-jean\/\" target=\"_blank\" rel=\"noopener\">Le prince h\u00e9r\u00e9ditaire Jacques de plus en plus \u00e0 l\u2019aise lors de l\u2019embrasement du feu de la Saint-Jean en famille<\/a><\/strong><\/p>\n<p>Albert II, Charl\u00e8ne, Jacques et Gabriella de Monaco parmi la population mon\u00e9gasque pour c\u00e9l\u00e9brer deux d\u00e9cennies sur le tr\u00f4ne<\/p>\n<p>La date du 19 juillet a \u00e9t\u00e9 choisie cette ann\u00e9e pour c\u00e9l\u00e9brer ce 20e anniversaire de r\u00e8gne. Selon la Bible (L\u00e9vitique), un jubil\u00e9 \u00e9tait organis\u00e9 tous les cinquante ans par les juifs pour comm\u00e9morer la lib\u00e9ration de l\u2019exil \u00e0 Babylone. Les jubil\u00e9s catholiques ont lieu tous les 25 ans et plusieurs monarchies ont embo\u00eet\u00e9 le pas, d\u2019abord dans les pays anglo-saxons pour organiser des jubil\u00e9s en l\u2019honneur des souverains. Le premier jubil\u00e9 est celui du 25e anniversaire de r\u00e8gne, appel\u00e9 Jubil\u00e9 d\u2019argent. Il n\u2019y a donc pas de jubil\u00e9 avant les 25 ans de r\u00e8gne, c\u2019est pourquoi outre cette f\u00eate populaire organis\u00e9e ce samedi 19 juillet, il n\u2019y aura aucune c\u00e9r\u00e9monie plus solennelle cette ann\u00e9e. Il faudra donc attendre 2030 !<\/p>\n<p><img loading=\"lazy\" decoding=\"async\" width=\"1300\" height=\"867\" src=\"https:\/\/www.europesays.com\/fr\/wp-content\/uploads\/2025\/07\/population-enfants-20-ans-de-regne-jacques-gabriella.jpg\" alt=\"\" class=\"wp-image-213611 lazyload\" data-  \/>Les Mon\u00e9gasques veulent aussi serrer la main du prince h\u00e9r\u00e9ditaire Jacques et de la princesse Gabriella (Photo : Olivier Huitel\/ABACAPRESS.COM)<\/p>\n<p><img loading=\"lazy\" decoding=\"async\" width=\"1400\" height=\"796\" src=\"https:\/\/www.europesays.com\/fr\/wp-content\/uploads\/2025\/07\/palais-princier-population-monegasque-20-ans-regne.jpg\" alt=\"\" class=\"wp-image-213605 lazyload\" data-  \/>Une c\u00e9l\u00e9bration en toute convivialit\u00e9 pour les 20 ans de r\u00e8gne du prince Albert II (Image : Gouvernement princier)<\/p>\n<p><strong>Lire aussi : <a href=\"https:\/\/histoiresroyales.fr\/princesse-charlene-jumeaux-partagent-moment-decontracte-complice-brigitte-macron-jardin-palais-princier-de-monaco\/\" target=\"_blank\" rel=\"noopener\">La princesse Charl\u00e8ne et ses jumeaux partagent un moment d\u00e9contract\u00e9 et complice avec Brigitte Macron dans le jardin du palais princier de Monaco<\/a><\/strong><\/p>\n<p>La princesse Charl\u00e8ne, 47 ans, a particip\u00e9 \u00e0 ce bain de foule avec le prince h\u00e9r\u00e9ditaire Jacques et la princesse Gabriella. Les jumeaux de 10 ans ont serr\u00e9 quelques centaines de mains ce samedi en fin d\u2019apr\u00e8s-midi, d\u00e9j\u00e0 habitu\u00e9s \u00e0 de tels \u00e9v\u00e9nements en communion avec la population. <\/p>\n<p><img loading=\"lazy\" decoding=\"async\" width=\"935\" height=\"1400\" src=\"https:\/\/www.europesays.com\/fr\/wp-content\/uploads\/2025\/07\/princesse-charlene-de-monaco-20-ans-regne-enfants-935x1400.jpg\" alt=\"\" class=\"wp-image-213619 lazyload\" data-  \/>La princesse Charl\u00e8ne et ses jumeaux croisent des enfants dans la foule (Photo : Olivier Huitel\/ABACAPRESS.COM)<\/p>\n<p><strong>Lire aussi : <a href=\"https:\/\/histoiresroyales.fr\/princesse-charlene-brigitte-macron-couleurs-monegasques-diner-detat-historique-palais-princier-de-monaco\/\" target=\"_blank\" rel=\"noopener\">La princesse Charl\u00e8ne et Brigitte Macron dans les couleurs mon\u00e9gasques pour le d\u00eener d\u2019\u00c9tat historique au palais princier de Monaco<\/a><\/strong><\/p>\n<p>Les danseuses de La Palladienne et l\u2019orchestre des Carabiniers du Prince participaient \u00e0 l\u2019ambiance. Cette f\u00eate, entre bain de foule, animations, serrage de mains et \u00e9changes avec les Mon\u00e9gasques \u00e9tait \u00e0 l\u2019image de ce qu\u2019esp\u00e9rait le souverain. D\u00e8s sa premi\u00e8re prise de parole officielle en tant que chef d\u2019\u00c9tat en 2005, Albert avait mis la population et l\u2019exemplarit\u00e9 des citoyens mon\u00e9gasques au centre de son discours.<\/p>\n<p><img loading=\"lazy\" decoding=\"async\" width=\"934\" height=\"1400\" src=\"https:\/\/www.europesays.com\/fr\/wp-content\/uploads\/2025\/07\/princesse-charlene-enfant-bras-population-20-ans-regne-934x1400.jpg\" alt=\"\" class=\"wp-image-213621 lazyload\" data-  \/>Moment de tendresse pour la princesse Charl\u00e8ne qui prend un b\u00e9b\u00e9 dans les bras (Photo : Olivier Huitel\/ABACAPRESS.COM)<\/p>\n<p>La famille princi\u00e8re se joint au couple princier avant l\u2019arriv\u00e9e de l\u2019impressionnante pi\u00e8ce mont\u00e9e<\/p>\n<p>Apr\u00e8s avoir d\u00e9ambul\u00e9 parmi la population, le couple princier est mont\u00e9 sur la sc\u00e8ne et les autres membres de la famille princi\u00e8re ont fait leur apparition. La princesse Caroline et la princesse St\u00e9phanie, les deux s\u0153urs du prince Albert, \u00e9taient pr\u00e9sentes avec leurs enfants, beaux-enfants et petits-enfants. Le maire de Monaco, Georges Marsan, a prononc\u00e9 le premier discours de la soir\u00e9e, laissant ensuite la place au prince Albert.<\/p>\n<p><img loading=\"lazy\" decoding=\"async\" width=\"1300\" height=\"867\" src=\"https:\/\/www.europesays.com\/fr\/wp-content\/uploads\/2025\/07\/prince-albert-entoure-famille-discours.jpg\" alt=\"\" class=\"wp-image-213617 lazyload\" data-  \/>S\u0153urs, neveux, ni\u00e8ces et petits-neveux du chef de l\u2019\u00c9tat r\u00e9unis pour \u00e9couter les discours (Photo : David Nivi\u00e8re\/ABACAPRESS.COM)<\/p>\n<p><img loading=\"lazy\" decoding=\"async\" width=\"959\" height=\"1400\" src=\"https:\/\/www.europesays.com\/fr\/wp-content\/uploads\/2025\/07\/prince-albert-de-monaco-discours-20-ans-regne-959x1400.jpg\" alt=\"\" class=\"wp-image-213613 lazyload\" data-  \/>Le prince Albert II prononce un discours pour ses 20 ans de r\u00e8gne (Photo : David Nivi\u00e8re\/ABACAPRESS.COM)<\/p>\n<p><img loading=\"lazy\" decoding=\"async\" width=\"1300\" height=\"1247\" src=\"https:\/\/www.europesays.com\/fr\/wp-content\/uploads\/2025\/07\/princesse-stephanie-princesse-caroline-stefano-ercole-discours.jpg\" alt=\"\" class=\"wp-image-213629 lazyload\" data-  \/>Marie Ducruet, Pauline Ducruet, Stefani Casiraghi, la princesse Caroline de Hanovre et la princese St\u00e9phanie de Monaco (Photo : David Nivi\u00e8re\/ABACAPRESS.COM)<\/p>\n<p>Dans son discours, le prince Albert a remerci\u00e9 sa famille. Albert de Monaco a eu une pens\u00e9e pour son p\u00e8re et il a \u00e9voqu\u00e9 sa vision pour la Principaut\u00e9. Le chef de l\u2019\u00c9tat s\u2019est aussi dit confiant quant \u00e0 l\u2019avenir. \u00ab\u00a0Nous devons avoir conscience de la chance que nous avons, conscience du bonheur de vivre \u00e0 Monaco, et conscience de la force des liens qui nous unissent. En ce qui me concerne, je demeure aussi d\u00e9termin\u00e9, aussi motiv\u00e9 et aussi confiant que je l\u2019ai \u00e9t\u00e9 il y a 20 ans. \u00bb<\/p>\n<p><img loading=\"lazy\" decoding=\"async\" width=\"1300\" height=\"866\" src=\"https:\/\/www.europesays.com\/fr\/wp-content\/uploads\/2025\/07\/prince-albert-de-monaco-enfants-embrasser-bisous-discorus.jpg\" alt=\"\" class=\"wp-image-213615 lazyload\" data-  \/>Moment d\u2019\u00e9motion apr\u00e8s les discours (Photo : David Nivi\u00e8re\/ABACAPRESS.COM)<\/p>\n<p><img loading=\"lazy\" decoding=\"async\" width=\"1300\" height=\"867\" src=\"https:\/\/www.europesays.com\/fr\/wp-content\/uploads\/2025\/07\/piece-montee-prince-albert-gateau-20-ans.jpg\" alt=\"\" class=\"wp-image-213623 lazyload\" data-  \/>L\u2019\u00e9norme pi\u00e8ce mont\u00e9e en macarons rouges et blancs fait son apparition (Photo : David Nivi\u00e8re\/ABACAPRESS.COM)<\/p>\n<p>La famille princi\u00e8re a ensuite rejoint les Mon\u00e9gasques pour poursuivre ce moment de partage. Alors que le soleil commen\u00e7ait \u00e0 faiblir, une \u00e9norme pi\u00e8ce mont\u00e9e de macarons rouges et blancs est arriv\u00e9e. Les membres de la famille ont aid\u00e9 le prince \u00e0 partager la sculpture comestible avec la population.<\/p>\n<p>\t\t\t\t<img loading=\"lazy\" alt=\"Avatar photo\" src=\"https:\/\/www.europesays.com\/fr\/wp-content\/uploads\/2025\/04\/1516945716303-164x164.jpeg\"  class=\"avatar avatar-164 photo lazyload\" height=\"164\" width=\"164\" decoding=\"async\"\/><br \/>\n\t\t<a href=\"https:\/\/histoiresroyales.fr\/author\/royaliste123\/\" target=\"_blank\" rel=\"noopener\">Nicolas Fontaine<\/a><br \/>\n\t\t\t\t\tR\u00e9dacteur en chef<\/p>\n<p>Nicolas Fontaine a \u00e9t\u00e9 concepteur-r\u00e9dacteur et auteur pour de nombreuses marques et m\u00e9dias belges et fran\u00e7ais. Sp\u00e9cialiste de l&rsquo;actualit\u00e9 des familles royales, Nicolas a fond\u00e9 le site Histoires royales dont il est le r\u00e9dacteur en chef.&#13;<br \/>\n&#13;<br \/>\nnicolas@histoiresroyales.fr<\/p>\n<p>\t\t\t\t\t\t\t<a href=\"https:\/\/twitter.com\/ActusRoyales\" class=\"boxed-icon fill twitter\" target=\"_blank\" rel=\"noopener\"><\/a><br \/>\n\t\t\t\t\t\t\t\t\t<a href=\"https:\/\/www.instagram.com\/histoiresroyales.fr\/\" class=\"boxed-icon fill instagram\" target=\"_blank\" rel=\"noopener\"><\/a><\/p>\n<p>\t\t\t\t\t\t\t\t\t\t\t\t\t<script async src=\"https:\/\/platform.twitter.com\/widgets.js\" charset=\"utf-8\"><\/script><script async src=\"\/\/www.instagram.com\/embed.js\"><\/script><\/p>\n","protected":false},"excerpt":{"rendered":"Convivialit\u00e9 et simplicit\u00e9 \u00e9taient les ma\u00eetres mots de cette soir\u00e9e d\u2019anniversaire organis\u00e9e par le prince Albert II de&hellip;\n","protected":false},"author":2,"featured_media":260656,"comment_status":"","ping_status":"","sticky":false,"template":"","format":"standard","meta":{"footnotes":""},"categories":[2],"tags":[11,40064,3581,40065,25250,1011,27,40066,40067,40068,12,25,24031],"class_list":{"0":"post-260655","1":"post","2":"type-post","3":"status-publish","4":"format-standard","5":"has-post-thumbnail","7":"category-actualites","8":"tag-actualites","9":"tag-albert-i-de-monaco","10":"tag-anniversaire","11":"tag-caroline-de-hanovre","12":"tag-charlu00e8ne-de-monaco","13":"tag-fr","14":"tag-france","15":"tag-gabriella-de-monaco","16":"tag-jacques-de-monaco","17":"tag-jubilu00e9","18":"tag-news","19":"tag-republique-francaise","20":"tag-stu00e9phanie-de-monaco"},"share_on_mastodon":{"url":"https:\/\/pubeurope.com\/@fr\/114884568983156048","error":""},"_links":{"self":[{"href":"https:\/\/www.europesays.com\/fr\/wp-json\/wp\/v2\/posts\/260655","targetHints":{"allow":["GET"]}}],"collection":[{"href":"https:\/\/www.europesays.com\/fr\/wp-json\/wp\/v2\/posts"}],"about":[{"href":"https:\/\/www.europesays.com\/fr\/wp-json\/wp\/v2\/types\/post"}],"author":[{"embeddable":true,"href":"https:\/\/www.europesays.com\/fr\/wp-json\/wp\/v2\/users\/2"}],"replies":[{"embeddable":true,"href":"https:\/\/www.europesays.com\/fr\/wp-json\/wp\/v2\/comments?post=260655"}],"version-history":[{"count":0,"href":"https:\/\/www.europesays.com\/fr\/wp-json\/wp\/v2\/posts\/260655\/revisions"}],"wp:featuredmedia":[{"embeddable":true,"href":"https:\/\/www.europesays.com\/fr\/wp-json\/wp\/v2\/media\/260656"}],"wp:attachment":[{"href":"https:\/\/www.europesays.com\/fr\/wp-json\/wp\/v2\/media?parent=260655"}],"wp:term":[{"taxonomy":"category","embeddable":true,"href":"https:\/\/www.europesays.com\/fr\/wp-json\/wp\/v2\/categories?post=260655"},{"taxonomy":"post_tag","embeddable":true,"href":"https:\/\/www.europesays.com\/fr\/wp-json\/wp\/v2\/tags?post=260655"}],"curies":[{"name":"wp","href":"https:\/\/api.w.org\/{rel}","templated":true}]}}