{"id":260659,"date":"2025-07-20T08:16:14","date_gmt":"2025-07-20T08:16:14","guid":{"rendered":"https:\/\/www.europesays.com\/fr\/260659\/"},"modified":"2025-07-20T08:16:14","modified_gmt":"2025-07-20T08:16:14","slug":"combles-en-barrois-le-championnat-de-meuse-de-golf-passe-par-combles-en-barrois","status":"publish","type":"post","link":"https:\/\/www.europesays.com\/fr\/260659\/","title":{"rendered":"Combles-en-Barrois. Le championnat de Meuse de golf passe par Combles-en- Barrois"},"content":{"rendered":"<p>\u00ab\u00a0Je suis tr\u00e8s heureuse d\u2019avoir jou\u00e9 une belle partie et d\u00e9ploy\u00e9 un bon golf\u00a0\u00bb, applaudit Elisabeth Garnier, tandis qu\u2019elle se hisse sur la plus haute marche meusienne du golf. Pour son homologue masculin Mathieu Quarenghi, champion chez les s\u00e9niors hommes, c\u2019est la m\u00eame satisfaction d\u2019avoir v\u00e9cu une belle aventure sportive. \u00c0 l\u2019image de nos champions du jour, les golfeurs meusiens avaient tous rendez-vous ce dimanche sur les fairways de Combles-en-Barrois. Magnifique \u00e9crin de verdure et haut lieu de la pratique golfique, le golf du Sud meusien accueillait en effet le championnat individuel de golf de la Meuse. <\/p>\n<p>\u00ab\u00a0C\u2019est notre championnat de Meuse adultes qui a r\u00e9uni 38 participants issus des 3 golfs meusiens de Combles, Madine et Verdun\u00a0\u00bb, d\u00e9marre Pascal Talabas, le pr\u00e9sident du Comit\u00e9 Meuse de Golf, l\u2019association organisatrice. <\/p>\n<p>  De bons scores<\/p>\n<p>Outil dynamique de promotion sportive, le comit\u00e9 mutualise en effet tous les moyens pour aider les 3 clubs meusiens \u00e0 cr\u00e9er des animations et des comp\u00e9titions. Toujours en ordre de marche pour \u00e9pauler l\u2019activit\u00e9 golfique, le comit\u00e9 Meuse de golf \u00e9tait donc aux manettes de ce rendez-vous estival pour d\u00e9cerner les titres honorifiques de champions meusiens. <\/p>\n<p>\u00ab\u00a0Nous avons eu un peu de pluie mais le terrain est magnifique et nous sommes toujours tr\u00e8s bien accueillis. C\u2019est un plaisir de travailler avec le golf de Combles\u00a0\u00bb, souligne le pr\u00e9sident organisateur. <\/p>\n<p>Se mesurant sportivement, les comp\u00e9titeurs issus des quatre coins du d\u00e9partement s\u2019en sont donn\u00e9 \u00e0 c\u0153ur joie pour aboutir \u00e0 de bons scores. Tous ont cherch\u00e9 \u00e0 cumuler le minimum de points, r\u00e9ussissant parfois l\u2019exploit de faire plusieurs coups au-dessous du par. <\/p>\n<p>La remise des titres et des r\u00e9compenses s\u2019est d\u00e9roul\u00e9e sur la terrasse du club-house avec les vifs remerciements adress\u00e9s \u00e0 tous les comp\u00e9titeurs et les b\u00e9n\u00e9voles.<\/p>\n<p>  Le classement du championnat d\u00e9partemental adultes<\/p>\n<p>Chez les dames, le championnat a rendu son verdict avec la victoire d\u2019Elisabeth Garnier du golf de Madine qui remporte la 1re\u00a0 place avec 29 points. Pour les messieurs seniors, c\u2019est Mathieu Quarenghi issu du golf de Madine qui s\u2019est impos\u00e9 avec 29 points. Chez les seniors 1, c\u2019est Bruno Jaffr\u00e9 de Combles-en-Barrois avec 32 points qui se hisse sur la 1re\u00a0 marche tandis que le Comblais Jean Fortelle avec 30 points s\u2019impose chez les seniors 2. Enfin, la cat\u00e9gorie des seniors 3 a d\u00e9livr\u00e9 son champion avec le Comblais Thierry Dabrowski qui a seulement cumul\u00e9 25 points.<\/p>\n","protected":false},"excerpt":{"rendered":"\u00ab\u00a0Je suis tr\u00e8s heureuse d\u2019avoir jou\u00e9 une belle partie et d\u00e9ploy\u00e9 un bon golf\u00a0\u00bb, applaudit Elisabeth Garnier, tandis&hellip;\n","protected":false},"author":2,"featured_media":260660,"comment_status":"","ping_status":"","sticky":false,"template":"","format":"standard","meta":{"footnotes":""},"categories":[1418],"tags":[40070,40069,3602,10174,1011,27,1472,104,60,1631],"class_list":{"0":"post-260659","1":"post","2":"type-post","3":"status-publish","4":"format-standard","5":"has-post-thumbnail","7":"category-golf","8":"tag-ca-de-bar-le-duc-sud-meuse-55a","9":"tag-combles-en-barrois","10":"tag-edition-bar-le-duc","11":"tag-edition-verdun","12":"tag-fr","13":"tag-france","14":"tag-golf","15":"tag-societe","16":"tag-sports","17":"tag-vie-associative"},"share_on_mastodon":{"url":"https:\/\/pubeurope.com\/@fr\/114884574126190248","error":""},"_links":{"self":[{"href":"https:\/\/www.europesays.com\/fr\/wp-json\/wp\/v2\/posts\/260659","targetHints":{"allow":["GET"]}}],"collection":[{"href":"https:\/\/www.europesays.com\/fr\/wp-json\/wp\/v2\/posts"}],"about":[{"href":"https:\/\/www.europesays.com\/fr\/wp-json\/wp\/v2\/types\/post"}],"author":[{"embeddable":true,"href":"https:\/\/www.europesays.com\/fr\/wp-json\/wp\/v2\/users\/2"}],"replies":[{"embeddable":true,"href":"https:\/\/www.europesays.com\/fr\/wp-json\/wp\/v2\/comments?post=260659"}],"version-history":[{"count":0,"href":"https:\/\/www.europesays.com\/fr\/wp-json\/wp\/v2\/posts\/260659\/revisions"}],"wp:featuredmedia":[{"embeddable":true,"href":"https:\/\/www.europesays.com\/fr\/wp-json\/wp\/v2\/media\/260660"}],"wp:attachment":[{"href":"https:\/\/www.europesays.com\/fr\/wp-json\/wp\/v2\/media?parent=260659"}],"wp:term":[{"taxonomy":"category","embeddable":true,"href":"https:\/\/www.europesays.com\/fr\/wp-json\/wp\/v2\/categories?post=260659"},{"taxonomy":"post_tag","embeddable":true,"href":"https:\/\/www.europesays.com\/fr\/wp-json\/wp\/v2\/tags?post=260659"}],"curies":[{"name":"wp","href":"https:\/\/api.w.org\/{rel}","templated":true}]}}