{"id":260661,"date":"2025-07-20T08:18:17","date_gmt":"2025-07-20T08:18:17","guid":{"rendered":"https:\/\/www.europesays.com\/fr\/260661\/"},"modified":"2025-07-20T08:18:17","modified_gmt":"2025-07-20T08:18:17","slug":"y-a-t-il-eu-un-en-avant-sur-le-deuxieme-essai-des-all-blacks-signe-lienert-brown","status":"publish","type":"post","link":"https:\/\/www.europesays.com\/fr\/260661\/","title":{"rendered":"Y a-t-il eu un en-avant sur le deuxi\u00e8me essai des All Blacks sign\u00e9 Lienert-Brown\u00a0?"},"content":{"rendered":"<p>            Par<br \/>\n        <strong><br \/>\n            <a href=\"https:\/\/actu.fr\/auteur\/lucas-bertolotto\" title=\"Consulter tous les articles de Lucas Bertolotto\" target=\"_blank\" rel=\"noopener\">Lucas Bertolotto<\/a><br \/>\n        <\/strong><\/p>\n<p>        Publi\u00e9 le<\/p>\n<p>            19 juil. 2025 \u00e0 12h32        <\/p>\n<p>Le <strong>XV de France<\/strong> a connu sa troisi\u00e8me d\u00e9faite en trois matchs face \u00e0 la <strong>Nouvelle-Z\u00e9lande<\/strong> ce samedi (19-29). Un revers logique apr\u00e8s la domination des <strong>All Blacks<\/strong> en seconde p\u00e9riode mais un fait de jeu survenu en toute fin de premier acte peut remettre en cause le sc\u00e9nario de la partie.\u00a0<\/p>\n<p>Un en-avant sur le deuxi\u00e8me essai des All Blacks ?<\/p>\n<p class=\" wall-content\">Les Bleus ont r\u00e9alis\u00e9 une tr\u00e8s belle premi\u00e8re p\u00e9riode face aux <strong>All Blacks<\/strong> ce samedi. Malgr\u00e9 leur d\u00e9faite \u00e0 Hamilton, les joueurs de <strong>Fabien Galthi\u00e9<\/strong> ont tenu t\u00eate aux <strong>N\u00e9o-Z\u00e9landais<\/strong> pendant 40 minutes en r\u00e9alisant un grand d\u00e9but de match et ils menaient m\u00eame de deux points \u00e0 la pause (19-17).\u00a0<\/p>\n<p class=\" wall-content\">\n<p class=\" wall-content\">Un \u00e9cart qui aurait pu \u00eatre plus cons\u00e9quent si l\u2019arbitre avait fait appel \u00e0 la vid\u00e9o pour revoir le deuxi\u00e8me essai des <strong>Blacks<\/strong> juste apr\u00e8s la sir\u00e8ne sign\u00e9 <strong>Anton Lienert-Brown<\/strong>. Alors que le premier essai de <strong>Will Jordan<\/strong> provient d\u2019une <a href=\"https:\/\/actu.fr\/sports\/rugby\/pro\/les-notes-de-nouvelle-zelande-france-29-19-guillard-a-tout-donne-barre-a-la-faute_62932458.html\" target=\"_blank\" rel=\"noopener\">erreur d\u00e9fensive tricolore<\/a>, le deuxi\u00e8me, lui, peut \u00eatre un peu plus contest\u00e9.\u00a0<\/p>\n<p class=\" wall-content\">Tout le monde s\u2019est concentr\u00e9 sur la passe saut\u00e9e de Will Jordan pour <strong>Sevu Reece<\/strong> au d\u00e9but de l\u2019action. Si elle semble \u00e0 la limite de l\u2019en-avant, cette longue transmission pour d\u00e9caler l\u2019ailier en bout de ligne est juste parfaite afin de faire le break au sein de la d\u00e9fense fran\u00e7aise.\u00a0<\/p>\n<p>Pas d\u2019arbitrage vid\u00e9o sur cette action<\/p>\n<p class=\" wall-content\">Mais c\u2019est un peu plus tard, sur cette m\u00eame action, qu\u2019une faute de mains semble intervenir avant l\u2019essai de Lienert-Brown. Sur un plaquage de <strong>Nolann Le Garrec<\/strong>, le deuxi\u00e8me ligne <strong>Fabian Holland<\/strong> semble perdre la possession du ballon en passant par le sol. Si plusieurs joueurs fran\u00e7ais demandent un en-avant \u00e0 l\u2019image de <strong>Ga\u00ebl Fickou<\/strong>, l\u2019arbitre <a href=\"https:\/\/actu.fr\/sports\/rugby\/xv-de-france\/maladie-dupont-qui-est-angus-gardner-l-arbitre-de-nouvelle-zelande-france_62930144.html\" target=\"_blank\" rel=\"noopener\">Angus Gardner<\/a> laisse se d\u00e9rouler l\u2019action qui se terminera dans l\u2019en-but tricolore.\u00a0<\/p>\n<p>Vid\u00e9os : en ce moment sur Actu<\/p>\n<p class=\" wall-content\">\n<p class=\" wall-content\">L\u2019arbitre australien n\u2019ayant pas fait appel \u00e0 la vid\u00e9o pour revoir cette action, ni m\u00eame la premi\u00e8re passe \u00e0 la limite de l\u2019en-avant, l\u2019essai a bien \u00e9t\u00e9 valid\u00e9 pour permettre aux <strong>Blacks<\/strong> de revenir \u00e0 deux points des <strong>Bleus<\/strong> seulement \u00e0 la pause. Un appel qui aurait pourtant permis de trancher entre en-avant ou ballon volontairement l\u00e2ch\u00e9 au sol pour repartir, et qui n\u2019aurait laiss\u00e9 planer aucun doute\u2026<\/p>\n<p class=\" wall-content\">Suivez toute l\u2019actualit\u00e9 de vos villes et m\u00e9dias favoris en vous inscrivant \u00e0 <a href=\"https:\/\/moncompte.actu.fr\" title=\"D\u00e9couvez Mon Actu\" rel=\"nofollow noopener\" data-trk=\"{&quot;cta&quot;:{&quot;action&quot;:&quot;https:\\\/\\\/moncompte.actu.fr&quot;,&quot;category&quot;:&quot;mon compte&quot;,&quot;from&quot;:&quot;article footer&quot;,&quot;name&quot;:&quot;Mon actu&quot;,&quot;type&quot;:&quot;cta&quot;}}\" target=\"_blank\">Mon Actu<\/a>.<\/p>\n","protected":false},"excerpt":{"rendered":"Par Lucas Bertolotto Publi\u00e9 le 19 juil. 2025 \u00e0 12h32 Le XV de France a connu sa troisi\u00e8me&hellip;\n","protected":false},"author":2,"featured_media":260662,"comment_status":"","ping_status":"","sticky":false,"template":"","format":"standard","meta":{"footnotes":""},"categories":[1416],"tags":[2305,1011,27,3788,479,1468,60,513],"class_list":{"0":"post-260661","1":"post","2":"type-post","3":"status-publish","4":"format-standard","5":"has-post-thumbnail","7":"category-rugby","8":"tag-all-blacks","9":"tag-fr","10":"tag-france","11":"tag-pro","12":"tag-rugby","13":"tag-rugby-football","14":"tag-sports","15":"tag-xv-de-france"},"share_on_mastodon":{"url":"https:\/\/pubeurope.com\/@fr\/114884582075953370","error":""},"_links":{"self":[{"href":"https:\/\/www.europesays.com\/fr\/wp-json\/wp\/v2\/posts\/260661","targetHints":{"allow":["GET"]}}],"collection":[{"href":"https:\/\/www.europesays.com\/fr\/wp-json\/wp\/v2\/posts"}],"about":[{"href":"https:\/\/www.europesays.com\/fr\/wp-json\/wp\/v2\/types\/post"}],"author":[{"embeddable":true,"href":"https:\/\/www.europesays.com\/fr\/wp-json\/wp\/v2\/users\/2"}],"replies":[{"embeddable":true,"href":"https:\/\/www.europesays.com\/fr\/wp-json\/wp\/v2\/comments?post=260661"}],"version-history":[{"count":0,"href":"https:\/\/www.europesays.com\/fr\/wp-json\/wp\/v2\/posts\/260661\/revisions"}],"wp:featuredmedia":[{"embeddable":true,"href":"https:\/\/www.europesays.com\/fr\/wp-json\/wp\/v2\/media\/260662"}],"wp:attachment":[{"href":"https:\/\/www.europesays.com\/fr\/wp-json\/wp\/v2\/media?parent=260661"}],"wp:term":[{"taxonomy":"category","embeddable":true,"href":"https:\/\/www.europesays.com\/fr\/wp-json\/wp\/v2\/categories?post=260661"},{"taxonomy":"post_tag","embeddable":true,"href":"https:\/\/www.europesays.com\/fr\/wp-json\/wp\/v2\/tags?post=260661"}],"curies":[{"name":"wp","href":"https:\/\/api.w.org\/{rel}","templated":true}]}}